{"id":993198,"date":"2026-06-11T14:49:20","date_gmt":"2026-06-11T14:49:20","guid":{"rendered":"https:\/\/www.europesays.com\/fr\/993198\/"},"modified":"2026-06-11T14:49:20","modified_gmt":"2026-06-11T14:49:20","slug":"salah-abdeslam-aurait-menace-le-directeur-de-la-prison-ou-il-est-incarcere-ses-restrictions-de","status":"publish","type":"post","link":"https:\/\/www.europesays.com\/fr\/993198\/","title":{"rendered":"Salah Abdeslam aurait menac\u00e9 le directeur de la prison o\u00f9 il est incarc\u00e9r\u00e9, ses restrictions de"},"content":{"rendered":"<p>Le bras de fer judiciaire continue entre <a href=\"https:\/\/rennes.maville.com\/actu\/actudet_-projet-d-attentat-cle-usb-illegale...-tout-comprendre-aux-deux-enquetes-en-cours-autour-de-salah-abdeslam-_54135-7057561_actu.Htm\" target=\"_self\" rel=\"nofollow noopener\">Salah Abdeslam<\/a> et l\u2019administration p\u00e9nitentiaire\u00a0: le maintien de restrictions pour ses parloirs a \u00e9t\u00e9 valid\u00e9 par la justice, au vu de nouveaux \u00e9l\u00e9ments, notamment le fait qu\u2019il aurait menac\u00e9 le directeur de sa prison, rapporte l\u2019Agence France-Presse\u00a0(AFP).<\/p>\n<p>\u00ab\u00a0La dangerosit\u00e9 persistante de M. Abdeslam\u00a0\u00bb<\/p>\n<p>Dans une nouvelle ordonnance rendue mercredi 10\u00a0juin 2026 et consult\u00e9e jeudi par l\u2019AFP, le tribunal administratif de Lille a rejet\u00e9 la demande de Salah Abdeslam de lever le dispositif de s\u00e9paration par hygiaphone au parloir qui lui est actuellement impos\u00e9. Le juge des r\u00e9f\u00e9r\u00e9s a \u00e9t\u00e9 sensible \u00e0 de nouveaux \u00e9l\u00e9ments apport\u00e9s en d\u00e9fense par l\u2019administration p\u00e9nitentiaire.<\/p>\n<p><strong>Lire aussi\u00a0:<\/strong>\u00a0<a href=\"https:\/\/paris.maville.com\/actu\/actudet_-recit.-attentats-du-13-novembre-il-y-a-dix-ans-la-traque-pour-retrouver-les-terroristes-s-achevait-a-saint-denis-_54135-7067724_actu.Htm\" target=\"_self\" rel=\"nofollow noopener\">R\u00c9CIT. Attentats du 13-Novembre\u00a0: il y a dix ans, la traque pour retrouver les terroristes s\u2019achevait \u00e0 Saint-Denis<\/a><\/p>\n<p>Selon cette derni\u00e8re, Salah Abdeslam a demand\u00e9 le 4\u00a0avril \u00e0 un autre d\u00e9tenu <strong>\u00ab\u00a0s\u2019il pouvait se procurer l\u2019adresse du directeur de sa prison, afin qu\u2019il envoie\u00a0\u2018\u2018 deux ou trois gars\u2019\u2019 pour faire une \u2018\u2018 catastrophe\u2019\u2019, sans \u2018\u2018 vouloir attendre 2086\u2019\u2019 \u00bb<\/strong>. Salah Abdeslam d\u00e9ment de tels propos.<\/p>\n<p>Plusieurs visiteuses, dont sa m\u00e8re, ont aussi tent\u00e9 de lui remettre des produits interdits lors de parloirs\u00a0: nourriture, parfum, huile essentielle ou encore un objet en plastique pour massage, toujours selon l\u2019administration p\u00e9nitentiaire.<\/p>\n<p><strong>\u00ab\u00a0Ces \u00e9l\u00e9ments d\u00e9montrent la dangerosit\u00e9 persistante de M. Abdeslam et la volont\u00e9 de ses proches de commettre des actes irr\u00e9guliers \u00e0 l\u2019occasion des parloirs, justifiant qu\u2019il ne b\u00e9n\u00e9ficie plus de parloirs ordinaires\u00a0\u00bb<\/strong>, a estim\u00e9 le minist\u00e8re de la Justice dans son m\u00e9moire en d\u00e9fense.<\/p>\n<p>Un assouplissement des conditions de parloir finalement supprim\u00e9<\/p>\n<p>D\u00e9but avril, <a href=\"https:\/\/lens.maville.com\/actu\/actudet_-la-justice-ordonne-a-l-etat-d-assouplir-les-conditions-de-parloir-de-salah-abdeslam-_54135-7287700_actu.Htm\" target=\"_self\" rel=\"nofollow noopener\">le tribunal administratif de Lille avait ordonn\u00e9 \u00e0 l\u2019\u00c9tat d\u2019assouplir les conditions de parloir de Salah Abdeslam<\/a>, ajoutant m\u00eame par la suite une astreinte financi\u00e8re de 100\u00a0\u20ac par jour si l\u2019administration p\u00e9nitentiaire ne respectait pas cette injonction. Mais compte tenu des nouveaux \u00e9l\u00e9ments apport\u00e9s par l\u2019administration, la justice a d\u00e9j\u00e0 supprim\u00e9 cette astreinte financi\u00e8re depuis le 20\u00a0mai.<\/p>\n<p>Salah Abdeslam, dernier membre en vie du commando des attentats du 13\u00a0novembre 2015 \u00e0 Paris, purge une peine de r\u00e9clusion \u00e0 perp\u00e9tuit\u00e9 \u00e0 la prison de haute de s\u00e9curit\u00e9 de Vendin-le-Vieil\u00a0(Pas-de-Calais), o\u00f9 il est plac\u00e9 \u00e0 l\u2019isolement.<\/p>\n<p>Selon les observations de son avocat Me Beno\u00eet David, cit\u00e9es dans la nouvelle ordonnance du tribunal r\u00e9v\u00e9l\u00e9e par le quotidien r\u00e9gional La Voix du Nord, les menaces verbales reproch\u00e9es \u00e0 son client ont \u00e9t\u00e9 <strong>\u00ab\u00a0sorties de mani\u00e8re opportune par l\u2019administration, sans que ce soit v\u00e9rifiable et contestable\u00a0\u00bb<\/strong>.<\/p>\n<p><a href=\"https:\/\/rennes.maville.com\/actu\/actudet_-la-mere-et-la-soeur-de-salah-abdeslam-placees-en-garde-a-vue-puis-liberees-_53511-7277834_actu.Htm\" target=\"_self\" rel=\"nofollow noopener\">La m\u00e8re et la s\u0153ur d\u2019Abdeslam avaient \u00e9t\u00e9 arr\u00eat\u00e9es en avril avant un parloir<\/a> puis lib\u00e9r\u00e9es au bout de 48\u00a0heures, sans poursuites judiciaires. Fin 2025, Salah Abdeslam lui-m\u00eame avait \u00e9t\u00e9 plac\u00e9 en garde \u00e0 vue apr\u00e8s la d\u00e9couverte d\u2019une cl\u00e9 USB remise par une ex-compagne au parloir, qui contenait de la propagande <strong>\u00ab\u00a0d\u2019organisations terroristes, \u00c9tat islamique ou Al-Qa\u00efda\u00a0\u00bb<\/strong> selon le parquet national antiterroriste.<\/p>\n<p>\u00a0<\/p>\n","protected":false},"excerpt":{"rendered":"Le bras de fer judiciaire continue entre Salah Abdeslam et l\u2019administration p\u00e9nitentiaire\u00a0: le maintien de restrictions pour ses&hellip;\n","protected":false},"author":2,"featured_media":993199,"comment_status":"","ping_status":"","sticky":false,"template":"","format":"standard","meta":{"footnotes":"","_share_on_mastodon":"0"},"categories":[2815],"tags":[104275,1111,11,7889,1777,674,1011,27,811,16507,1307,104276,1147,12,36970,806,25,16524,7371],"class_list":["post-993198","post","type-post","status-publish","format-standard","has-post-thumbnail","category-lille","tag-abdeslam","tag-actu","tag-actualites","tag-directeur","tag-eu","tag-europe","tag-fr","tag-france","tag-hauts-de-france","tag-incarcere","tag-lille","tag-maintenues","tag-menace","tag-news","tag-parloir","tag-prison","tag-republique-francaise","tag-restrictions","tag-salah"],"share_on_mastodon":{"url":"https:\/\/pubeurope.com\/@fr\/116732032977521231","error":""},"_links":{"self":[{"href":"https:\/\/www.europesays.com\/fr\/wp-json\/wp\/v2\/posts\/993198","targetHints":{"allow":["GET"]}}],"collection":[{"href":"https:\/\/www.europesays.com\/fr\/wp-json\/wp\/v2\/posts"}],"about":[{"href":"https:\/\/www.europesays.com\/fr\/wp-json\/wp\/v2\/types\/post"}],"author":[{"embeddable":true,"href":"https:\/\/www.europesays.com\/fr\/wp-json\/wp\/v2\/users\/2"}],"replies":[{"embeddable":true,"href":"https:\/\/www.europesays.com\/fr\/wp-json\/wp\/v2\/comments?post=993198"}],"version-history":[{"count":0,"href":"https:\/\/www.europesays.com\/fr\/wp-json\/wp\/v2\/posts\/993198\/revisions"}],"wp:featuredmedia":[{"embeddable":true,"href":"https:\/\/www.europesays.com\/fr\/wp-json\/wp\/v2\/media\/993199"}],"wp:attachment":[{"href":"https:\/\/www.europesays.com\/fr\/wp-json\/wp\/v2\/media?parent=993198"}],"wp:term":[{"taxonomy":"category","embeddable":true,"href":"https:\/\/www.europesays.com\/fr\/wp-json\/wp\/v2\/categories?post=993198"},{"taxonomy":"post_tag","embeddable":true,"href":"https:\/\/www.europesays.com\/fr\/wp-json\/wp\/v2\/tags?post=993198"}],"curies":[{"name":"wp","href":"https:\/\/api.w.org\/{rel}","templated":true}]}}