{"id":99322,"date":"2025-05-14T12:18:09","date_gmt":"2025-05-14T12:18:09","guid":{"rendered":"https:\/\/www.europesays.com\/fr\/99322\/"},"modified":"2025-05-14T12:18:09","modified_gmt":"2025-05-14T12:18:09","slug":"tres-fier-de-toi-cristiano-ronaldo-reagit-a-la-premiere-selection-de-son-fils-avec-le-portugal","status":"publish","type":"post","link":"https:\/\/www.europesays.com\/fr\/99322\/","title":{"rendered":"\u00ab Tr\u00e8s fier de toi ! \u00bb, Cristiano Ronaldo r\u00e9agit \u00e0 la premi\u00e8re s\u00e9lection de son fils avec le Portugal"},"content":{"rendered":"<p><strong>LE SCAN SPORT <\/strong>&#8211; Ce mardi, le fils de Cristiano Ronaldo a fait ses d\u00e9buts avec l\u2019\u00e9quipe des moins de quinze ans du Portugal.<\/p>\n<p class=\"fig-paragraph\">Num\u00e9ro 7, m\u00eame attitude&#8230; Cristiano Ronaldo Junior marche sur les pas de son papa. Ce mardi, le fils de CR7, n\u00e9 en 2010, a fait ses d\u00e9buts avec la s\u00e9lection portugaise des moins de 15 ans, sous les yeux de la maman de l\u2019attaquant d\u2019Al-Nassr.<\/p>\n<p class=\"fig-paragraph\">Entr\u00e9 en jeu \u00e0 la 54e, le gar\u00e7on de 14 ans n\u2019a pas marqu\u00e9 de buts mais son \u00e9quipe s\u2019est tout de m\u00eame impos\u00e9e 4-1 face au Japon, dans un tournoi en Croatie. Apr\u00e8s la rencontre, Cristiano Ronaldo a exprim\u00e9 sa fiert\u00e9 sur son compte Instagram. \u00abF\u00e9licitations pour tes d\u00e9buts fils. Tr\u00e8s fier de toi\u00a0!\u00bb, a not\u00e9 le capitaine du Portugal.<\/p>\n<p class=\"fig-paragraph\">Avec\u00a0<a href=\"https:\/\/www.lefigaro.fr\/sports\/football\/euro-2016\/actualites\/le-portugal-brise-le-reve-bleu-en-finale-de-l-euro-2016-814500\" data-fig-type=\"Article\" data-gtm-custom-categorie=\"navigation\" data-gtm-custom-action=\"crossclick\" data-gtm-custom-label=\"Contextuel\" data-gtm-event=\"customEventSPE\" data-fig-domain=\"LEFIGARO\" target=\"_blank\" rel=\"noopener\">un Euro<\/a>, une Ligue des nations et 136 buts en s\u00e9lections, CR7 junior est encore loin des standards de son papa.<\/p>\n<p class=\"fig-paragraph\"><strong>\u00c0 VOIR AUSSI \u2013<\/strong> Le joli doubl\u00e9 de Ronaldo avec Al-Nassr contre Al-Riyadh en championnat saoudien le 12 avril dernier (2-1)<\/p>\n<p>\u00a0\u00bb<br \/>\n        data-script=\u00a0\u00bbhttps:\/\/static.lefigaro.fr\/widget-video\/short-ttl\/dugout\/index.js\u00a0\u00bb<br \/>\n    &gt;<\/p>\n","protected":false},"excerpt":{"rendered":"LE SCAN SPORT &#8211; Ce mardi, le fils de Cristiano Ronaldo a fait ses d\u00e9buts avec l\u2019\u00e9quipe des&hellip;\n","protected":false},"author":2,"featured_media":99323,"comment_status":"","ping_status":"","sticky":false,"template":"","format":"standard","meta":{"footnotes":""},"categories":[2],"tags":[11,454,69,448,83,451,13282,64,450,449,1011,27,452,4977,453,66,446,447,12,6996,70,455],"class_list":{"0":"post-99322","1":"post","2":"type-post","3":"status-publish","4":"format-standard","5":"has-post-thumbnail","7":"category-actualites","8":"tag-actualites","9":"tag-ballon-dor","10":"tag-bundesliga","11":"tag-champions-league","12":"tag-coupe-de-france","13":"tag-coupe-du-monde","14":"tag-cristiano-ronaldo","15":"tag-equipe-de-france","16":"tag-euro","17":"tag-europa-league","18":"tag-fr","19":"tag-france","20":"tag-italie","21":"tag-le-scan-sport","22":"tag-liga","23":"tag-ligue-1","24":"tag-ligue-2","25":"tag-ligue-des-champions","26":"tag-news","27":"tag-portugal","28":"tag-premier-league","29":"tag-uefa"},"share_on_mastodon":{"url":"https:\/\/pubeurope.com\/@fr\/114506150996414085","error":""},"_links":{"self":[{"href":"https:\/\/www.europesays.com\/fr\/wp-json\/wp\/v2\/posts\/99322","targetHints":{"allow":["GET"]}}],"collection":[{"href":"https:\/\/www.europesays.com\/fr\/wp-json\/wp\/v2\/posts"}],"about":[{"href":"https:\/\/www.europesays.com\/fr\/wp-json\/wp\/v2\/types\/post"}],"author":[{"embeddable":true,"href":"https:\/\/www.europesays.com\/fr\/wp-json\/wp\/v2\/users\/2"}],"replies":[{"embeddable":true,"href":"https:\/\/www.europesays.com\/fr\/wp-json\/wp\/v2\/comments?post=99322"}],"version-history":[{"count":0,"href":"https:\/\/www.europesays.com\/fr\/wp-json\/wp\/v2\/posts\/99322\/revisions"}],"wp:featuredmedia":[{"embeddable":true,"href":"https:\/\/www.europesays.com\/fr\/wp-json\/wp\/v2\/media\/99323"}],"wp:attachment":[{"href":"https:\/\/www.europesays.com\/fr\/wp-json\/wp\/v2\/media?parent=99322"}],"wp:term":[{"taxonomy":"category","embeddable":true,"href":"https:\/\/www.europesays.com\/fr\/wp-json\/wp\/v2\/categories?post=99322"},{"taxonomy":"post_tag","embeddable":true,"href":"https:\/\/www.europesays.com\/fr\/wp-json\/wp\/v2\/tags?post=99322"}],"curies":[{"name":"wp","href":"https:\/\/api.w.org\/{rel}","templated":true}]}}