{"id":99324,"date":"2025-05-14T12:19:14","date_gmt":"2025-05-14T12:19:14","guid":{"rendered":"https:\/\/www.europesays.com\/fr\/99324\/"},"modified":"2025-05-14T12:19:14","modified_gmt":"2025-05-14T12:19:14","slug":"la-police-hausse-encore-le-ton","status":"publish","type":"post","link":"https:\/\/www.europesays.com\/fr\/99324\/","title":{"rendered":"la police hausse encore le ton"},"content":{"rendered":"<p>Ils n\u2019ont pas forc\u00e9ment tous compris ce qu\u2019il se passait dans leur train\u2026 Ce mardi 13\u00a0mai, les passagers du TER en provenance de Lyon\/Part-Dieu, \u00e0 destination de Saint-Etienne\/Ch\u00e2teaucreux ont vu monter de nombreux effectifs de la police nationale en gare de Rive-de-Gier, peu apr\u00e8s 15 heures. En pr\u00e9sence de Marine Morin, cheffe de la Division nationale de la s\u00e9curisation des transports en commun, les usagers des TER ont \u00e9t\u00e9 contr\u00f4l\u00e9s. Billets, produits stup\u00e9fiants, armes, les forces de l\u2019ordre ont souhait\u00e9 passer un message \u00ab\u00a0pour conseiller et rassurer nos concitoyens\u00a0\u00bb comme l\u2019explique cette derni\u00e8re.<\/p>\n<p>\u00c0 l\u2019arriv\u00e9e en terre st\u00e9phanoise, les \u00e9quipages \u00e9taient accueillis par le Directeur interd\u00e9partemental de la police nationale, Yves Cellier. L\u2019occasion pour ce dernier de mettre en exergue le renforcement de la brigade de s\u00e9curisation des transports en commun\u00a0: \u00ab Nous avons doubl\u00e9 les effectifs qui atteignent aujourd\u2019hui dix personnels\u00a0\u00bb. Et de rajouter\u00a0: \u00ab\u00a0on ne peut pas affirmer que la s\u00e9curit\u00e9 dans les transports est une priorit\u00e9 et ne peut pas se donner les moyens n\u00e9cessaires \u00e0 un bon fonctionnement\u00a0\u00bb.<\/p>\n<p>  Une hausse de 633\u00a0% des interpellations li\u00e9es au port d\u2019armes<\/p>\n<p>De fait, les statistiques connaissent une croissance exponentielle. Entre le 1er \u00a0 janvier et le 31\u00a0avril 2024, 55 interpellations avaient \u00e9t\u00e9 r\u00e9alis\u00e9es par l\u2019unit\u00e9 de s\u00e9curisation des transports en commun. Cette ann\u00e9e, sur la m\u00eame p\u00e9riode, ce sont 119 personnes qui ont \u00e9t\u00e9 arr\u00eat\u00e9es, soit une hausse de 116\u00a0%. Parmi elles, les affaires de stup\u00e9fiants (+300\u00a0%) ou les ports d\u2019armes (+633\u00a0%) explosent litt\u00e9ralement.<\/p>\n<p>Le patron des policiers de la Loire a rappel\u00e9 que \u00ab\u00a0dans la Loire, un acte de violences est perp\u00e9tr\u00e9 tous les deux jours dans les transports en commun mais cela est en train de changer gr\u00e2ce \u00e0 l\u2019implication des \u00e9quipes et les moyens que l\u2019on peut obtenir gr\u00e2ce au plan de restauration de la s\u00e9curit\u00e9 du quotidien lanc\u00e9 par le ministre de l\u2019Int\u00e9rieur, <a href=\"https:\/\/www.leprogres.fr\/p\/bruno-retailleau\" target=\"_blank\" rel=\"nofollow noopener\">Bruno Retailleau<\/a>\u00a0\u00bb.<\/p>\n","protected":false},"excerpt":{"rendered":"Ils n\u2019ont pas forc\u00e9ment tous compris ce qu\u2019il se passait dans leur train\u2026 Ce mardi 13\u00a0mai, les passagers&hellip;\n","protected":false},"author":2,"featured_media":99325,"comment_status":"","ping_status":"","sticky":false,"template":"","format":"standard","meta":{"footnotes":""},"categories":[9653],"tags":[1111,11,2430,3206,7539,1777,674,274,1011,27,3367,12,25,4001,7538,104,2803],"class_list":{"0":"post-99324","1":"post","2":"type-post","3":"status-publish","4":"format-standard","5":"has-post-thumbnail","7":"category-saint-etienne","8":"tag-actu","9":"tag-actualites","10":"tag-auvergne-rhone-alpes","11":"tag-defense-guerre-conflit","12":"tag-edition-loire-sud","13":"tag-eu","14":"tag-europe","15":"tag-faits-divers-justice","16":"tag-fr","17":"tag-france","18":"tag-loire","19":"tag-news","20":"tag-republique-francaise","21":"tag-saint-etienne","22":"tag-saint-etienne-ville","23":"tag-societe","24":"tag-transport"},"share_on_mastodon":{"url":"https:\/\/pubeurope.com\/@fr\/114506155064997567","error":""},"_links":{"self":[{"href":"https:\/\/www.europesays.com\/fr\/wp-json\/wp\/v2\/posts\/99324","targetHints":{"allow":["GET"]}}],"collection":[{"href":"https:\/\/www.europesays.com\/fr\/wp-json\/wp\/v2\/posts"}],"about":[{"href":"https:\/\/www.europesays.com\/fr\/wp-json\/wp\/v2\/types\/post"}],"author":[{"embeddable":true,"href":"https:\/\/www.europesays.com\/fr\/wp-json\/wp\/v2\/users\/2"}],"replies":[{"embeddable":true,"href":"https:\/\/www.europesays.com\/fr\/wp-json\/wp\/v2\/comments?post=99324"}],"version-history":[{"count":0,"href":"https:\/\/www.europesays.com\/fr\/wp-json\/wp\/v2\/posts\/99324\/revisions"}],"wp:featuredmedia":[{"embeddable":true,"href":"https:\/\/www.europesays.com\/fr\/wp-json\/wp\/v2\/media\/99325"}],"wp:attachment":[{"href":"https:\/\/www.europesays.com\/fr\/wp-json\/wp\/v2\/media?parent=99324"}],"wp:term":[{"taxonomy":"category","embeddable":true,"href":"https:\/\/www.europesays.com\/fr\/wp-json\/wp\/v2\/categories?post=99324"},{"taxonomy":"post_tag","embeddable":true,"href":"https:\/\/www.europesays.com\/fr\/wp-json\/wp\/v2\/tags?post=99324"}],"curies":[{"name":"wp","href":"https:\/\/api.w.org\/{rel}","templated":true}]}}