{"id":99326,"date":"2025-05-14T12:20:10","date_gmt":"2025-05-14T12:20:10","guid":{"rendered":"https:\/\/www.europesays.com\/fr\/99326\/"},"modified":"2025-05-14T12:20:10","modified_gmt":"2025-05-14T12:20:10","slug":"memes-de-lyon-sest-rendu-a-saint-etienne","status":"publish","type":"post","link":"https:\/\/www.europesays.com\/fr\/99326\/","title":{"rendered":"Memes de Lyon s\u2019est rendu \u00e0 Saint-\u00c9tienne"},"content":{"rendered":"<p>Un Lyonnais en pleine d\u00e9couverte de Saint-\u00c9tienne. Voici comment on pourrait r\u00e9sumer la derni\u00e8re vid\u00e9o de Memes de Lyon sur les r\u00e9seaux sociaux. L\u2019influenceur lyonnais a lanc\u00e9 une nouvelle s\u00e9rie dans laquelle il se rend dans les villes proches de Lyon. \u00ab\u00a0L\u2019id\u00e9e est d\u2019aller sur place pour me faire ma propre id\u00e9e sur elles, tout en gardant mon \u0153il lyonnais dessus\u00a0\u00bb, explique le jeune homme. Et quoi de mieux pour ce premier \u00e9pisode que d\u2019aller \u00e0 Saint-\u00c9tienne. \u00ab\u00a0Un ami m\u2019a dit que je devais venir faire un vlog \u00e0 Saint-\u00c9tienne si Lyon perdait le derby. J\u2019en ai profit\u00e9 pour lancer ma s\u00e9rie de vid\u00e9o\u00a0\u00bb, raconte Memes de Lyon.<\/p>\n<p>  \u00ab\u00a0La ville n\u2019est pas tr\u00e8s belle\u00a0\u00bb<\/p>\n<p>Cette visite, le cr\u00e9ateur de contenu la raconte dans une vid\u00e9o publi\u00e9e sur les r\u00e9seaux. On le voit arriver en TER en transport en commun dans la ville pr\u00e9fecture de la Loire. Malgr\u00e9 des r\u00e9ticences, le Lyonnais commence \u00e0 se moquer de la ville, entre la taille des trams, <a href=\"https:\/\/www.leprogres.fr\/economie\/2024\/12\/30\/trois-nouveaux-immeubles-vont-sortir-de-terre-a-chateaucreux\" target=\"_blank\" rel=\"nofollow noopener\">les b\u00e2timents du quartier de Ch\u00e2teaucreux <\/a>et encore une r\u00e9f\u00e9rence au derby perdu il y a quelques semaines. \u00ab\u00a0Je ne veux pas manquer de respect \u00e0 qui que ce soit. Je veux montrer les bons aspects de la ville et charrier sur quelques points. <a href=\"https:\/\/www.leprogres.fr\/social\/2025\/04\/18\/fin-de-la-greve-des-eboueurs-la-collecte-reprend-lundi\" target=\"_blank\" rel=\"nofollow noopener\"> J\u2019aurais pu montrer toutes les poubelles dehors avec la gr\u00e8ve des \u00e9boueurs<\/a> mais cela n\u2019apporte rien\u00a0\u00bb, d\u00e9taille le vid\u00e9aste.<\/p>\n<p>La visite se poursuit dans le centre-ville et sur la place Jean-Jaur\u00e8s. Memes de Lyon se faire servir une assiette du Forez dans laquelle il retrouve du saucisson lyonnais \u00e0 c\u00f4t\u00e9 de la c\u00e9l\u00e8bre r\u00e2p\u00e9e. \u00ab\u00a0Une preuve que les St\u00e9phanois sont fans des Lyonnais\u00a0\u00bb, peut-on entendre dans la vid\u00e9o. Par la suite, la vid\u00e9o met en avant le mus\u00e9e de la mine puis la Cit\u00e9 du design, que l\u2019influenceur va appr\u00e9cier. Il va m\u00eame pouvoir retrouver un v\u00e9lo \u00e0 assistance \u00e9lectrique \u00e0 louer de couleur verte\u2026 comme les v\u00e9lovs de Lyon.<\/p>\n<p>\u00ab\u00a0Les gens sont tr\u00e8s agr\u00e9ables\u00a0\u00bb<\/p>\n<p>Cette visite, r\u00e9sum\u00e9e en moins de deux minutes, a dur\u00e9 au total une apr\u00e8s-midi pour le Lyonnais. \u00ab\u00a0J\u2019ai eu l\u2019impression d\u2019<a href=\"https:\/\/www.leprogres.fr\/edition-sud-lyonnais\/givors\" target=\"_blank\" rel=\"nofollow noopener\">\u00eatre \u00e0 Givors<\/a> tout le long. Je trouve que la ville n\u2019est pas tr\u00e8s belle sauf le centre-ville qui est mignon. Mais il ressemble \u00e0 tous ceux des villes moyennes\u00a0\u00bb, avoue-t-il. Pass\u00e9 le stade des critiques et des plaisanteries, le cr\u00e9ateur de contenu avoue avoir \u00e9t\u00e9 marqu\u00e9 par \u00ab\u00a0l\u2019\u00e2me de la ville. Je comprends pourquoi les gens sont aussi attach\u00e9s \u00e0 leur ville m\u00eame si je ne saurais pas d\u00e9crire exactement ce que j\u2019ai v\u00e9cu. J\u2019ai eu plus de ressentis \u00e0 travers l\u2019histoire des lieux que par la beaut\u00e9. Les gens sont tr\u00e8s agr\u00e9ables\u00a0\u00bb.<\/p>\n<p>Ce contenu est bloqu\u00e9 car vous n&rsquo;avez pas accept\u00e9 les cookies et autres traceurs.<\/p>\n<p>En cliquant sur \u00ab J\u2019accepte \u00bb, les cookies et autres traceurs seront d\u00e9pos\u00e9s et vous pourrez visualiser les contenus  (<a href=\"\" class=\"consentModule_policy\" target=\"_blank\" title=\"Consulter la politique de protection des donn\u00e9es du fournisseur\">plus d&rsquo;informations<\/a>).<\/p>\n<p>En cliquant sur \u00ab J\u2019accepte tous les cookies \u00bb, vous autorisez des d\u00e9p\u00f4ts de cookies et autres traceurs pour le stockage de vos donn\u00e9es sur nos sites et applications \u00e0 des fins de personnalisation et de ciblage publicitaire.<\/p>\n<p class=\"consentModule_secondaryText\">Vous gardez la possibilit\u00e9 de retirer votre consentement \u00e0 tout moment en consultant notre <a href=\"https:\/\/www.leprogres.fr\/protection-des-donnees\" target=\"_blank\" title=\"Consulter notre politique de protection des donn\u00e9es\" rel=\"nofollow noopener\">politique de protection des donn\u00e9es<\/a>. <br \/>&#13;<br \/>\n            <a href=\"https:\/\/www.leprogres.fr\/economie\/2025\/05\/14\/javascript:Didomi.notice.show()\" class=\"consentModule_cmp\" rel=\"nofollow noopener\" target=\"_blank\">G\u00e9rer mes choix<\/a>&#13;\n        <\/p>\n<p>&#13;<br \/>\n                        J&rsquo;accepte&#13;<br \/>\n            J&rsquo;accepte tous les cookies&#13;\n        <\/p>\n<p>Il retiendra le bel accueil qu\u2019il a re\u00e7u et les \u00e9changes qu\u2019il a pu avoir et qu\u2019il a pu se faire sa propre id\u00e9e sur la ville des Verts. \u00ab\u00a0Cela reste une petite ville compar\u00e9e \u00e0 Lyon. Une apr\u00e8s-midi, c\u2019\u00e9tait un peu court mais pourquoi pas revenir pour visiter plus\u00a0\u00bb, conclut Memes de Lyon.<\/p>\n","protected":false},"excerpt":{"rendered":"Un Lyonnais en pleine d\u00e9couverte de Saint-\u00c9tienne. Voici comment on pourrait r\u00e9sumer la derni\u00e8re vid\u00e9o de Memes de&hellip;\n","protected":false},"author":2,"featured_media":99327,"comment_status":"","ping_status":"","sticky":false,"template":"","format":"standard","meta":{"footnotes":""},"categories":[9653],"tags":[1111,11,2430,1687,33,2757,3154,1777,674,107,1011,27,19625,1757,3367,2428,2756,12,25,2429,4001,3151,602],"class_list":{"0":"post-99326","1":"post","2":"type-post","3":"status-publish","4":"format-standard","5":"has-post-thumbnail","7":"category-saint-etienne","8":"tag-actu","9":"tag-actualites","10":"tag-auvergne-rhone-alpes","11":"tag-culture-loisirs","12":"tag-economie","13":"tag-edition-lyon-villeurbanne","14":"tag-edition-sud-lyonnais","15":"tag-eu","16":"tag-europe","17":"tag-fil-info","18":"tag-fr","19":"tag-france","20":"tag-givors","21":"tag-insolite","22":"tag-loire","23":"tag-lyon","24":"tag-lyon-bassin","25":"tag-news","26":"tag-republique-francaise","27":"tag-rhone","28":"tag-saint-etienne","29":"tag-selection-de-la-redaction-69","30":"tag-tourisme"},"share_on_mastodon":{"url":"https:\/\/pubeurope.com\/@fr\/114506158847480795","error":""},"_links":{"self":[{"href":"https:\/\/www.europesays.com\/fr\/wp-json\/wp\/v2\/posts\/99326","targetHints":{"allow":["GET"]}}],"collection":[{"href":"https:\/\/www.europesays.com\/fr\/wp-json\/wp\/v2\/posts"}],"about":[{"href":"https:\/\/www.europesays.com\/fr\/wp-json\/wp\/v2\/types\/post"}],"author":[{"embeddable":true,"href":"https:\/\/www.europesays.com\/fr\/wp-json\/wp\/v2\/users\/2"}],"replies":[{"embeddable":true,"href":"https:\/\/www.europesays.com\/fr\/wp-json\/wp\/v2\/comments?post=99326"}],"version-history":[{"count":0,"href":"https:\/\/www.europesays.com\/fr\/wp-json\/wp\/v2\/posts\/99326\/revisions"}],"wp:featuredmedia":[{"embeddable":true,"href":"https:\/\/www.europesays.com\/fr\/wp-json\/wp\/v2\/media\/99327"}],"wp:attachment":[{"href":"https:\/\/www.europesays.com\/fr\/wp-json\/wp\/v2\/media?parent=99326"}],"wp:term":[{"taxonomy":"category","embeddable":true,"href":"https:\/\/www.europesays.com\/fr\/wp-json\/wp\/v2\/categories?post=99326"},{"taxonomy":"post_tag","embeddable":true,"href":"https:\/\/www.europesays.com\/fr\/wp-json\/wp\/v2\/tags?post=99326"}],"curies":[{"name":"wp","href":"https:\/\/api.w.org\/{rel}","templated":true}]}}