{"id":99328,"date":"2025-05-14T12:21:14","date_gmt":"2025-05-14T12:21:14","guid":{"rendered":"https:\/\/www.europesays.com\/fr\/99328\/"},"modified":"2025-05-14T12:21:14","modified_gmt":"2025-05-14T12:21:14","slug":"lorraine-abandonnee-dans-ses-excrements-devant-un-refuge-cette-chatte-de-7-ans-recherche-une-famille","status":"publish","type":"post","link":"https:\/\/www.europesays.com\/fr\/99328\/","title":{"rendered":"Lorraine. Abandonn\u00e9e dans ses excr\u00e9ments devant un refuge, cette chatte de 7 ans recherche une famille"},"content":{"rendered":"<p>            Par<br \/>\n        <strong><br \/>\n            <a href=\"https:\/\/actu.fr\/auteur\/pierre-emile-bouchy-actu-fr\" title=\"Consulter tous les articles de Paul-Emile Bouchy\" target=\"_blank\" rel=\"noopener\">Paul-Emile Bouchy<\/a><br \/>\n        <\/strong><\/p>\n<p>        Publi\u00e9 le<\/p>\n<p>            14 mai 2025 \u00e0 11h02        <\/p>\n<p>Vendredi 2\u00a0mai, les membres de la SLPA (Soci\u00e9t\u00e9 lorraine protectrice des animaux) de Velaine-en-Haye ont fait face \u00e0 un nouvel acte de <a href=\"https:\/\/actu.fr\/tag\/maltraitance-animale\" target=\"_blank\" rel=\"noopener\">maltraitance animale<\/a>.<\/p>\n<p class=\" wall-content\"><strong>Une chatte a \u00e9t\u00e9 abandonn\u00e9e dans sa liti\u00e8re, au milieu de ses excr\u00e9ments<\/strong>, devant le refuge situ\u00e9 pr\u00e8s de <a href=\"https:\/\/actu.fr\/grand-est\/nancy_54395\" target=\"_blank\" rel=\"noopener\">Nancy<\/a> (Meurthe-et-Moselle).<\/p>\n<p>L\u2019animal \u00ab\u2009terrifi\u00e9, recroquevill\u00e9 dans une liti\u00e8re satur\u00e9e d\u2019urine\u2009\u00bb<\/p>\n<p class=\" wall-content\">Sur sa page Facebook, le refuge a relat\u00e9 cette terrible sc\u00e8ne\u2009: \u00ab\u2009\u00c0 l\u2019entr\u00e9e, une liti\u00e8re soigneusement referm\u00e9e dans un carton, envelopp\u00e9e de ruban adh\u00e9sif, reposait contre le mur. En nous approchant, <strong>une puanteur d\u2019urine nous a imm\u00e9diatement frapp\u00e9s<\/strong>. Une fois la liti\u00e8re d\u00e9plac\u00e9e \u00e0 l\u2019accueil, nous avons d\u00e9couvert, non sans amertume, un chat terrifi\u00e9, recroquevill\u00e9 au milieu de ses excr\u00e9ments, dans une liti\u00e8re satur\u00e9e d\u2019urine.\u2009\u00bb<\/p>\n<p class=\" wall-content\">La SLPA de Velaine-en-Haye ne cache pas sa col\u00e8re\u2009: \u00ab\u2009Imaginez l\u2019angoisse qu\u2019il a d\u00fb ressentir, livr\u00e9 \u00e0 lui-m\u00eame dans l\u2019obscurit\u00e9, seul face \u00e0 cet enfer hygi\u00e9nique et \u00e9motionnel. <strong>Comment peut-on fuir ses responsabilit\u00e9s de la sorte<\/strong> en poss\u00e9dant un animal et lui infliger un tel calvaire\u2009?\u2009\u00bb<\/p>\n<p>    <a href=\"https:\/\/www.facebook.com\/plugins\/post.php?href=https%3A%2F%2Fwww.facebook.com%2FSPA.Lorraine.Velaine%2Fposts%2Fpfbid0oXbcuyC7R7KiRFYHVDogt2u1iV11Jn5W29Tnd1Jh6SQz5R8pCTmFh9sKcLwHyzyxl&amp;show_text=true&amp;width=350\" title=\"Ouvrie le lien\" target=\"_blank\" rel=\"noopener\">Cliquez ici pour visualiser le contenu<\/a><\/p>\n<p>Vid\u00e9os : en ce moment sur ActuLa chatte recherche une nouvelle famille<\/p>\n<p class=\" wall-content\">Mardi 13\u00a0mai, le refuge a donn\u00e9 des nouvelles de cette chatte qu\u2019ils ont pr\u00e9nomm\u00e9e <strong>Capucine<\/strong>\u2009: \u00ab\u2009Apr\u00e8s 24\u00a0heures de terreur dans les yeux, nous avons pu la voir commencer \u00e0 se d\u00e9tendre et grignoter quelques croquettes.\u2009\u00bb<\/p>\n<p class=\" wall-content\">\u00c2g\u00e9e de <strong>7\u00a0ans<\/strong>, elle se montre <strong>tr\u00e8s c\u00e2line, <\/strong>mais\u00a0reste sur la r\u00e9serve en raison de ces m\u00e9saventures. Elle est d\u00e9j\u00e0 <strong>st\u00e9rilis\u00e9e, vaccin\u00e9e, identifi\u00e9e<\/strong> et pr\u00eate \u00e0 rejoindre une nouvelle famille.<\/p>\n<p>    <a href=\"https:\/\/www.facebook.com\/plugins\/post.php?href=https%3A%2F%2Fwww.facebook.com%2FSPA.Lorraine.Velaine%2Fposts%2Fpfbid0HXZ2grzyhwE8Fmb9pbUNSJfWHJz2k1aMpdjb5ZDyxwaK4g6n6Kjzr6MttoPSYm6Pl&amp;show_text=true&amp;width=350\" title=\"Ouvrie le lien\" target=\"_blank\" rel=\"noopener\">Cliquez ici pour visualiser le contenu<\/a><\/p>\n<p class=\" wall-content\">Si vous voulez la rencontrer, le refuge est ouvert tous les jours de 14h \u00e0 17h30.<\/p>\n<p class=\" wall-content\">Suivez toute l\u2019actualit\u00e9 de vos villes et m\u00e9dias favoris en vous inscrivant \u00e0 <a href=\"https:\/\/moncompte.actu.fr\" title=\"D\u00e9couvez Mon Actu\" rel=\"nofollow noopener\" data-trk=\"{&quot;cta&quot;:{&quot;action&quot;:&quot;https:\\\/\\\/moncompte.actu.fr&quot;,&quot;category&quot;:&quot;mon compte&quot;,&quot;from&quot;:&quot;article footer&quot;,&quot;name&quot;:&quot;Mon actu&quot;,&quot;type&quot;:&quot;cta&quot;}}\" target=\"_blank\">Mon Actu<\/a>.<\/p>\n<ul class=\"ac-article-tag wall-content\">\n<li><a href=\"https:\/\/actu.fr\/tag\/animaux\" data-trk=\"{&quot;cta&quot;:{&quot;action&quot;:&quot;Animaux&quot;,&quot;category&quot;:&quot;tag&quot;,&quot;from&quot;:&quot;article footer&quot;,&quot;name&quot;:&quot;Animaux&quot;,&quot;type&quot;:&quot;cta&quot;}}\" target=\"_blank\" rel=\"noopener\">#Animaux<\/a><\/li>\n<li><a href=\"https:\/\/actu.fr\/tag\/maltraitance-animale\" data-trk=\"{&quot;cta&quot;:{&quot;action&quot;:&quot;Maltraitance animale&quot;,&quot;category&quot;:&quot;tag&quot;,&quot;from&quot;:&quot;article footer&quot;,&quot;name&quot;:&quot;Maltraitance animale&quot;,&quot;type&quot;:&quot;cta&quot;}}\" target=\"_blank\" rel=\"noopener\">#Maltraitance animale<\/a><\/li>\n<\/ul>\n","protected":false},"excerpt":{"rendered":"Par Paul-Emile Bouchy Publi\u00e9 le 14 mai 2025 \u00e0 11h02 Vendredi 2\u00a0mai, les membres de la SLPA (Soci\u00e9t\u00e9&hellip;\n","protected":false},"author":2,"featured_media":99329,"comment_status":"","ping_status":"","sticky":false,"template":"","format":"standard","meta":{"footnotes":""},"categories":[9635],"tags":[1111,11,1867,1777,674,1011,27,775,6795,1702,12,25,104],"class_list":{"0":"post-99328","1":"post","2":"type-post","3":"status-publish","4":"format-standard","5":"has-post-thumbnail","7":"category-nancy","8":"tag-actu","9":"tag-actualites","10":"tag-animaux","11":"tag-eu","12":"tag-europe","13":"tag-fr","14":"tag-france","15":"tag-grand-est","16":"tag-maltraitance-animale","17":"tag-nancy","18":"tag-news","19":"tag-republique-francaise","20":"tag-societe"},"share_on_mastodon":{"url":"https:\/\/pubeurope.com\/@fr\/114506162701226364","error":""},"_links":{"self":[{"href":"https:\/\/www.europesays.com\/fr\/wp-json\/wp\/v2\/posts\/99328","targetHints":{"allow":["GET"]}}],"collection":[{"href":"https:\/\/www.europesays.com\/fr\/wp-json\/wp\/v2\/posts"}],"about":[{"href":"https:\/\/www.europesays.com\/fr\/wp-json\/wp\/v2\/types\/post"}],"author":[{"embeddable":true,"href":"https:\/\/www.europesays.com\/fr\/wp-json\/wp\/v2\/users\/2"}],"replies":[{"embeddable":true,"href":"https:\/\/www.europesays.com\/fr\/wp-json\/wp\/v2\/comments?post=99328"}],"version-history":[{"count":0,"href":"https:\/\/www.europesays.com\/fr\/wp-json\/wp\/v2\/posts\/99328\/revisions"}],"wp:featuredmedia":[{"embeddable":true,"href":"https:\/\/www.europesays.com\/fr\/wp-json\/wp\/v2\/media\/99329"}],"wp:attachment":[{"href":"https:\/\/www.europesays.com\/fr\/wp-json\/wp\/v2\/media?parent=99328"}],"wp:term":[{"taxonomy":"category","embeddable":true,"href":"https:\/\/www.europesays.com\/fr\/wp-json\/wp\/v2\/categories?post=99328"},{"taxonomy":"post_tag","embeddable":true,"href":"https:\/\/www.europesays.com\/fr\/wp-json\/wp\/v2\/tags?post=99328"}],"curies":[{"name":"wp","href":"https:\/\/api.w.org\/{rel}","templated":true}]}}