{"id":99330,"date":"2025-05-14T12:22:43","date_gmt":"2025-05-14T12:22:43","guid":{"rendered":"https:\/\/www.europesays.com\/fr\/99330\/"},"modified":"2025-05-14T12:22:43","modified_gmt":"2025-05-14T12:22:43","slug":"volley-ball-le-grand-nancy-vb-qualifie-pour-le-final-four-de-nationale3","status":"publish","type":"post","link":"https:\/\/www.europesays.com\/fr\/99330\/","title":{"rendered":"Volley-ball. Le Grand Nancy VB qualifi\u00e9 pour le \u00ab\u00a0final four\u00a0\u00bb de Nationale3"},"content":{"rendered":"<p>La r\u00e9serve du Grand Nancy Volley-ball, participera, le week-end prochain, \u00e0 Amiens, au \u00ab final four\u00a0\u00bb du championnat de Nationale 3 masculine. Premiers de leur poule et d\u2019ores et d\u00e9j\u00e0 promis \u00e0 \u00e9voluer l\u2019an prochain en N2, les Nanc\u00e9iens ont disput\u00e9, ce dimanche, contre Amiens un barrage de qualification pour le carr\u00e9 final. Le GNVB l\u2019a emport\u00e9 aux forceps 3 sets \u00e0 2 (25-16, 25-22, 21-25, 24-26, 15-8).<\/p>\n<p>\u00ab Cela a \u00e9t\u00e9 chaud\u00a0\u00bb, confie Rapha\u00ebl Gautrin, le capitaine de l\u2019\u00e9quipe. \u00ab\u00a0Dans ce barrage, on a rapidement men\u00e9 2-0 sans trop de difficult\u00e9s. Mais Amiens a ensuite r\u00e9agi en \u00e9levant son niveau de jeu. Les Picards sont parvenus \u00e0 \u00e9galiser (2 sets partout) et donc \u00e0 nous pousser \u00e0 disputer un tie-break. Dans ce dernier, rien n\u2019\u00e9tait fait au changement de c\u00f4t\u00e9 (8-7). Heureusement, on est ensuite parvenu \u00e0 se d\u00e9tacher (10-7 puis 15-8)\u00a0\u00bb.<\/p>\n","protected":false},"excerpt":{"rendered":"La r\u00e9serve du Grand Nancy Volley-ball, participera, le week-end prochain, \u00e0 Amiens, au \u00ab final four\u00a0\u00bb du championnat&hellip;\n","protected":false},"author":2,"featured_media":99331,"comment_status":"","ping_status":"","sticky":false,"template":"","format":"standard","meta":{"footnotes":""},"categories":[9635],"tags":[1111,11,1704,1777,674,107,1701,1011,27,775,20543,1702,1703,12,25,517,1700,1632],"class_list":{"0":"post-99330","1":"post","2":"type-post","3":"status-publish","4":"format-standard","5":"has-post-thumbnail","7":"category-nancy","8":"tag-actu","9":"tag-actualites","10":"tag-edition-nancy-et-agglomeration","11":"tag-eu","12":"tag-europe","13":"tag-fil-info","14":"tag-fil-info-sport","15":"tag-fr","16":"tag-france","17":"tag-grand-est","18":"tag-grand-nancy-volley-ball","19":"tag-nancy","20":"tag-nancy-ville-54b","21":"tag-news","22":"tag-republique-francaise","23":"tag-sport","24":"tag-sport-lorrain","25":"tag-volley-ball"},"share_on_mastodon":{"url":"https:\/\/pubeurope.com\/@fr\/114506166657658181","error":""},"_links":{"self":[{"href":"https:\/\/www.europesays.com\/fr\/wp-json\/wp\/v2\/posts\/99330","targetHints":{"allow":["GET"]}}],"collection":[{"href":"https:\/\/www.europesays.com\/fr\/wp-json\/wp\/v2\/posts"}],"about":[{"href":"https:\/\/www.europesays.com\/fr\/wp-json\/wp\/v2\/types\/post"}],"author":[{"embeddable":true,"href":"https:\/\/www.europesays.com\/fr\/wp-json\/wp\/v2\/users\/2"}],"replies":[{"embeddable":true,"href":"https:\/\/www.europesays.com\/fr\/wp-json\/wp\/v2\/comments?post=99330"}],"version-history":[{"count":0,"href":"https:\/\/www.europesays.com\/fr\/wp-json\/wp\/v2\/posts\/99330\/revisions"}],"wp:featuredmedia":[{"embeddable":true,"href":"https:\/\/www.europesays.com\/fr\/wp-json\/wp\/v2\/media\/99331"}],"wp:attachment":[{"href":"https:\/\/www.europesays.com\/fr\/wp-json\/wp\/v2\/media?parent=99330"}],"wp:term":[{"taxonomy":"category","embeddable":true,"href":"https:\/\/www.europesays.com\/fr\/wp-json\/wp\/v2\/categories?post=99330"},{"taxonomy":"post_tag","embeddable":true,"href":"https:\/\/www.europesays.com\/fr\/wp-json\/wp\/v2\/tags?post=99330"}],"curies":[{"name":"wp","href":"https:\/\/api.w.org\/{rel}","templated":true}]}}