{"id":99332,"date":"2025-05-14T12:23:09","date_gmt":"2025-05-14T12:23:09","guid":{"rendered":"https:\/\/www.europesays.com\/fr\/99332\/"},"modified":"2025-05-14T12:23:09","modified_gmt":"2025-05-14T12:23:09","slug":"une-nouvelle-voie-partagee-velos-pietons-a-la-seyne","status":"publish","type":"post","link":"https:\/\/www.europesays.com\/fr\/99332\/","title":{"rendered":"Une nouvelle voie partag\u00e9e v\u00e9los\/pi\u00e9tons \u00e0 La Seyne?"},"content":{"rendered":"<p>Apr\u00e8s l\u2019\u00e9vocation de plusieurs alternatives destin\u00e9es \u00e0 \u00e9viter la <a href=\"https:\/\/www.varmatin.com\/a\/985141\" target=\"_blank\" rel=\"noopener nofollow\">mise en sens unique d\u2019une partie de la corniche de Tamaris<\/a>, une nouvelle suggestion \u00e9merge.<\/p>\n<p>Elle \u00e9mane de Jean Huillet, vice-pr\u00e9sident du Comit\u00e9 d\u2019int\u00e9r\u00eat local La Seyne ouest et sud (CILLSOS), qui dit en \u00eatre \u00ab\u00a0\u00e0 l&rsquo;initiative lors des \u00e9changes au sein des r\u00e9unions de bureau des CIL\u00a0\u00bb, et \u00ab\u00a0lors de rendez-vous avec la maire ou ses collaborateurs\u00a0\u00bb.<\/p>\n<p>Sa proposition: am\u00e9nager une voie partag\u00e9e v\u00e9los \/ pi\u00e9tons. \u00ab\u00a0Cette solution, indique Jean Huillet, pr\u00e9sente plus d&rsquo;avantages que d\u2019inconv\u00e9nients et permettrait de conserver le double sens de circulation. Le v\u00e9lo dit\u2019\u2019sportif\u2019\u2019 continuerait \u00e0 utiliser la voie roulante, quel que soit le choix fait, et la piste (ou bande) cyclable ne serait utilis\u00e9e que par le v\u00e9lo dit\u2019\u2019de loisir\u2019\u2019, donc \u00e0 une vitesse moindre. De plus, ajoute-t-il, cette cohabitation pi\u00e9tons \/ v\u00e9los incitera ces derniers \u00e0 rouler moins vite &#8211; nous n&rsquo;avons d\u2019ailleurs pas de statistiques attestant d\u2019une accidentologie aggrav\u00e9e\u00a0\u00bb (avec une telle configuration).<\/p>\n<p><strong>Compatible avec les subventions?<\/strong><\/p>\n<p>\u00ab\u00a0Ce choix, poursuit Jean Huillet, a \u00e9t\u00e9 fait r\u00e9cemment par d&rsquo;autres communes, comme \u00e0 Six-Fours sur une partie de l&rsquo;avenue de la Mer, pourtant bien plus large que la corniche. Et il est faux de pr\u00e9texter que ce choix priverait le projet de certaines subventions\u00a0\u00bb, affirme le vice-pr\u00e9sident du CILLSOS.<\/p>\n<p>\u00c0 l\u2019heure o\u00f9 la perspective d\u2019un sens unique entre l\u2019Espace Grimaud et le port du Manteau cristallise les critiques, cette nouvelle proposition est donc \u00e0 verser au dossier et son auteur esp\u00e8re qu\u2019elle pourra \u00eatre prise en compte dans les ultimes \u00e9tudes avant la mise en \u0153uvre du projet de r\u00e9habilitation.\u00a0<\/p>\n","protected":false},"excerpt":{"rendered":"Apr\u00e8s l\u2019\u00e9vocation de plusieurs alternatives destin\u00e9es \u00e0 \u00e9viter la mise en sens unique d\u2019une partie de la corniche&hellip;\n","protected":false},"author":2,"featured_media":99333,"comment_status":"","ping_status":"","sticky":false,"template":"","format":"standard","meta":{"footnotes":""},"categories":[9619],"tags":[1111,11,1777,674,1011,27,12,882,25,2310,3366],"class_list":{"0":"post-99332","1":"post","2":"type-post","3":"status-publish","4":"format-standard","5":"has-post-thumbnail","7":"category-toulon","8":"tag-actu","9":"tag-actualites","10":"tag-eu","11":"tag-europe","12":"tag-fr","13":"tag-france","14":"tag-news","15":"tag-provence-alpes-cote-dazur","16":"tag-republique-francaise","17":"tag-toulon","18":"tag-vie-locale"},"share_on_mastodon":{"url":"https:\/\/pubeurope.com\/@fr\/114506170658321338","error":""},"_links":{"self":[{"href":"https:\/\/www.europesays.com\/fr\/wp-json\/wp\/v2\/posts\/99332","targetHints":{"allow":["GET"]}}],"collection":[{"href":"https:\/\/www.europesays.com\/fr\/wp-json\/wp\/v2\/posts"}],"about":[{"href":"https:\/\/www.europesays.com\/fr\/wp-json\/wp\/v2\/types\/post"}],"author":[{"embeddable":true,"href":"https:\/\/www.europesays.com\/fr\/wp-json\/wp\/v2\/users\/2"}],"replies":[{"embeddable":true,"href":"https:\/\/www.europesays.com\/fr\/wp-json\/wp\/v2\/comments?post=99332"}],"version-history":[{"count":0,"href":"https:\/\/www.europesays.com\/fr\/wp-json\/wp\/v2\/posts\/99332\/revisions"}],"wp:featuredmedia":[{"embeddable":true,"href":"https:\/\/www.europesays.com\/fr\/wp-json\/wp\/v2\/media\/99333"}],"wp:attachment":[{"href":"https:\/\/www.europesays.com\/fr\/wp-json\/wp\/v2\/media?parent=99332"}],"wp:term":[{"taxonomy":"category","embeddable":true,"href":"https:\/\/www.europesays.com\/fr\/wp-json\/wp\/v2\/categories?post=99332"},{"taxonomy":"post_tag","embeddable":true,"href":"https:\/\/www.europesays.com\/fr\/wp-json\/wp\/v2\/tags?post=99332"}],"curies":[{"name":"wp","href":"https:\/\/api.w.org\/{rel}","templated":true}]}}