{"id":993351,"date":"2026-06-11T16:21:47","date_gmt":"2026-06-11T16:21:47","guid":{"rendered":"https:\/\/www.europesays.com\/fr\/993351\/"},"modified":"2026-06-11T16:21:47","modified_gmt":"2026-06-11T16:21:47","slug":"salah-abdeslam-les-restrictions-de-parloir-maintenues-le-terroriste-aurait-menace-le-directeur-de-la-prison","status":"publish","type":"post","link":"https:\/\/www.europesays.com\/fr\/993351\/","title":{"rendered":"Salah Abdeslam\u00a0: Les restrictions de parloir maintenues, le terroriste aurait menac\u00e9 le directeur de la prison"},"content":{"rendered":"<p><a href=\"https:\/\/www.20minutes.fr\/societe\/salah-abdeslam\/\" class=\"c-link c-link--is-underlined\" rel=\"nofollow noopener\" target=\"_blank\">Salah Abdeslam<\/a> demandait, pour ses temps de parloir, la lev\u00e9e du dispositif de s\u00e9paration par hygiaphone qui lui est actuellement impos\u00e9. Mais la justice a dit non au terroriste au vu de nouveaux \u00e9l\u00e9ments, notamment le fait qu\u2019il aurait menac\u00e9 le directeur de sa <a href=\"https:\/\/www.20minutes.fr\/dossier\/prison\" class=\"c-link c-link--is-underlined\" rel=\"nofollow noopener\" target=\"_blank\">prison<\/a>.<\/p>\n<p>Dans une nouvelle ordonnance rendue mercredi et consult\u00e9e ce jeudi par l\u2019AFP, le tribunal administratif de <a href=\"https:\/\/www.20minutes.fr\/lille\/\" class=\"c-link c-link--is-underlined\" rel=\"nofollow noopener\" target=\"_blank\">Lille<\/a> a donc rejet\u00e9 la demande du dernier membre en vie du commando des <a href=\"https:\/\/www.20minutes.fr\/societe\/attentats-13-novembre\/\" class=\"c-link c-link--is-underlined\" rel=\"nofollow noopener\" target=\"_blank\">attentats du 13\u00a0novembre 2015 \u00e0 Paris<\/a>. Le juge des r\u00e9f\u00e9r\u00e9s a \u00e9t\u00e9 sensible \u00e0 de nouveaux \u00e9l\u00e9ments de l\u2019administration p\u00e9nitentiaire. Selon cette derni\u00e8re, Salah Abdeslam aurait demand\u00e9 le 4\u00a0avril \u00e0 un autre d\u00e9tenu \u00ab\u00a0s\u2019il pouvait se procurer l\u2019adresse du directeur de sa prison, afin qu\u2019il envoie \u00a0\u00bb\u00a0deux ou trois gars\u00a0\u00a0\u00bb pour faire une \u00a0\u00bb\u00a0catastrophe\u00a0\u00ab\u00a0, sans \u00a0\u00bb\u00a0vouloir attendre 2086\u00a0\u00a0\u00bb\u00a0\u00bb.<\/p>\n<\/p>\n<p>Des propos que d\u00e9ment Salah Abdeslam. Selon les observations de son avocat Me Beno\u00eet David, cit\u00e9es dans la nouvelle ordonnance du tribunal r\u00e9v\u00e9l\u00e9e par le quotidien r\u00e9gional <a href=\"https:\/\/www.lavoixdunord.fr\/1711147\/article\/2026-06-11\/salah-abdeslam-aurait-menace-le-directeur-de-la-prison-de-vendin-le-vieil-ses\" rel=\"nofollow noopener\" target=\"_blank\" class=\"c-link c-link--is-underlined\">La Voix du Nord<\/a>, les menaces verbales reproch\u00e9es \u00e0 son client ont \u00e9t\u00e9 \u00ab\u00a0sorties de mani\u00e8re opportune par l\u2019administration, sans que ce soit v\u00e9rifiable et contestable\u00a0\u00bb.<\/p>\n<p>Des \u00ab\u00a0\u00e9l\u00e9ments d\u00e9montrent la dangerosit\u00e9 persistante de Salah Abdeslam\u00a0\u00bb<\/p>\n<p>Plusieurs visiteuses, dont sa m\u00e8re, auraient par le pass\u00e9 tent\u00e9 de lui remettre des produits interdits lors de parloirs\u00a0: nourriture, parfum, huile essentielle ou encore un objet en plastique pour massage, toujours selon l\u2019administration p\u00e9nitentiaire. \u00ab\u00a0Ces \u00e9l\u00e9ments d\u00e9montrent la <a href=\"https:\/\/www.20minutes.fr\/justice\/4216679-20260403-justice-assouplit-conditions-parloir-salah-abdeslam\" target=\"_blank\" class=\"c-link c-link--is-underlined\" rel=\"nofollow noopener\">dangerosit\u00e9 persistante de Salah Abdeslam<\/a> et la volont\u00e9 de ses proches de commettre des actes irr\u00e9guliers \u00e0 l\u2019occasion des parloirs, justifiant qu\u2019il ne b\u00e9n\u00e9ficie plus de parloirs ordinaires\u00a0\u00bb, a estim\u00e9 le minist\u00e8re de la Justice dans son m\u00e9moire en d\u00e9fense. La m\u00e8re et la s\u0153ur d\u2019Abdeslam avaient \u00e9t\u00e9 arr\u00eat\u00e9es en avril avant un parloir puis lib\u00e9r\u00e9es au bout de 48 heures, sans poursuites judiciaires. Fin\u00a02025, Abdeslam lui-m\u00eame avait \u00e9t\u00e9 plac\u00e9 en garde \u00e0 vue apr\u00e8s <a href=\"https:\/\/www.20minutes.fr\/justice\/4184268-20251107-salah-abdeslam-jeune-compagne-djihadiste-placee-garde-vue-avoir-fourni-cle-usb-propagande\" target=\"_blank\" class=\"c-link c-link--is-underlined\" rel=\"nofollow noopener\">la d\u00e9couverte d\u2019une cl\u00e9 USB<\/a> remise par une ex-compagne au parloir, qui contenait de la propagande \u00ab\u00a0d\u2019organisations terroristes, Etat islamique ou Al-Qa\u00efda\u00a0\u00bb selon le Parquet national antiterroriste.<\/p>\n<p><a href=\"https:\/\/www.20minutes.fr\/dossier\/prison\" class=\"c-link c-btn c-btn--primary\" rel=\"nofollow noopener\" target=\"_blank\">Notre dossier sur les prisons<\/a><\/p>\n<p>D\u00e9but avril, le tribunal administratif de Lille avait pourtant ordonn\u00e9 \u00e0 l\u2019Etat d\u2019assouplir les conditions de parloir de Salah Abdeslam, ajoutant m\u00eame par la suite une astreinte financi\u00e8re de 100 euros par jour si l\u2019administration p\u00e9nitentiaire ne respectait pas cette injonction. Mais compte tenu des nouveaux \u00e9l\u00e9ments apport\u00e9s par l\u2019administration, la justice a <a href=\"https:\/\/www.20minutes.fr\/justice\/4219304-20260420-etat-contraint-assouplir-conditions-parloir-salah-abdeslam\" target=\"_blank\" class=\"c-link c-link--is-underlined\" rel=\"nofollow noopener\">d\u00e9j\u00e0 supprim\u00e9 cette astreinte financi\u00e8re<\/a> depuis le 20\u00a0mai.<\/p>\n<p>Pour rappel, Salah Abdeslam purge une peine de r\u00e9clusion \u00e0 perp\u00e9tuit\u00e9 \u00e0 la prison de haute de s\u00e9curit\u00e9 de Vendin-le-Vieil (Pas-de-Calais), o\u00f9 il est plac\u00e9 \u00e0 l\u2019isolement.<\/p>\n","protected":false},"excerpt":{"rendered":"Salah Abdeslam demandait, pour ses temps de parloir, la lev\u00e9e du dispositif de s\u00e9paration par hygiaphone qui lui&hellip;\n","protected":false},"author":2,"featured_media":993352,"comment_status":"","ping_status":"","sticky":false,"template":"","format":"standard","meta":{"footnotes":"","_share_on_mastodon":"0"},"categories":[2],"tags":[47,11,18506,64302,118,1011,27,811,1307,12,1308,1309,23862,806,25,63713,104,9232,1254],"class_list":["post-993351","post","type-post","status-publish","format-standard","has-post-thumbnail","category-actualites","tag-actualite","tag-actualites","tag-administration","tag-attaques-terroristes-a-paris","tag-faits-divers","tag-fr","tag-france","tag-hauts-de-france","tag-lille","tag-news","tag-nord","tag-nord-pas-de-calais","tag-pas-de-calais","tag-prison","tag-republique-francaise","tag-salah-abdeslam","tag-societe","tag-surpopulation-carcerale","tag-terrorisme"],"share_on_mastodon":{"url":"https:\/\/pubeurope.com\/@fr\/116732394820381690","error":""},"_links":{"self":[{"href":"https:\/\/www.europesays.com\/fr\/wp-json\/wp\/v2\/posts\/993351","targetHints":{"allow":["GET"]}}],"collection":[{"href":"https:\/\/www.europesays.com\/fr\/wp-json\/wp\/v2\/posts"}],"about":[{"href":"https:\/\/www.europesays.com\/fr\/wp-json\/wp\/v2\/types\/post"}],"author":[{"embeddable":true,"href":"https:\/\/www.europesays.com\/fr\/wp-json\/wp\/v2\/users\/2"}],"replies":[{"embeddable":true,"href":"https:\/\/www.europesays.com\/fr\/wp-json\/wp\/v2\/comments?post=993351"}],"version-history":[{"count":0,"href":"https:\/\/www.europesays.com\/fr\/wp-json\/wp\/v2\/posts\/993351\/revisions"}],"wp:featuredmedia":[{"embeddable":true,"href":"https:\/\/www.europesays.com\/fr\/wp-json\/wp\/v2\/media\/993352"}],"wp:attachment":[{"href":"https:\/\/www.europesays.com\/fr\/wp-json\/wp\/v2\/media?parent=993351"}],"wp:term":[{"taxonomy":"category","embeddable":true,"href":"https:\/\/www.europesays.com\/fr\/wp-json\/wp\/v2\/categories?post=993351"},{"taxonomy":"post_tag","embeddable":true,"href":"https:\/\/www.europesays.com\/fr\/wp-json\/wp\/v2\/tags?post=993351"}],"curies":[{"name":"wp","href":"https:\/\/api.w.org\/{rel}","templated":true}]}}