{"id":993405,"date":"2026-06-11T16:55:11","date_gmt":"2026-06-11T16:55:11","guid":{"rendered":"https:\/\/www.europesays.com\/fr\/993405\/"},"modified":"2026-06-11T16:55:11","modified_gmt":"2026-06-11T16:55:11","slug":"un-automobiliste-controle-positif-a-tout-ou-presque-pres-de-rouen","status":"publish","type":"post","link":"https:\/\/www.europesays.com\/fr\/993405\/","title":{"rendered":"Un automobiliste contr\u00f4l\u00e9 positif \u00e0 tout&#8230; ou presque, pr\u00e8s de Rouen"},"content":{"rendered":"\n<p>Les forces de l&rsquo;ordre ont intercept\u00e9 une Volkswagen Polo circulant <strong>\u00e0 vive allure sur l&rsquo;avenue des Canadiens<\/strong>, de nuit, entre ces mercredi 10 et jeudi 11 juin. Au volant, un homme de 33 ans \u00ab\u00a0ayant d\u00e9cid\u00e9 de cocher absolument toutes les cases de l&rsquo;ill\u00e9galit\u00e9 en moins de 10 minutes\u00a0\u00bb d\u00e9taillent les policiers seinomarins. <strong>Un feu rouge grill\u00e9, pas de permis de conduire ni d&rsquo;assurance<\/strong>, \u00ab\u00a0le v\u00e9hicule \u00e9tait d\u00e9j\u00e0 cens\u00e9 \u00eatre immobilis\u00e9\u00a0\u00bb.\u00a0<\/p>\n<p><strong>Encha\u00eenement d&rsquo;infractions\u00a0<\/strong><\/p>\n<p>Originaire de Barentin, l&rsquo;individu, surnomm\u00e9 par la police \u00ab\u00a0le roi du combo magique\u00a0\u00bb \u00e9tait \u00e9galement <strong>positif aux cannabis <\/strong>et le contr\u00f4le d&rsquo;alcool\u00e9mie s&rsquo;est \u00e9lev\u00e9 \u00e0 <strong>1,1 gramme <\/strong>par litre de sang. Un encha\u00eenement d&rsquo;infractions qui a amen\u00e9 les forces de l&rsquo;ordre \u00e0 placer le v\u00e9hicule en fourri\u00e8re, et son conducteur en cellule de d\u00e9grisement au commissariat de Rouen.<\/p>\n","protected":false},"excerpt":{"rendered":"Les forces de l&rsquo;ordre ont intercept\u00e9 une Volkswagen Polo circulant \u00e0 vive allure sur l&rsquo;avenue des Canadiens, de&hellip;\n","protected":false},"author":2,"featured_media":993406,"comment_status":"","ping_status":"","sticky":false,"template":"","format":"standard","meta":{"footnotes":"","_share_on_mastodon":"0"},"categories":[9587],"tags":[104294,1111,104295,11,104296,1777,674,104292,104291,1011,27,12,5161,24114,4843,53155,27548,104293,25,9590,22412],"class_list":["post-993405","post","type-post","status-publish","format-standard","has-post-thumbnail","category-rouen","tag-76-actu","tag-actu","tag-actualite-seine-maritime","tag-actualites","tag-controle-police-76","tag-eu","tag-europe","tag-fait-divers-76","tag-fait-divers-rouen","tag-fr","tag-france","tag-news","tag-normandie","tag-police-76","tag-police-nationale","tag-police-nationale-76","tag-police-rouen","tag-police-saint-etienne-du-rouvray","tag-republique-francaise","tag-rouen","tag-saint-etienne-du-rouvray"],"share_on_mastodon":{"url":"https:\/\/pubeurope.com\/@fr\/116732528331482777","error":""},"_links":{"self":[{"href":"https:\/\/www.europesays.com\/fr\/wp-json\/wp\/v2\/posts\/993405","targetHints":{"allow":["GET"]}}],"collection":[{"href":"https:\/\/www.europesays.com\/fr\/wp-json\/wp\/v2\/posts"}],"about":[{"href":"https:\/\/www.europesays.com\/fr\/wp-json\/wp\/v2\/types\/post"}],"author":[{"embeddable":true,"href":"https:\/\/www.europesays.com\/fr\/wp-json\/wp\/v2\/users\/2"}],"replies":[{"embeddable":true,"href":"https:\/\/www.europesays.com\/fr\/wp-json\/wp\/v2\/comments?post=993405"}],"version-history":[{"count":0,"href":"https:\/\/www.europesays.com\/fr\/wp-json\/wp\/v2\/posts\/993405\/revisions"}],"wp:featuredmedia":[{"embeddable":true,"href":"https:\/\/www.europesays.com\/fr\/wp-json\/wp\/v2\/media\/993406"}],"wp:attachment":[{"href":"https:\/\/www.europesays.com\/fr\/wp-json\/wp\/v2\/media?parent=993405"}],"wp:term":[{"taxonomy":"category","embeddable":true,"href":"https:\/\/www.europesays.com\/fr\/wp-json\/wp\/v2\/categories?post=993405"},{"taxonomy":"post_tag","embeddable":true,"href":"https:\/\/www.europesays.com\/fr\/wp-json\/wp\/v2\/tags?post=993405"}],"curies":[{"name":"wp","href":"https:\/\/api.w.org\/{rel}","templated":true}]}}