{"id":99344,"date":"2025-05-14T12:31:13","date_gmt":"2025-05-14T12:31:13","guid":{"rendered":"https:\/\/www.europesays.com\/fr\/99344\/"},"modified":"2025-05-14T12:31:13","modified_gmt":"2025-05-14T12:31:13","slug":"logistique-urbaine-durable-la-metropole-de-grenoble-decerne-ses-trophees","status":"publish","type":"post","link":"https:\/\/www.europesays.com\/fr\/99344\/","title":{"rendered":"Logistique urbaine durable : la M\u00e9tropole de Grenoble d\u00e9cerne ses troph\u00e9es"},"content":{"rendered":"<p>Il s&rsquo;agit d&rsquo;une premi\u00e8re \u00e9dition pour la <strong>M\u00e9tropole de Grenoble<\/strong> : la remise des <strong>troph\u00e9es <\/strong>(sans dotation) <strong>de la logistique urbaine durable<\/strong> a eu lieu mardi 13 mai dans le cadre des rencontres organis\u00e9es sur le m\u00eame th\u00e8me au Stade des Alpes \u00e0 Grenoble. <\/p>\n<p>\u00ab\u00a0Ces troph\u00e9es m\u00e9tropolitains r\u00e9compensent des \u00e9tablissements implant\u00e9s dans l&rsquo;une des 49 communes de la M\u00e9tropole, explique Delphine Depraz, charg\u00e9e de mission logistique urbaine \u00e0 la M\u00e9tropole de Grenoble et au Syndicat mixte des mobilit\u00e9s de l&rsquo;aire grenobloise (Smmag). Ce sont des acteurs de cette fili\u00e8re qui souffre d&rsquo;une mauvaise image mais qui est essentielle \u00e0 l&rsquo;attractivit\u00e9 \u00e9conomique, et qui s&rsquo;engagent dans les transitions \u00e9cologique, sociale et soci\u00e9tale. L&rsquo;id\u00e9e est que les laur\u00e9ats partagent leurs initiatives et bonnes pratiques.\u00a0\u00bb <\/p>\n<p>Quatre troph\u00e9es d\u00e9cern\u00e9s par la M\u00e9tropole de Grenoble \u00e0 des acteurs locaux de la logistique urbaine <img decoding=\"async\" alt=\"\" data-zoomable=\"\" height=\"1333\" loading=\"lazy\" src=\"https:\/\/www.europesays.com\/fr\/wp-content\/uploads\/2025\/05\/img-9781.JPG\" title=\"\u00a9 Thomas Richardson - David Depardon, directeure de l'agence de Grenoble de G\u00e9odis France Express a re\u00e7u le troph\u00e9e dans la cat\u00e9gorie Transition \u00e9cologique.\" width=\"2000\"\/> \u00a9 Thomas Richardson &#8211; David Depardon, directeur\u00a0de l&rsquo;agence de Grenoble de Geodis France Express a re\u00e7u le troph\u00e9e dans la cat\u00e9gorie Transition \u00e9cologique. <\/p>\n<p><strong>Quatre troph\u00e9es <\/strong>ont ainsi \u00e9t\u00e9 d\u00e9cern\u00e9s. Le premier, dans la cat\u00e9gorie Transition \u00e9cologique, a \u00e9t\u00e9 remis \u00e0 l&rsquo;agence grenobloise de <strong>Geodis France Express<\/strong>, dirig\u00e9e par David Depardon. <\/p>\n<p>\u00ab\u00a0On s&rsquo;est lanc\u00e9 en 2022 dans la transition \u00e9cologique de notre parc avec une dizaine de porteurs, quatre v\u00e9hicules l\u00e9gers gaz et trois tracteurs, t\u00e9moigne ce dernier. En mars 2024, on a conclu un partenariat avec Avelog pour la distribution de l&rsquo;hypercentre de Grenoble en v\u00e9lo-cargo. 100% de notre parc est d\u00e9carbon\u00e9, mais on travaille avec beaucoup de partenaires sous-traitants pour la livraison au dernier kilom\u00e8tre et notre ambition est de les accompagner dans le verdissement de leur flotte. Depuis un an, on accompagne ainsi une quinzaine de nos prestataires sur des v\u00e9hicules \u00e9lectriques, essentiellement des 20 m3 et des v\u00e9hicules en biogaz.\u00a0\u00bb<\/p>\n<p>Dans la cat\u00e9gorie Transition sociale et soci\u00e9tale, deux entreprises partenaires ont \u00e9t\u00e9 r\u00e9compens\u00e9es : <a href=\"https:\/\/mesinfos.fr\/auvergne-rhone-alpes\/toutenvelo-les-bikers-demenageurs-debarquent-a-grenoble-62535.html\" rel=\"noopener\" target=\"_blank\">Toutenv\u00e9lo <\/a><strong>Grenoble, <\/strong>repr\u00e9sent\u00e9 par son fondateur et g\u00e9rant,<strong> J\u00e9r\u00f4me\u00a0Cucarollo<\/strong>,\u00a0et <strong>Mangez bio Is\u00e8re, <\/strong>repr\u00e9sent\u00e9 par<strong>\u00a0Martin\u00a0Charbonneau<\/strong>, responsable logistique. <\/p>\n<p>\u00ab\u00a0Cela fait sept ans que l&rsquo;on travaille avec Toutenv\u00e9lo, commente Martin Charbonneau. On cherchait \u00e0 baisser nos co\u00fbts de livraison pour chercher d&rsquo;autres typologies de clients : des magasins, des cr\u00e8ches ou des petits restaurants. On a trouv\u00e9 une solution avec Toutenv\u00e9lo pour des volumes de moins de 90 kg \u00e0 des prix tr\u00e8s attractifs principalement sur Grenoble centre-ville. Il n&rsquo;y a pas de probl\u00e8me de bouchons, on arrive \u00e0 respecter pr\u00e9cis\u00e9ment les horaires de distribution, \u00e0 maintenir la cha\u00eene du froid avec des glaci\u00e8res professionnelles.\u00a0\u00bb<\/p>\n<p> La soci\u00e9t\u00e9 Avelog r\u00e9compens\u00e9e pour son service de livraison au profit des artisans du BTP <img decoding=\"async\" alt=\"\" data-zoomable=\"\" height=\"1333\" loading=\"lazy\" src=\"https:\/\/www.europesays.com\/fr\/wp-content\/uploads\/2025\/05\/img-9785.JPG\" title=\"\u00a9 Thomas Richardson - J\u00e9r\u00f4me Cucarollo et Martin Charbonneau ont re\u00e7u le troph\u00e9e dans la cat\u00e9gorie Transition sociale et soci\u00e9tale.\" width=\"2000\"\/> \u00a9 Thomas Richardson &#8211; J\u00e9r\u00f4me Cucarollo et Martin Charbonneau ont re\u00e7u le troph\u00e9e dans la cat\u00e9gorie Transition sociale et soci\u00e9tale. <\/p>\n<p>Dans la cat\u00e9gorie Innovation, d\u00e9marche de coop\u00e9ration, le laur\u00e9at est <strong>Avelog<\/strong>, soci\u00e9t\u00e9 sp\u00e9cialis\u00e9e dans la livraison \u00e0 v\u00e9lo bas\u00e9e au March\u00e9 d&rsquo;int\u00e9r\u00eat national de Grenoble, repr\u00e9sent\u00e9e par son fondateur et g\u00e9rant, <strong>Julien Tavernier<\/strong>. <\/p>\n<p>\u00ab\u00a0Depuis quelques mois, nous travaillons sur un nouveau march\u00e9 : les artisans du BTP qui ont des chantiers pour les particuliers en c\u0153ur de ville, explique Julien Tavernier. Nous avons conclu un partenariat avec la soci\u00e9t\u00e9 CD Sud qui distribue le mat\u00e9riel. Ainsi, les artisans viennent installer leur marchandise sur une palette dans notre d\u00e9p\u00f4t \u00e0 proximit\u00e9 du centre-ville. Puis on la livre au pied de l&rsquo;immeuble \u00e0 l\u2019heure qui leur convient. La marchandise peut peser jusqu&rsquo;\u00e0 200kg sur une palette.\u00a0\u00bb<\/p>\n<p> <img decoding=\"async\" alt=\"\" data-zoomable=\"\" height=\"1333\" loading=\"lazy\" src=\"https:\/\/www.europesays.com\/fr\/wp-content\/uploads\/2025\/05\/img-9788.JPG\" title=\"\u00a9 Thomas Richardson - Julien Tavernier, g\u00e9rant d'Avelog, laur\u00e9at du troph\u00e9e Innovation.\" width=\"2000\"\/> \u00a9 Thomas Richardson &#8211; Julien Tavernier, g\u00e9rant d&rsquo;Avelog, laur\u00e9at du troph\u00e9e Innovation. <\/p>\n<p>Enfin, le troph\u00e9e coup de c\u0153ur du jury a \u00e9t\u00e9 remis \u00e0 l&rsquo;entreprise <strong>Transports Besson 38<\/strong>, repr\u00e9sent\u00e9e par Hugo Lavest, directeur du r\u00e9seau Besson. <\/p>\n<p>\u00ab\u00a0Depuis 1980, on est implant\u00e9 dans le centre de Grenoble et nous avons entam\u00e9 le verdissement de notre flotte de v\u00e9hicules au biogaz dans la M\u00e9tropole depuis 2013, d\u00e9taille Hugo Lavest. On va\u00a0bient\u00f4t\u00a0renouveler notre parc de v\u00e9hicules au biogaz et nous allons \u00e9largir notre\u00a0p\u00e9rim\u00e8tre de v\u00e9hicules gaz \u00e0 l&rsquo;ensemble du d\u00e9partement. Nous avons \u00e9galement travaill\u00e9 sur notre b\u00e2timent en installant des led pour le travail de nuit et nous avons mis des panneaux qui permettent de laisser passer la lumi\u00e8re naturelle pour l&rsquo;activit\u00e9 de jour.\u00a0\u00bb <\/p>\n<p>A noter que ces troph\u00e9es sont appel\u00e9s \u00e0 devenir un<strong> \u00e9v\u00e9nement annuel<\/strong>.<\/p>\n","protected":false},"excerpt":{"rendered":"Il s&rsquo;agit d&rsquo;une premi\u00e8re \u00e9dition pour la M\u00e9tropole de Grenoble : la remise des troph\u00e9es (sans dotation) de&hellip;\n","protected":false},"author":2,"featured_media":99345,"comment_status":"","ping_status":"","sticky":false,"template":"","format":"standard","meta":{"footnotes":""},"categories":[9566],"tags":[1111,11,2430,1777,674,1011,27,2731,2726,12,25,21371],"class_list":{"0":"post-99344","1":"post","2":"type-post","3":"status-publish","4":"format-standard","5":"has-post-thumbnail","7":"category-grenoble","8":"tag-actu","9":"tag-actualites","10":"tag-auvergne-rhone-alpes","11":"tag-eu","12":"tag-europe","13":"tag-fr","14":"tag-france","15":"tag-grenoble","16":"tag-logistique","17":"tag-news","18":"tag-republique-francaise","19":"tag-trophu00e9es"},"share_on_mastodon":{"url":"https:\/\/pubeurope.com\/@fr\/114506202169360125","error":""},"_links":{"self":[{"href":"https:\/\/www.europesays.com\/fr\/wp-json\/wp\/v2\/posts\/99344","targetHints":{"allow":["GET"]}}],"collection":[{"href":"https:\/\/www.europesays.com\/fr\/wp-json\/wp\/v2\/posts"}],"about":[{"href":"https:\/\/www.europesays.com\/fr\/wp-json\/wp\/v2\/types\/post"}],"author":[{"embeddable":true,"href":"https:\/\/www.europesays.com\/fr\/wp-json\/wp\/v2\/users\/2"}],"replies":[{"embeddable":true,"href":"https:\/\/www.europesays.com\/fr\/wp-json\/wp\/v2\/comments?post=99344"}],"version-history":[{"count":0,"href":"https:\/\/www.europesays.com\/fr\/wp-json\/wp\/v2\/posts\/99344\/revisions"}],"wp:featuredmedia":[{"embeddable":true,"href":"https:\/\/www.europesays.com\/fr\/wp-json\/wp\/v2\/media\/99345"}],"wp:attachment":[{"href":"https:\/\/www.europesays.com\/fr\/wp-json\/wp\/v2\/media?parent=99344"}],"wp:term":[{"taxonomy":"category","embeddable":true,"href":"https:\/\/www.europesays.com\/fr\/wp-json\/wp\/v2\/categories?post=99344"},{"taxonomy":"post_tag","embeddable":true,"href":"https:\/\/www.europesays.com\/fr\/wp-json\/wp\/v2\/tags?post=99344"}],"curies":[{"name":"wp","href":"https:\/\/api.w.org\/{rel}","templated":true}]}}