{"id":99346,"date":"2025-05-14T12:32:08","date_gmt":"2025-05-14T12:32:08","guid":{"rendered":"https:\/\/www.europesays.com\/fr\/99346\/"},"modified":"2025-05-14T12:32:08","modified_gmt":"2025-05-14T12:32:08","slug":"les-pompiers-interviennent-a-lusine-entremont-pour-un-risque-chimique-les-salaries-confines","status":"publish","type":"post","link":"https:\/\/www.europesays.com\/fr\/99346\/","title":{"rendered":"les pompiers interviennent \u00e0 l&rsquo;usine Entremont pour un risque chimique, les salari\u00e9s confin\u00e9s"},"content":{"rendered":"<p>            Par<br \/>\n        <strong><br \/>\n            <a href=\"https:\/\/actu.fr\/auteur\/laurene-fertin\" title=\"Consulter tous les articles de Laur\u00e8ne Fertin\" rel=\"nofollow noopener\" target=\"_blank\">Laur\u00e8ne Fertin<\/a><br \/>\n        <\/strong><\/p>\n<p>        Publi\u00e9 le<\/p>\n<p>            14 mai 2025 \u00e0 13h52        <\/p>\n<p>Les sapeurs-pompiers d\u2019Ille-et-Vilaine ont \u00e9t\u00e9 appel\u00e9s d\u00e8s <strong>9h15<\/strong>, ce mercredi 14\u00a0mai 2025, sur le site de<strong> l\u2019usine de fromage Entremont<\/strong>, \u00e0 Montauban-de-Bretagne (pr\u00e8s de Rennes).<\/p>\n<p class=\" wall-content\">Un d\u00e9gagement de <strong>fum\u00e9e orange,<\/strong> s\u2019\u00e9tant \u00e9chapp\u00e9 d\u2019une cuve, est \u00e0 l\u2019origine du d\u00e9ploiement des soldats du feu, confirme le Codis, le Centre op\u00e9rationnel d\u00e9partemental d\u2019incendie et de secours \u00e0 la r\u00e9daction d\u2019<a href=\"https:\/\/actu.fr\/rennes\" rel=\"nofollow noopener\" target=\"_blank\">actu Rennes<\/a>, confirmant <a href=\"https:\/\/www.ouest-france.fr\/societe\/faits-divers\/en-ille-et-vilaine-300-salaries-dune-usine-de-fromage-confines-suite-a-un-risque-chimique-d6bdfc1a-309b-11f0-aef0-c85dacfe26a6\" rel=\"nofollow noopener\" target=\"_blank\">Ouest-France<\/a>. Les salari\u00e9s ont \u00e9t\u00e9 <strong>confin\u00e9s.<\/strong><\/p>\n<p class=\" wall-content\">\u00c0 l\u2019heure o\u00f9 sont \u00e9crites ces lignes,<strong> 37 sapeurs-pompiers<\/strong> sont <strong>toujours<\/strong>\u00a0<strong>en intervention<\/strong> et effectuent des mesures.<\/p>\n<p class=\" wall-content\">Plus d\u2019informations \u00e0 venir\u2026<\/p>\n<p class=\" wall-content\">Suivez toute l\u2019actualit\u00e9 de vos villes et m\u00e9dias favoris en vous inscrivant \u00e0 <a href=\"https:\/\/moncompte.actu.fr\" title=\"D\u00e9couvez Mon Actu\" rel=\"nofollow noopener\" data-trk=\"{&quot;cta&quot;:{&quot;action&quot;:&quot;https:\\\/\\\/moncompte.actu.fr&quot;,&quot;category&quot;:&quot;mon compte&quot;,&quot;from&quot;:&quot;article footer&quot;,&quot;name&quot;:&quot;Mon actu&quot;,&quot;type&quot;:&quot;cta&quot;}}\" target=\"_blank\">Mon Actu<\/a>.<\/p>\n","protected":false},"excerpt":{"rendered":"Par Laur\u00e8ne Fertin Publi\u00e9 le 14 mai 2025 \u00e0 13h52 Les sapeurs-pompiers d\u2019Ille-et-Vilaine ont \u00e9t\u00e9 appel\u00e9s d\u00e8s 9h15,&hellip;\n","protected":false},"author":2,"featured_media":99347,"comment_status":"","ping_status":"","sticky":false,"template":"","format":"standard","meta":{"footnotes":""},"categories":[2821],"tags":[1111,11,829,1777,674,118,1011,27,12,1311,584,25],"class_list":{"0":"post-99346","1":"post","2":"type-post","3":"status-publish","4":"format-standard","5":"has-post-thumbnail","7":"category-rennes","8":"tag-actu","9":"tag-actualites","10":"tag-bretagne","11":"tag-eu","12":"tag-europe","13":"tag-faits-divers","14":"tag-fr","15":"tag-france","16":"tag-news","17":"tag-pompiers","18":"tag-rennes","19":"tag-republique-francaise"},"share_on_mastodon":{"url":"https:\/\/pubeurope.com\/@fr\/114506206108817985","error":""},"_links":{"self":[{"href":"https:\/\/www.europesays.com\/fr\/wp-json\/wp\/v2\/posts\/99346","targetHints":{"allow":["GET"]}}],"collection":[{"href":"https:\/\/www.europesays.com\/fr\/wp-json\/wp\/v2\/posts"}],"about":[{"href":"https:\/\/www.europesays.com\/fr\/wp-json\/wp\/v2\/types\/post"}],"author":[{"embeddable":true,"href":"https:\/\/www.europesays.com\/fr\/wp-json\/wp\/v2\/users\/2"}],"replies":[{"embeddable":true,"href":"https:\/\/www.europesays.com\/fr\/wp-json\/wp\/v2\/comments?post=99346"}],"version-history":[{"count":0,"href":"https:\/\/www.europesays.com\/fr\/wp-json\/wp\/v2\/posts\/99346\/revisions"}],"wp:featuredmedia":[{"embeddable":true,"href":"https:\/\/www.europesays.com\/fr\/wp-json\/wp\/v2\/media\/99347"}],"wp:attachment":[{"href":"https:\/\/www.europesays.com\/fr\/wp-json\/wp\/v2\/media?parent=99346"}],"wp:term":[{"taxonomy":"category","embeddable":true,"href":"https:\/\/www.europesays.com\/fr\/wp-json\/wp\/v2\/categories?post=99346"},{"taxonomy":"post_tag","embeddable":true,"href":"https:\/\/www.europesays.com\/fr\/wp-json\/wp\/v2\/tags?post=99346"}],"curies":[{"name":"wp","href":"https:\/\/api.w.org\/{rel}","templated":true}]}}