{"id":99350,"date":"2025-05-14T12:34:12","date_gmt":"2025-05-14T12:34:12","guid":{"rendered":"https:\/\/www.europesays.com\/fr\/99350\/"},"modified":"2025-05-14T12:34:12","modified_gmt":"2025-05-14T12:34:12","slug":"strasbourg-lorgue-aux-sonorites-electro-resonnera-a-nouveau-ce-vendredi-a-saint-pierre-le-jeune","status":"publish","type":"post","link":"https:\/\/www.europesays.com\/fr\/99350\/","title":{"rendered":"Strasbourg. L\u2019orgue aux sonorit\u00e9s \u00e9lectro r\u00e9sonnera \u00e0 nouveau ce vendredi \u00e0 Saint-Pierre-le-Jeune"},"content":{"rendered":"<p>Le concert propos\u00e9 par Vincent Affholder, alias sHEPARD &#8211; Electrosoft in public garden, ce vendredi 16\u00a0mai \u00e0 l\u2019\u00e9glise Saint-Pierre-le-Jeune protestante marque <a href=\"https:\/\/www.dna.fr\/culture-loisirs\/2025\/01\/17\/a-saint-pierre-le-jeune-l-electro-entre-dans-l-eglise\" target=\"_blank\" rel=\"nofollow noopener\">la cl\u00f4ture du cycle d\u00e9di\u00e9 aux influences musicales de l\u2019orgue<\/a> , en r\u00e9sonance avec les sensibilit\u00e9s contemporaines, le r\u00e9pertoire sacr\u00e9 et la cr\u00e9ation originale.<\/p>\n<p>Ce contenu est bloqu\u00e9 car vous n&rsquo;avez pas accept\u00e9 les cookies et autres traceurs.<\/p>\n<p>En cliquant sur \u00ab J\u2019accepte \u00bb, les cookies et autres traceurs seront d\u00e9pos\u00e9s et vous pourrez visualiser les contenus  (<a href=\"\" class=\"consentModule_policy\" target=\"_blank\" title=\"Consulter la politique de protection des donn\u00e9es du fournisseur\">plus d&rsquo;informations<\/a>).<\/p>\n<p>En cliquant sur \u00ab J\u2019accepte tous les cookies \u00bb, vous autorisez des d\u00e9p\u00f4ts de cookies et autres traceurs pour le stockage de vos donn\u00e9es sur nos sites et applications \u00e0 des fins de personnalisation et de ciblage publicitaire.<\/p>\n<p class=\"consentModule_secondaryText\">Vous gardez la possibilit\u00e9 de retirer votre consentement \u00e0 tout moment en consultant notre <a href=\"https:\/\/www.dna.fr\/protection-des-donnees\" target=\"_blank\" title=\"Consulter notre politique de protection des donn\u00e9es\" rel=\"nofollow noopener\">politique de protection des donn\u00e9es<\/a>. <br \/>&#13;<br \/>\n            <a href=\"https:\/\/www.dna.fr\/culture-loisirs\/2025\/05\/14\/javascript:Didomi.notice.show()\" class=\"consentModule_cmp\" rel=\"nofollow noopener\" target=\"_blank\">G\u00e9rer mes choix<\/a>&#13;\n        <\/p>\n<p>&#13;<br \/>\n                        J&rsquo;accepte&#13;<br \/>\n            J&rsquo;accepte tous les cookies&#13;\n        <\/p>\n<p>Il s\u2019agira \u00e9galement de l\u2019avant-derni\u00e8re occasion d\u2019entendre l\u2019orgue en concert avant les travaux de relevage, qui d\u00e9buteront le 28\u00a0mai et s\u2019\u00e9taleront jusqu\u2019\u00e0 d\u00e9but juillet.<\/p>\n<p>  Une cr\u00e9ation en cinq mouvements<\/p>\n<p>Au programme de la soir\u00e9e\u00a0: Apparition de l\u2019\u00e9glise \u00e9ternell e, d\u2019Olivier Messiaen, ainsi que des extraits des Cinq versets sur le Victimae Paschali , de Thierry Escaich\u00a0; deux compositeurs majeurs des XXe et XXIe \u00a0si\u00e8cles, oscillant entre mystique, modernit\u00e9 et expressivit\u00e9 contemporaine.<\/p>\n<p>Dans la foul\u00e9e, le public pourra entendre \u00a0Clouds Rest Suite , une cr\u00e9ation de sHEPARD &#8211; EIPG. Une suite en cinq mouvements, compos\u00e9e dans le cadre de la r\u00e9sidence, \u00ab\u00a0m\u00ealant influences romantiques et minimalistes, synesth\u00e9sie sonore et \u00e9vocation du mythique sommet des Yosemite, Clouds Rest\u00a0\u00bb, pr\u00e9cise le compositeur. <a href=\"https:\/\/www.dna.fr\/culture-loisirs\/2025\/03\/07\/quant-l-orgue-rencontre-la-musique-electro-un-dialogue-immersif-a-saint-pierre-le-jeune\" target=\"_blank\" rel=\"nofollow noopener\">Apr\u00e8s cinq mois de travail et plusieurs pr\u00e9sentations partielles lors des concerts pr\u00e9c\u00e9dents<\/a> , la suite sera interpr\u00e9t\u00e9e pour la premi\u00e8re fois dans son int\u00e9gralit\u00e9.<\/p>\n<p>Le public est en outre invit\u00e9 \u00e0 voter en ligne sur le site de sHEPARD parmi les pi\u00e8ces jou\u00e9es lors des deux premiers concerts propos\u00e9s (avec, au choix, des \u0153uvres de Bach, Satie et Philip Glass). Les quatre \u0153uvres ayant obtenu le plus de voix seront jou\u00e9es vendredi.<\/p>\n<p>La soir\u00e9e verra la participation de Vincent Zuschlag, professeur agr\u00e9g\u00e9, qui proposera des cl\u00e9s d\u2019\u00e9coute p\u00e9dagogiques et accessibles pour accompagner le public dans la d\u00e9couverte des \u0153uvres. Le jeu de l\u2019organiste sera retransmis en direct sur grand \u00e9cran, offrant une immersion visuelle et sonore compl\u00e8te.<\/p>\n<p class=\"note\">Vendredi 16\u00a0mai \u00e0 20\u00a0h \u00e0 l\u2019\u00e9glise Saint-Pierre-le-Jeune protestante, place Saint-Pierre-le-Jeune \u00e0 Strasbourg. Entr\u00e9e libre. R\u00e9servation conseill\u00e9e. Plus d\u2019infos\u00a0: https:\/\/shepardelectrosoft.com<\/p>\n","protected":false},"excerpt":{"rendered":"Le concert propos\u00e9 par Vincent Affholder, alias sHEPARD &#8211; Electrosoft in public garden, ce vendredi 16\u00a0mai \u00e0 l\u2019\u00e9glise&hellip;\n","protected":false},"author":2,"featured_media":99351,"comment_status":"","ping_status":"","sticky":false,"template":"","format":"standard","meta":{"footnotes":""},"categories":[2820],"tags":[1111,11,1687,2880,1777,674,107,1011,27,775,873,12,2661,25,640,2879],"class_list":{"0":"post-99350","1":"post","2":"type-post","3":"status-publish","4":"format-standard","5":"has-post-thumbnail","7":"category-strasbourg","8":"tag-actu","9":"tag-actualites","10":"tag-culture-loisirs","11":"tag-edition-strasbourg","12":"tag-eu","13":"tag-europe","14":"tag-fil-info","15":"tag-fr","16":"tag-france","17":"tag-grand-est","18":"tag-musique","19":"tag-news","20":"tag-patrimoine-culturel","21":"tag-republique-francaise","22":"tag-strasbourg","23":"tag-strasbourg-ville"},"share_on_mastodon":{"url":"https:\/\/pubeurope.com\/@fr\/114506214541110900","error":""},"_links":{"self":[{"href":"https:\/\/www.europesays.com\/fr\/wp-json\/wp\/v2\/posts\/99350","targetHints":{"allow":["GET"]}}],"collection":[{"href":"https:\/\/www.europesays.com\/fr\/wp-json\/wp\/v2\/posts"}],"about":[{"href":"https:\/\/www.europesays.com\/fr\/wp-json\/wp\/v2\/types\/post"}],"author":[{"embeddable":true,"href":"https:\/\/www.europesays.com\/fr\/wp-json\/wp\/v2\/users\/2"}],"replies":[{"embeddable":true,"href":"https:\/\/www.europesays.com\/fr\/wp-json\/wp\/v2\/comments?post=99350"}],"version-history":[{"count":0,"href":"https:\/\/www.europesays.com\/fr\/wp-json\/wp\/v2\/posts\/99350\/revisions"}],"wp:featuredmedia":[{"embeddable":true,"href":"https:\/\/www.europesays.com\/fr\/wp-json\/wp\/v2\/media\/99351"}],"wp:attachment":[{"href":"https:\/\/www.europesays.com\/fr\/wp-json\/wp\/v2\/media?parent=99350"}],"wp:term":[{"taxonomy":"category","embeddable":true,"href":"https:\/\/www.europesays.com\/fr\/wp-json\/wp\/v2\/categories?post=99350"},{"taxonomy":"post_tag","embeddable":true,"href":"https:\/\/www.europesays.com\/fr\/wp-json\/wp\/v2\/tags?post=99350"}],"curies":[{"name":"wp","href":"https:\/\/api.w.org\/{rel}","templated":true}]}}