{"id":99356,"date":"2025-05-14T12:37:11","date_gmt":"2025-05-14T12:37:11","guid":{"rendered":"https:\/\/www.europesays.com\/fr\/99356\/"},"modified":"2025-05-14T12:37:11","modified_gmt":"2025-05-14T12:37:11","slug":"les-jolies-images-de-la-lune-des-fleurs-ce-lundi-a-nice-2","status":"publish","type":"post","link":"https:\/\/www.europesays.com\/fr\/99356\/","title":{"rendered":"Les jolies images de la lune des fleurs ce lundi \u00e0 Nice"},"content":{"rendered":"<p>Jean Mortini, <a href=\"https:\/\/www.nicematin.com\/belle-histoire\/photos-on-a-rencontre-le-mysterieux-lecteur-qui-nous-envoie-tous-les-jours-des-photos-sublimes-du-ciel-de-nice-447954\" target=\"_blank\" rel=\"noopener nofollow\">qui nous envoie des photos du ciel de Nice prises depuis son balcon depuis des ann\u00e9es<\/a>, nous a transmis de belles images de la \u00ab\u00a0lune rose\u00a0\u00bb qui s&rsquo;est invit\u00e9e dans le ciel lundi soir.\u00a0<\/p>\n<p>En mai, cette jolie pleine lune est surnomm\u00e9e <strong>\u00ab\u00a0pleine lune des fleurs\u00a0\u00bb<\/strong>, en r\u00e9f\u00e9rence \u00e0 la floraison qui est importante \u00e0 cette p\u00e9riode de l&rsquo;ann\u00e9e et aussi au fait que c&rsquo;est la derni\u00e8re pleine lune du printemps.\u00a0<\/p>\n<p>              <img ci-src=\"https:\/\/www.varmatin.com\/environnement\/12052025-DSCN8099-vTV8oYfo.jpg?ci_seal=24482efa31\" alt=\"\"\/><br \/>\n        La lune des fleurs depuis Nice le lundi 12 mai 2025.  <strong>Photo Jean Mortini.<\/strong> <\/p>\n<p>              <img ci-src=\"https:\/\/www.varmatin.com\/environnement\/12052025-DSCN8109-jy5ijliE.jpg?ci_seal=89ecda6466\" alt=\"\"\/><br \/>\n        La lune des fleurs depuis Nice le lundi 12 mai 2025.  <strong>Photo Jean Mortini.<\/strong> <\/p>\n<p>Cette ann\u00e9e, elle a atteint son apog\u00e9e \u00e0 1h53, heure de Paris, dans la nuit du lundi 12 au mardi 13 mai.\u00a0<\/p>\n<p>La pleine lune est aussi <strong>surnomm\u00e9e \u00ab\u00a0rose\u00a0\u00bb mais ne l&rsquo;est pas vraiment <\/strong>comme on peut le voir sur les clich\u00e9s de Jean Mortini. Cette appellation <a href=\"https:\/\/www.nicematin.com\/sciences\/la-pleine-lune-rose-sera-observable-depuis-la-cote-d-azur-ce-dimanche-voici-ce-qu-il-faut-savoir-981772\" target=\"_blank\" rel=\"noopener nofollow\">vient du Vieil Almanach des fermiers<\/a>. Un livre assez vieux qui, lui-m\u00eame, se base sur des traditions am\u00e9rindiennes et coloniales. Comme la Nasa reprend elle-m\u00eame ces sobriquets, ils sont rest\u00e9s dans le langage courant aujourd\u2019hui.<\/p>\n<p>              <img ci-src=\"https:\/\/www.varmatin.com\/environnement\/12052025-DSCN8108-BGt4WR9L.jpg?ci_seal=dfe918ce90\" alt=\"\"\/><br \/>\n        La lune des fleurs depuis Nice le lundi 12 mai 2025.  <strong>Photo Jean Mortini.<\/strong> <\/p>\n","protected":false},"excerpt":{"rendered":"Jean Mortini, qui nous envoie des photos du ciel de Nice prises depuis son balcon depuis des ann\u00e9es,&hellip;\n","protected":false},"author":2,"featured_media":99226,"comment_status":"","ping_status":"","sticky":false,"template":"","format":"standard","meta":{"footnotes":""},"categories":[2819],"tags":[1111,11,436,1777,674,1011,27,12,2401,882,25,3366],"class_list":{"0":"post-99356","1":"post","2":"type-post","3":"status-publish","4":"format-standard","5":"has-post-thumbnail","7":"category-nice","8":"tag-actu","9":"tag-actualites","10":"tag-environnement","11":"tag-eu","12":"tag-europe","13":"tag-fr","14":"tag-france","15":"tag-news","16":"tag-nice","17":"tag-provence-alpes-cote-dazur","18":"tag-republique-francaise","19":"tag-vie-locale"},"share_on_mastodon":{"url":"https:\/\/pubeurope.com\/@fr\/114506225665060088","error":""},"_links":{"self":[{"href":"https:\/\/www.europesays.com\/fr\/wp-json\/wp\/v2\/posts\/99356","targetHints":{"allow":["GET"]}}],"collection":[{"href":"https:\/\/www.europesays.com\/fr\/wp-json\/wp\/v2\/posts"}],"about":[{"href":"https:\/\/www.europesays.com\/fr\/wp-json\/wp\/v2\/types\/post"}],"author":[{"embeddable":true,"href":"https:\/\/www.europesays.com\/fr\/wp-json\/wp\/v2\/users\/2"}],"replies":[{"embeddable":true,"href":"https:\/\/www.europesays.com\/fr\/wp-json\/wp\/v2\/comments?post=99356"}],"version-history":[{"count":0,"href":"https:\/\/www.europesays.com\/fr\/wp-json\/wp\/v2\/posts\/99356\/revisions"}],"wp:featuredmedia":[{"embeddable":true,"href":"https:\/\/www.europesays.com\/fr\/wp-json\/wp\/v2\/media\/99226"}],"wp:attachment":[{"href":"https:\/\/www.europesays.com\/fr\/wp-json\/wp\/v2\/media?parent=99356"}],"wp:term":[{"taxonomy":"category","embeddable":true,"href":"https:\/\/www.europesays.com\/fr\/wp-json\/wp\/v2\/categories?post=99356"},{"taxonomy":"post_tag","embeddable":true,"href":"https:\/\/www.europesays.com\/fr\/wp-json\/wp\/v2\/tags?post=99356"}],"curies":[{"name":"wp","href":"https:\/\/api.w.org\/{rel}","templated":true}]}}