{"id":99359,"date":"2025-05-14T12:39:08","date_gmt":"2025-05-14T12:39:08","guid":{"rendered":"https:\/\/www.europesays.com\/fr\/99359\/"},"modified":"2025-05-14T12:39:08","modified_gmt":"2025-05-14T12:39:08","slug":"un-policier-mis-en-examen-pour-viol-et-agression-sexuelle-sur-un-garcon-de-8-ans","status":"publish","type":"post","link":"https:\/\/www.europesays.com\/fr\/99359\/","title":{"rendered":"un policier mis en examen pour viol et agression sexuelle sur un gar\u00e7on de 8 ans"},"content":{"rendered":"<p>            Par<br \/>\n        <strong><br \/>\n            <a href=\"https:\/\/actu.fr\/auteur\/laure-gentil\" title=\"Consulter tous les articles de Laure Gentil\" rel=\"nofollow noopener\" target=\"_blank\">Laure Gentil<\/a><br \/>\n        <\/strong><\/p>\n<p>        Publi\u00e9 le<\/p>\n<p>            14 mai 2025 \u00e0 14h16        <\/p>\n<p>Un<strong> policier du commissariat central<\/strong> Waldeck Rousseau de <strong>Nantes<\/strong> a \u00e9t\u00e9 mis en examen d\u00e9but mai pour <strong>viol et agression sexuelle<\/strong> sur un mineur de 8\u00a0ans. <a href=\"https:\/\/www.ouest-france.fr\/societe\/faits-divers\/un-policier-de-nantes-mis-en-examen-pour-viol-et-agression-sexuelle-sur-un-garcon-de-8-ans-1846713e-3002-11f0-a780-38f15a8a5638\" rel=\"nofollow noopener\" target=\"_blank\">Selon le quotidien Ouest-France, qui a r\u00e9v\u00e9l\u00e9 l\u2019information<\/a>, le policier a \u00e9t\u00e9 plac\u00e9 <strong>en d\u00e9tention provisoire<\/strong>.<\/p>\n<p class=\" wall-content\">Contact\u00e9e par\u00a0actu Nantes, la police de Nantes <strong>confirme cette mise en examen,<\/strong> mais a refus\u00e9 de commenter davantage le dossier, l\u2019instruction \u00e9tant toujours en cours.<\/p>\n<p>Dossier d\u00e9pays\u00e9<\/p>\n<p class=\" wall-content\">Le policer serait \u00e2g\u00e9 d\u2019une quarantaine d\u2019ann\u00e9es et aurait \u00e9t\u00e9 plac\u00e9, dans un premier temps, en garde \u00e0 vue \u00e0 la <strong>brigade de recherches de Rez\u00e9.<\/strong> L\u2019affaire a \u00e9t\u00e9 d\u00e9pays\u00e9e au <strong>parquet de Rennes<\/strong>. Sollicit\u00e9 par actu Nantes, le<a href=\"https:\/\/actu.fr\/bretagne\/rennes_35238\/rennes-qui-est-frederic-teillet-nouveau-procureur-de-la-republique_61669894.html\" rel=\"nofollow noopener\" target=\"_blank\"> procureur Fr\u00e9d\u00e9ric Teillet<\/a>, n\u2019a pas encore r\u00e9pondu \u00e0 nos demandes \u00e0 l\u2019heure ou nous publions ces lignes.<\/p>\n<p class=\" wall-content\">Ouest-France indique que le policier est suspect\u00e9 d\u2019avoir viol\u00e9 et agress\u00e9 sexuellement un ami de son fils, dont il a la garde. La victime aurait signal\u00e9 les faits.<\/p>\n<p class=\" wall-content\">Le mis en cause aurait travaill\u00e9 pour la<strong> brigade de protection de la famille<\/strong> (elles interviennent en cas de violences intrafamiliales ou conjugales N.D.L.R.). Sa demande de transfert en<strong> brigade des mineurs<\/strong> aurait \u00e9t\u00e9 refus\u00e9e suite \u00e0 une sanction prise \u00e0 son encontre apr\u00e8s des comportements inappropri\u00e9s envers une coll\u00e8gue.<\/p>\n<p>Vid\u00e9os : en ce moment sur Actu<\/p>\n<p class=\" wall-content\">Suivez toute l\u2019actualit\u00e9 de vos villes et m\u00e9dias favoris en vous inscrivant \u00e0 <a href=\"https:\/\/moncompte.actu.fr\" title=\"D\u00e9couvez Mon Actu\" rel=\"nofollow noopener\" data-trk=\"{&quot;cta&quot;:{&quot;action&quot;:&quot;https:\\\/\\\/moncompte.actu.fr&quot;,&quot;category&quot;:&quot;mon compte&quot;,&quot;from&quot;:&quot;article footer&quot;,&quot;name&quot;:&quot;Mon actu&quot;,&quot;type&quot;:&quot;cta&quot;}}\" target=\"_blank\">Mon Actu<\/a>.<\/p>\n","protected":false},"excerpt":{"rendered":"Par Laure Gentil Publi\u00e9 le 14 mai 2025 \u00e0 14h16 Un policier du commissariat central Waldeck Rousseau de&hellip;\n","protected":false},"author":2,"featured_media":99360,"comment_status":"","ping_status":"","sticky":false,"template":"","format":"standard","meta":{"footnotes":""},"categories":[2818],"tags":[1111,11,1719,1777,674,118,1011,27,766,12,2636,1072,25,799],"class_list":{"0":"post-99359","1":"post","2":"type-post","3":"status-publish","4":"format-standard","5":"has-post-thumbnail","7":"category-nantes","8":"tag-actu","9":"tag-actualites","10":"tag-enfants","11":"tag-eu","12":"tag-europe","13":"tag-faits-divers","14":"tag-fr","15":"tag-france","16":"tag-nantes","17":"tag-news","18":"tag-pays-de-la-loire","19":"tag-police","20":"tag-republique-francaise","21":"tag-violences-sexuelles"},"share_on_mastodon":{"url":"https:\/\/pubeurope.com\/@fr\/114506233499629727","error":""},"_links":{"self":[{"href":"https:\/\/www.europesays.com\/fr\/wp-json\/wp\/v2\/posts\/99359","targetHints":{"allow":["GET"]}}],"collection":[{"href":"https:\/\/www.europesays.com\/fr\/wp-json\/wp\/v2\/posts"}],"about":[{"href":"https:\/\/www.europesays.com\/fr\/wp-json\/wp\/v2\/types\/post"}],"author":[{"embeddable":true,"href":"https:\/\/www.europesays.com\/fr\/wp-json\/wp\/v2\/users\/2"}],"replies":[{"embeddable":true,"href":"https:\/\/www.europesays.com\/fr\/wp-json\/wp\/v2\/comments?post=99359"}],"version-history":[{"count":0,"href":"https:\/\/www.europesays.com\/fr\/wp-json\/wp\/v2\/posts\/99359\/revisions"}],"wp:featuredmedia":[{"embeddable":true,"href":"https:\/\/www.europesays.com\/fr\/wp-json\/wp\/v2\/media\/99360"}],"wp:attachment":[{"href":"https:\/\/www.europesays.com\/fr\/wp-json\/wp\/v2\/media?parent=99359"}],"wp:term":[{"taxonomy":"category","embeddable":true,"href":"https:\/\/www.europesays.com\/fr\/wp-json\/wp\/v2\/categories?post=99359"},{"taxonomy":"post_tag","embeddable":true,"href":"https:\/\/www.europesays.com\/fr\/wp-json\/wp\/v2\/tags?post=99359"}],"curies":[{"name":"wp","href":"https:\/\/api.w.org\/{rel}","templated":true}]}}