{"id":993617,"date":"2026-06-11T19:04:21","date_gmt":"2026-06-11T19:04:21","guid":{"rendered":"https:\/\/www.europesays.com\/fr\/993617\/"},"modified":"2026-06-11T19:04:21","modified_gmt":"2026-06-11T19:04:21","slug":"il-recoit-depuis-cinq-ans-des-contraventions-pour-des-infractions-en-italie-ou-il-nest-jamais-alle","status":"publish","type":"post","link":"https:\/\/www.europesays.com\/fr\/993617\/","title":{"rendered":"Il re\u00e7oit depuis cinq ans des contraventions pour des infractions en Italie\u2026 o\u00f9 il n\u2019est jamais all\u00e9"},"content":{"rendered":"<p>Une erreur administrative empoisonne la vie de Jacques, un habitant de\u00a0Rosi\u00e8res-en-Santerre (<a href=\"https:\/\/www.20minutes.fr\/dossier\/somme\" class=\"c-link c-link--is-underlined\" rel=\"nofollow noopener\" target=\"_blank\">Somme<\/a>). Alors qu\u2019il n\u2019a jamais mis\u00a0les pieds en <a href=\"https:\/\/www.20minutes.fr\/dossier\/italie\" class=\"c-link c-link--is-underlined\" rel=\"nofollow noopener\" target=\"_blank\">Italie<\/a>, l\u2019homme re\u00e7oit depuis cinq ans des contraventions li\u00e9es \u00e0 des infractions routi\u00e8res qui y ont \u00e9t\u00e9 commises, rapporte <a href=\"https:\/\/www.ici.fr\/emissions\/l-info-d-ici-ici-picardie\/j-en-dors-plus-la-nuit-a-rosieres-en-santerre-jacques-conteste-depuis-cinq-ans-des-amendes-venues-d-italie-8527386\" rel=\"nofollow noopener\" target=\"_blank\" class=\"c-link c-link--is-underlined\">ici Picardie<\/a>.<\/p>\n<p>\u00ab\u00a0J\u2019ai peur qu\u2019ils me saisissent de l\u2019argent directement sur mon compte, j\u2019en dors plus la nuit\u00a0\u00bb, confie l\u2019homme \u00e0 nos confr\u00e8res. En\u00a02021, il fait l\u2019acquisition d\u2019un nouveau v\u00e9hicule dans un garage \u00e0 <a href=\"https:\/\/www.20minutes.fr\/societe\/amiens\/\" class=\"c-link c-link--is-underlined\" rel=\"nofollow noopener\" target=\"_blank\">Amiens<\/a>. Une\u00a0plaque\u00a0provisoire lui est alors attribu\u00e9e dans l\u2019attente de l\u2019immatriculation d\u00e9finitive. En octobre de cette m\u00eame ann\u00e9e, il re\u00e7oit les premi\u00e8res contraventions pour des exc\u00e8s de vitesse, des stationnements irr\u00e9guliers et de p\u00e9age. Certaines infractions ont m\u00eame \u00e9t\u00e9 commises avant l\u2019achat de Jacques.<\/p>\n<p>Des courriers de soci\u00e9t\u00e9s de recouvrement<\/p>\n<p>Avec l\u2019aide d\u2019une amie, il finit par obtenir gain de cause avec l\u2019annulation des proc\u00e9dures pour usurpation de plaque. D\u2019autant plus que la voiture fautive est une <a href=\"https:\/\/www.20minutes.fr\/dossier\/audi\" class=\"c-link c-link--is-underlined\" rel=\"nofollow noopener\" target=\"_blank\">Audi<\/a>, alors que l\u2019homme conduit une Jeep Renegade, comme le montrent les photos.<\/p>\n<\/p>\n<p>Une premi\u00e8re victoire qui n\u2019a pas emp\u00each\u00e9\u00a0les courriers des soci\u00e9t\u00e9s de recouvrement \u00e9trang\u00e8res d\u2019arriver chez lui. Il\u00a0finit par remarquer que l\u2019immatriculation de la voiture fautive est similaire \u00e0 celle de sa plaque temporaire. Il d\u00e9cide donc de solliciter la justice fran\u00e7aise, l\u2019agence nationale des titres s\u00e9curis\u00e9s (ANTS) et les ambassades, en vain. \u00ab\u00a0C\u2019est toujours stressant\u00a0\u00bb, souffle l\u2019homme, \u00e9puis\u00e9, \u00e0 nos confr\u00e8res.<\/p>\n","protected":false},"excerpt":{"rendered":"Une erreur administrative empoisonne la vie de Jacques, un habitant de\u00a0Rosi\u00e8res-en-Santerre (Somme). Alors qu\u2019il n\u2019a jamais mis\u00a0les pieds&hellip;\n","protected":false},"author":2,"featured_media":993618,"comment_status":"","ping_status":"","sticky":false,"template":"","format":"standard","meta":{"footnotes":"","_share_on_mastodon":"0"},"categories":[4],"tags":[47,11,43848,1011,27,811,452,12,812,25,104,1941,4752],"class_list":["post-993617","post","type-post","status-publish","format-standard","has-post-thumbnail","category-france","tag-actualite","tag-actualites","tag-contravention","tag-fr","tag-france","tag-hauts-de-france","tag-italie","tag-news","tag-picardie","tag-republique-francaise","tag-societe","tag-somme","tag-voiture"],"share_on_mastodon":{"url":"https:\/\/pubeurope.com\/@fr\/116733035530417878","error":""},"_links":{"self":[{"href":"https:\/\/www.europesays.com\/fr\/wp-json\/wp\/v2\/posts\/993617","targetHints":{"allow":["GET"]}}],"collection":[{"href":"https:\/\/www.europesays.com\/fr\/wp-json\/wp\/v2\/posts"}],"about":[{"href":"https:\/\/www.europesays.com\/fr\/wp-json\/wp\/v2\/types\/post"}],"author":[{"embeddable":true,"href":"https:\/\/www.europesays.com\/fr\/wp-json\/wp\/v2\/users\/2"}],"replies":[{"embeddable":true,"href":"https:\/\/www.europesays.com\/fr\/wp-json\/wp\/v2\/comments?post=993617"}],"version-history":[{"count":0,"href":"https:\/\/www.europesays.com\/fr\/wp-json\/wp\/v2\/posts\/993617\/revisions"}],"wp:featuredmedia":[{"embeddable":true,"href":"https:\/\/www.europesays.com\/fr\/wp-json\/wp\/v2\/media\/993618"}],"wp:attachment":[{"href":"https:\/\/www.europesays.com\/fr\/wp-json\/wp\/v2\/media?parent=993617"}],"wp:term":[{"taxonomy":"category","embeddable":true,"href":"https:\/\/www.europesays.com\/fr\/wp-json\/wp\/v2\/categories?post=993617"},{"taxonomy":"post_tag","embeddable":true,"href":"https:\/\/www.europesays.com\/fr\/wp-json\/wp\/v2\/tags?post=993617"}],"curies":[{"name":"wp","href":"https:\/\/api.w.org\/{rel}","templated":true}]}}