{"id":99364,"date":"2025-05-14T12:42:08","date_gmt":"2025-05-14T12:42:08","guid":{"rendered":"https:\/\/www.europesays.com\/fr\/99364\/"},"modified":"2025-05-14T12:42:08","modified_gmt":"2025-05-14T12:42:08","slug":"operation-de-demoustication-dans-une-commune-pres-de-toulouse-apres-detection-dun-cas-de-virus-transmissible","status":"publish","type":"post","link":"https:\/\/www.europesays.com\/fr\/99364\/","title":{"rendered":"Op\u00e9ration de d\u00e9moustication dans une commune pr\u00e8s de Toulouse apr\u00e8s d\u00e9tection d&rsquo;un cas de virus transmissible"},"content":{"rendered":"<p>            Par<br \/>\n        <strong><br \/>\n            <a href=\"https:\/\/actu.fr\/auteur\/david-saint-sernin\" title=\"Consulter tous les articles de David Saint-Sernin\" rel=\"nofollow noopener\" target=\"_blank\">David Saint-Sernin<\/a><br \/>\n        <\/strong><\/p>\n<p>        Publi\u00e9 le<\/p>\n<p>            14 mai 2025 \u00e0 13h36        <\/p>\n<p>Ce mois de mai\u00a02025 marque le retour <a href=\"https:\/\/actu.fr\/occitanie\/toulouse_31555\/toulouse-les-habitants-pourront-bientot-acheter-des-pieges-a-moustiques-a-prix-reduits_62529879.html\" rel=\"nofollow noopener\" target=\"_blank\">des moustiques tigre<\/a> et du risque de propagation de certains virus transmissibles par ces insectes.<\/p>\n<p>Op\u00e9ration de d\u00e9moustication<\/p>\n<p class=\" wall-content\">Suite \u00e0 la<strong> d\u00e9tection d\u2019un cas de virus transmissible<\/strong> par le moustique tigre (chikungunya, dengue ou Zika) sur la commune de <a href=\"https:\/\/actu.fr\/occitanie\/plaisance-du-touch_31424\" rel=\"nofollow noopener\" target=\"_blank\">Plaisance-du-Touch (Haute-Garonne),<\/a> cette commune a annonc\u00e9 qu\u2019une <strong>op\u00e9ration de d\u00e9moustication<\/strong> aura lieu dans la nuit du mercredi\u00a014 au jeudi 15\u00a0mai 2025, en collaboration avec l\u2019Agence R\u00e9gionale de Sant\u00e9 (ARS).<\/p>\n<p class=\" wall-content\">\u00ab\u00a0Une op\u00e9ration de d\u00e9moustication, effectu\u00e9e par l\u2019entreprise Altopictus, se d\u00e9roulera cette nuit, du mercredi\u00a014 au jeudi 15\u00a0mai, entre 23h et 6h du matin (sauf conditions m\u00e9t\u00e9orologiques d\u00e9favorables). Ce traitement a pour but d\u2019\u00e9liminer les populations adultes de moustique tigre qui pourraient avoir \u00e9t\u00e9 en contact <strong>avec un patient porteur d\u2019un arbovirus (dengue, chikungunya, dengue) de passage dans la commune.<\/strong><\/p>\n<p>Les rues concern\u00e9es par l\u2019op\u00e9ration<\/p>\n<p class=\" wall-content\">L\u2019op\u00e9ration de d\u00e9moustication se d\u00e9roulera dans les rues suivantes\u2009:<\/p>\n<ul class=\" wall-content\">\n<li>Rue Andr\u00e9 Rohane<\/li>\n<li>Rue de Cousteau<\/li>\n<li>Rue Jean Mermoz<\/li>\n<li>Impasse des Marguerites<\/li>\n<li>Rue des Jasmins<\/li>\n<li>Rue Saint-R\u00e9my-de-Provence<\/li>\n<li>Rue de l\u2019Ousseau<\/li>\n<\/ul>\n<p class=\" wall-content\">C\u2019est tout un quartier qui a donc \u00e9t\u00e9 cibl\u00e9 pour cette op\u00e9ration qui est l\u2019une des premi\u00e8res de l\u2019ann\u00e9e 2025 dans notre d\u00e9partement. Et certainement pas la derni\u00e8re.<\/p>\n<p>Vid\u00e9os : en ce moment sur Actu<\/p>\n<p class=\" wall-content\">Suivez toute l\u2019actualit\u00e9 de vos villes et m\u00e9dias favoris en vous inscrivant \u00e0 <a href=\"https:\/\/moncompte.actu.fr\" title=\"D\u00e9couvez Mon Actu\" rel=\"nofollow noopener\" data-trk=\"{&quot;cta&quot;:{&quot;action&quot;:&quot;https:\\\/\\\/moncompte.actu.fr&quot;,&quot;category&quot;:&quot;mon compte&quot;,&quot;from&quot;:&quot;article footer&quot;,&quot;name&quot;:&quot;Mon actu&quot;,&quot;type&quot;:&quot;cta&quot;}}\" target=\"_blank\">Mon Actu<\/a>.<\/p>\n","protected":false},"excerpt":{"rendered":"Par David Saint-Sernin Publi\u00e9 le 14 mai 2025 \u00e0 13h36 Ce mois de mai\u00a02025 marque le retour des&hellip;\n","protected":false},"author":2,"featured_media":99365,"comment_status":"","ping_status":"","sticky":false,"template":"","format":"standard","meta":{"footnotes":""},"categories":[2816],"tags":[1111,11,1777,674,1011,27,2856,12,2680,25,104,2312],"class_list":{"0":"post-99364","1":"post","2":"type-post","3":"status-publish","4":"format-standard","5":"has-post-thumbnail","7":"category-toulouse","8":"tag-actu","9":"tag-actualites","10":"tag-eu","11":"tag-europe","12":"tag-fr","13":"tag-france","14":"tag-moustique-tigre","15":"tag-news","16":"tag-occitanie","17":"tag-republique-francaise","18":"tag-societe","19":"tag-toulouse"},"share_on_mastodon":{"url":"https:\/\/pubeurope.com\/@fr\/114506245417217487","error":""},"_links":{"self":[{"href":"https:\/\/www.europesays.com\/fr\/wp-json\/wp\/v2\/posts\/99364","targetHints":{"allow":["GET"]}}],"collection":[{"href":"https:\/\/www.europesays.com\/fr\/wp-json\/wp\/v2\/posts"}],"about":[{"href":"https:\/\/www.europesays.com\/fr\/wp-json\/wp\/v2\/types\/post"}],"author":[{"embeddable":true,"href":"https:\/\/www.europesays.com\/fr\/wp-json\/wp\/v2\/users\/2"}],"replies":[{"embeddable":true,"href":"https:\/\/www.europesays.com\/fr\/wp-json\/wp\/v2\/comments?post=99364"}],"version-history":[{"count":0,"href":"https:\/\/www.europesays.com\/fr\/wp-json\/wp\/v2\/posts\/99364\/revisions"}],"wp:featuredmedia":[{"embeddable":true,"href":"https:\/\/www.europesays.com\/fr\/wp-json\/wp\/v2\/media\/99365"}],"wp:attachment":[{"href":"https:\/\/www.europesays.com\/fr\/wp-json\/wp\/v2\/media?parent=99364"}],"wp:term":[{"taxonomy":"category","embeddable":true,"href":"https:\/\/www.europesays.com\/fr\/wp-json\/wp\/v2\/categories?post=99364"},{"taxonomy":"post_tag","embeddable":true,"href":"https:\/\/www.europesays.com\/fr\/wp-json\/wp\/v2\/tags?post=99364"}],"curies":[{"name":"wp","href":"https:\/\/api.w.org\/{rel}","templated":true}]}}