{"id":99368,"date":"2025-05-14T12:44:13","date_gmt":"2025-05-14T12:44:13","guid":{"rendered":"https:\/\/www.europesays.com\/fr\/99368\/"},"modified":"2025-05-14T12:44:13","modified_gmt":"2025-05-14T12:44:13","slug":"voici-les-brocantes-et-vide-greniers-organises-dans-le-nord-le-week-end-des-17-et-18-mai","status":"publish","type":"post","link":"https:\/\/www.europesays.com\/fr\/99368\/","title":{"rendered":"Voici les brocantes et vide-greniers organis\u00e9s dans le Nord le week-end des 17 et 18 mai"},"content":{"rendered":"<p>            Par<br \/>\n        <strong><br \/>\n            <a href=\"https:\/\/actu.fr\/auteur\/hervine-mahaud\" title=\"Consulter tous les articles de Hervine Mahaud\" target=\"_blank\" rel=\"noopener\">Hervine Mahaud<\/a><br \/>\n        <\/strong><\/p>\n<p>        Publi\u00e9 le<\/p>\n<p>            14 mai 2025 \u00e0 12h00        <\/p>\n<p>C\u2019est un exceptionnel <b>week-end<\/b> de chine qui se profile, avec le soleil qui devrait \u00eatre au rendez-vous et la myriade d\u2019\u00e9v\u00e9nements pr\u00e9vus. En effet, samedi\u00a017 et dimanche 18\u00a0mai 2025, \u00e9norm\u00e9ment de <b>brocantes<\/b>, <b>vide-greniers<\/b> et autres <b>braderies<\/b> sont organis\u00e9s dans le <b>Nord<\/b>. Et s\u2019il vous reste encore du temps, vous pouvez <a href=\"https:\/\/actu.fr\/loisirs-culture\/voici-les-brocantes-et-marches-aux-puces-organises-dans-le-pas-de-calais-ces-samedi-17-et-dimanche-18-mai_62632896.html\" target=\"_blank\" rel=\"noopener\">jeter un \u0153il aux march\u00e9s aux puces pr\u00e9vus dans le Pas-de-Calais<\/a>.<\/p>\n<p>Samedi 17\u00a0mai 2025<\/p>\n<p class=\" wall-content\"><b>Autour de Dunkerque<\/b><\/p>\n<ul class=\" wall-content\">\n<li><b>Fort-Mardyck<\/b> \u2013 Brocante avec 70\u00a0exposants, de 8h \u00e0 17h. Salle des f\u00eates, rue du G\u00e9n\u00e9ral Leclerc.<\/li>\n<li><b>Hazebrouck<\/b> \u2013 Vide-greniers de 14h \u00e0 21h. Rue Petit, rue Soetemont, rue Defoort, rue Giraud.<\/li>\n<li><b>Leffrinckoucke<\/b> \u2013 Brocante avec 180\u00a0exposants, de 6h \u00e0 17h. Rue Roger Salengro.<\/li>\n<li><b>Petite-Synthe<\/b> \u2013 Brocante avec 150\u00a0exposants, de 6h \u00e0 17h. IMED, 1149 rue Achille Peres.<\/li>\n<li><b>Rexpo\u00ebde<\/b> \u2013 Brocante avec 130\u00a0exposants, de 13h \u00e0 20h. Quartier Butte et Butte Sud.<\/li>\n<\/ul>\n<p class=\" wall-content\"><b>Autour de Lille<\/b><\/p>\n<ul class=\" wall-content\">\n<li><b>Armenti\u00e8res<\/b> \u2013 Brocante avec 80\u00a0exposants, de 9h \u00e0 15h. Centre Social Salengro, rue Jean-Baptiste Lebas.<\/li>\n<li><b>Avelin<\/b> \u2013 Vide-greniers avec 155\u00a0exposants, de 13h \u00e0 19h. Rue Nationale.<\/li>\n<li><b>Frelinghien<\/b> \u2013 Brocante en salle avec 60\u00a0exposants, de 8h \u00e0 13h. Salle des f\u00eates, 15 rue d\u2019Armenti\u00e8res.<\/li>\n<li><b>Haubourdin<\/b> \u2013 Vide-greniers avec 150\u00a0exposants, de 8h \u00e0 16h. Avenue de l\u2019Europe, rue de Bucarest, rue de Paris.<\/li>\n<li><b>Hem<\/b> \u2013 Brocante avec 500\u00a0exposants, de 8h \u00e0 15h. Rue Louis Loucheur, rue Mar\u00e9chal Joffre, rue Bournazel, rue Ren\u00e9 Caille, rue Mermoz.<\/li>\n<li><b>La Neuville<\/b> \u2013 Braderie avec 100\u00a0exposants, de 8h \u00e0 13h. Rue du G\u00e9n\u00e9ral de Gaulle.<\/li>\n<li><b>Lille<\/b> \u2013 Vide-d\u00e9guisements et accessoires, de 11h \u00e0 20h. L\u2019Orangerie, rue du Jardin des Plantes.<\/li>\n<li><b>Lille<\/b> \u2013 March\u00e9 aux vinyles de 11h \u00e0 18h. Bar du Singe Savant, 94 rue d\u2019Arras.<\/li>\n<li><b>Lille<\/b> \u2013 Braderie des enfants avec 40\u00a0exposants, de 10h \u00e0 15h. Cour de l\u2019\u00e9cole Gounod Lavoisier, 9 place Philippe de Girard.<\/li>\n<li><b>Linselles<\/b> \u2013 Foire aux livres de 10h \u00e0 18h. Salle Pierre de Coubertin, 57 rue de Tourcoing.<\/li>\n<li><b>Lomme<\/b> \u2013 Braderie des enfants avec 50\u00a0exposants, de 8h \u00e0 14h. Cour de l\u2019\u00e9cole du Petit Quinquin, 72 rue de l\u2019Ancienne Balaterie.<\/li>\n<li><b>Marcq-en-Bar\u0153ul<\/b> \u2013 Vente vintage de 10h \u00e0 18h. Parc du Petit Prince, 69 boulevard Clemenceau.<\/li>\n<li><b>Marquillies<\/b> \u2013 Bourse aux v\u00eatements pour femmes, de 14h \u00e0 18h. Salle communale, rue de la Bourse.<\/li>\n<li><b>Salom\u00e9<\/b> \u2013 Vide-greniers avec 100\u00a0exposants, de 9h \u00e0 16h. Rue Pasteur.<\/li>\n<li><b>Seclin<\/b> \u2013 Brocante avec 100\u00a0exposants, de 9h \u00e0 14h. Cour de l\u2019\u00e9cole \u00e9l\u00e9mentaire Paul Durot, rue de la Commune de Paris.<\/li>\n<li><b>Seclin<\/b> \u2013 Braderie en salle de 9h \u00e0 16h. Restaurant Adolphe Dutoit, rue Wattiessart.<\/li>\n<li><b>Tourcoing<\/b> \u2013 Vide-greniers en salle avec 100\u00a0exposants, de 8h \u00e0 13h. Salle de sport, 40 rue Jules Watteeuw.<\/li>\n<li><b>Villeneuve-d\u2019Ascq<\/b> \u2013 Brocante avec 450\u00a0exposants, de 8h \u00e0 15h. Rue des Gen\u00eats, rue des Platanes, rue des Saules, rue des H\u00eatres.<\/li>\n<li><b>Villeneuve-d\u2019Ascq<\/b> \u2013 Braderie de 10h \u00e0 19h. \u00c9cole Taine, rue de la Toison d\u2019Or.<\/li>\n<li><b>Villeneuve-d\u2019Ascq<\/b> \u2013 Vente de livres \u00e0 1\u20ac, de 10h \u00e0 19h. La Bouquinerie du Sart, 7 boulevard Albert 1er.<\/li>\n<\/ul>\n<p class=\" wall-content\"><b>Autour de Douai<\/b><\/p>\n<ul class=\" wall-content\">\n<li><b>Douai<\/b> \u2013 March\u00e9 aux livres d\u2019occasion avec 8\u00a0exposants, de 10h \u00e0 18h. Rue de la Mairie<\/li>\n<li><b>Montigny-en-Ostrevent<\/b> \u2013 Brocante avec 150\u00a0exposants, de 9h \u00e0 16h. Rue Jean de la Fontaine, rue Charles Gounod.<\/li>\n<li><b>Waziers<\/b> \u2013 Brocante avec 300\u00a0exposants, de 9h \u00e0 16h. Rue Maurice Facon, rue du Calvaire.<\/li>\n<\/ul>\n<p class=\" wall-content\"><b>Autour de Valenciennes<\/b><\/p>\n<ul class=\" wall-content\">\n<li><b>Rosult<\/b> \u2013 Bourse aux jouets et v\u00eatements enfants avec 60\u00a0exposants, de 9h30 \u00e0 13h. Halle et parking de la halle de Rosult, rue du Capitaine Deken.<\/li>\n<li><b>Saint-Amand-les-Eaux<\/b> \u2013 Brocante avec 100\u00a0exposants, de 10h \u00e0 16h. Rue Louis Pasteur, rue Louis Blanc, rue de l\u2019Adjudant Carton.<\/li>\n<li><b>Sars-et-Rosi\u00e8res<\/b> \u2013 Brocante avec 80\u00a0exposants, de 8h30 \u00e0 14h30. Rue du Perroquet, rue du Petit Pont.<\/li>\n<li><b>Wallers<\/b> \u2013 Brocante avec 100\u00a0exposants, de 8h \u00e0 18h. Cour de l\u2019\u00e9cole primaire du Bosquet.<\/li>\n<\/ul>\n<p class=\" wall-content\"><b>Autour d\u2019Avesnes-sur-Helpe<\/b><\/p>\n<ul class=\" wall-content\">\n<li><b>Aulnoye-Aymeries<\/b> \u2013 Brocante avec 50\u00a0exposants, de 7h \u00e0 18h. Cour de l\u2019\u00e9cole Joliot Curie.<\/li>\n<li><b>Bavay<\/b> \u2013 Vide-greniers avec 50\u00a0exposants, de 8h \u00e0 18h. Rue Petit Jean, chemin de Ronde.<\/li>\n<li><b>Berlaimont<\/b> \u2013 Vide-greniers de 7h \u00e0 17h. Rue Fernand Thomas, rue de la Hayzette.<\/li>\n<li><b>Maubeuge<\/b> \u2013 Brocante de 8h \u00e0 18h. Boulevard Jean de la Fontaine, aux abords du stade Jean Serra.<\/li>\n<\/ul>\n<p>Dimanche 18\u00a0mai 2025<\/p>\n<p class=\" wall-content\"><b>Autour de Dunkerque<\/b><\/p>\n<ul class=\" wall-content\">\n<li><b>Armbouts-Cappel<\/b> \u2013 Brocante avec 250\u00a0exposants, de 6h \u00e0 17h. Rue et place de la Mairie, rue des \u00c9coles, rue Paul Libreck, rue du Bourg.<\/li>\n<li><b>Grande-Synthe<\/b> \u2013 Brocante avec 600\u00a0exposants, de 8h \u00e0 18h. Avenue de Suwalki, boulevard des F\u00e9d\u00e9r\u00e9s, rue de la\u00a0Haye, quai aux Fleurs.<\/li>\n<li><b>Morbecque<\/b> \u2013 Brocante avec 500\u00a0exposants, de 7h \u00e0 17h. Rue Saint Firmin, rue du 8\u00a0Mai, rue du 11\u00a0Novembre.<\/li>\n<li><b>Nieppe<\/b> \u2013 Braderie de 8h \u00e0 15h. Pont de Nieppe, rue du 8\u00a0Mai 1945, rue de la Lys, rue du 11\u00a0Novembre 1918.<\/li>\n<li><b>Steenvoorde<\/b> \u2013 Brocante avec 300\u00a0exposants, de 7h \u00e0 17h. Rue de Poperinghe, rue de Cassel, rue Neuve, rue de l\u2019\u00c9glise, rue R\u00e9my Goetgheluck.<\/li>\n<li><b>Watten<\/b> \u2013 Brocante de 8h \u00e0 17h30. Cour du coll\u00e8ge du Sacr\u00e9 Coeur, 31 rue Bailly.<\/li>\n<\/ul>\n<p class=\" wall-content\"><b>Autour de Lille<\/b><\/p>\n<ul class=\" wall-content\">\n<li><b>Ann\u0153ullin<\/b> \u2013 Brocante avec 350\u00a0exposants, de 8h \u00e0 13h. Rue du Docteur Falala, rue de la Mairie.<\/li>\n<li><b>Armenti\u00e8res<\/b> \u2013 Vide-greniers avec 100\u00a0exposants, de 7h \u00e0 15h. Rue Saint-Exup\u00e9ry, rue H\u00e9l\u00e8ne Boucher, rue Nungesser, rue Montgolfier.<\/li>\n<li><b>Attiches<\/b> \u2013 Vide-greniers avec 300\u00a0exposants, de 10h \u00e0 16h. Rue Jean-Baptiste Colette, avenue de la Chapelle, rue des Noisetiers, rue des Jardins.<\/li>\n<li><b>Bondues<\/b> \u2013 Braderie avec 110\u00a0exposants, de 7h \u00e0 13h. Parking de l\u2019\u00e9cole des Obeaux, 8 chemin Saint-Georges.<\/li>\n<li><b>Englos<\/b> \u2013 Vide Greniers avec 100\u00a0exposants, de 7h \u00e0 13h. Rue d\u2019Haubourdin.<\/li>\n<li><b>Faches-Thumesnil<\/b> \u2013 March\u00e9 aux puces avec 700\u00a0exposants, de 8h \u00e0 16h. Rue Ferrer, rue Carnot, rue Jean Jaur\u00e8s, rue Gambetta, rue de la R\u00e9sistance, rue Hoche, rue Anatole France, rue Jules Guesde.<\/li>\n<li><b>Hellemmes<\/b> \u2013 Vide-greniers avec 800\u00a0exposants, de 8h \u00e0 15h. Rue Roger Salengro, rue Chanzy, avenue des Martyrs, rue Faidherbe.<\/li>\n<li><b>La Madeleine<\/b> \u2013 Vide Greniers avec 500\u00a0exposants, de 8h \u00e0 16h. Rue du G\u00e9n\u00e9ral de Gaulle.<\/li>\n<li><b>Lambersart<\/b> \u2013 Brocante avec 350\u00a0exposants, de 7h \u00e0 14h. Rue de Paris, rue de Rome, all\u00e9e de la Concorde, rue de Bruxelles, rue de La\u00a0Haye, rue Winston Churchill, all\u00e9e du Rhin.<\/li>\n<li><b>Lesquin<\/b> \u2013 Brocante avec 600\u00a0exposants, de 7h \u00e0 16h. Rue Henri Ghesqui\u00e8re, rue du Creusot, rue des \u00c9rables, rue des Jardins, avenue des Sports.<\/li>\n<li><b>Lille<\/b> \u2013 Bourse enfant avec 20\u00a0exposants, de 14h \u00e0 18h. Gymnase de l\u2019\u00e9cole Anatole France, 15 rue Alphonse Leroy.<\/li>\n<li><b>Lille<\/b> \u2013 Brocante avec 300\u00a0exposants, de 8h \u00e0 16h30. Rue de Lannoy, rue Pierre Legrand.<\/li>\n<li><b>Linselles<\/b> \u2013 Foire aux livres de 10h \u00e0 18h. Salle Pierre de Coubertin, 57 rue de Tourcoing.<\/li>\n<li><b>Lomme<\/b> \u2013 Bourse multicollections avec 80\u00a0exposants, de 9h \u00e0 16h. Maison des Enfants, 796 avenue de Dunkerque. Entr\u00e9e 2\u20ac.<\/li>\n<li><b>Marcq-en-Bar\u0153ul<\/b> \u2013 Vente vintage de 10h \u00e0 16h. Parc du Petit Prince, 69 boulevard Clemenceau.<\/li>\n<li><b>Marcq-en-Bar\u0153ul<\/b> \u2013 Vide greniers, de 8h \u00e0 13h. Chemin des Gantelets<\/li>\n<li><b>Mouvaux<\/b> \u2013 Vide-greniers avec 400\u00a0exposants, de 7h30 \u00e0 13h. Rue des Prieux, rue du 11\u00a0Novembre.<\/li>\n<li><b>Ostricourt<\/b> \u2013 March\u00e9 aux puces avec 50\u00a0exposants, de 9h \u00e0 13h. Place Albert Thomas.<\/li>\n<li><b>Provin<\/b> \u2013 Brocante de 10h \u00e0 15h. Place Catoire.<\/li>\n<li><b>Ronchin<\/b> \u2013 Braderie avec 600\u00a0exposants, de 8h \u00e0 17h. Rue Gustave Delory, rue Roger Salengro, place de la R\u00e9publique, rue Courbet.<\/li>\n<li><b>Sainghin-en-M\u00e9lantois<\/b> \u2013 Brocante avec 300\u00a0exposants, de 7h \u00e0 13h. Rue Mar\u00e9chal Leclerc, contour de l\u2019\u00c9glise, rue Bigotte, rue Moulin, rue Mar\u00e9chal Foch.<\/li>\n<li><b>Seclin<\/b> \u2013 Braderie en salle de 9h \u00e0 16h. Restaurant Adolphe Dutoit, rue Wattiessart.<\/li>\n<li><b>Templemars<\/b> \u2013 Vide-greniers de 8h \u00e0 15h. Rue Jules Guesde.<\/li>\n<li><b>Tourcoing<\/b> \u2013 Vide-greniers avec 250\u00a0exposants, de 8h \u00e0 16h. Rue des Carliers, rue du Blanc Seau, rue du Halot.<\/li>\n<li><b>Villeneuve-d\u2019Ascq<\/b> \u2013 Vide-greniers avec 300\u00a0exposants, de 8h \u00e0 15h. Rue de Babylone, boulevard de Paris.<\/li>\n<li><b>Villeneuve-d\u2019Ascq<\/b> \u2013 Vide Greniers en salle avec 100\u00a0exposants, de 8h \u00e0 14h. Salle de sports Pascal Lahousse, rue de la Tradition.<\/li>\n<\/ul>\n<p class=\" wall-content\"><b>Autour de Douai<\/b><\/p>\n<ul class=\" wall-content\">\n<li><b>Aniche<\/b> \u2013 Braderie avec 150\u00a0exposants, de 9h \u00e0 15h. Rue Robert Verrier.<\/li>\n<li><b>Auby<\/b> \u2013 Brocante de 7h \u00e0 17h30. Rue L\u00e9on Blum, rue Alexandre Dubois, rue Carnot.<\/li>\n<li><b>Bouvignies<\/b> \u2013 Brocante avec 100\u00a0exposants, de 7h \u00e0 13h. Rue Neuve, rue de l\u2019\u00c9glise.<\/li>\n<li><b>Coutiches<\/b> \u2013 Vide-greniers de 7h \u00e0 13h. Rue de Faches.<\/li>\n<li><b>Douai<\/b> \u2013 Les puces du Nord avec 100\u00a0exposants, de 9h \u00e0 16h. Hall couvert, route de Tournai.<\/li>\n<li><b>\u00c9caillon<\/b> \u2013 Brocante avec 850\u00a0exposants, de 8h \u00e0 17h. Dans tout le village.<\/li>\n<li><b>Fenain<\/b> \u2013 Brocante avec 100\u00a0exposants, de 7h \u00e0 14h. Rue du 14\u00a0Juillet, rue Joliot Curie.<\/li>\n<li><b>Flines-lez-Raches<\/b> \u2013 Bourse aux vinyles avec 15\u00a0exposants, de 9h \u00e0 17h. Restaurant Chez Nous Autres, 4 rue du Moulin.<\/li>\n<li><b>Landas<\/b> \u2013 Vide-greniers de 8h \u00e0 13h. Rue du mar\u00e9chal Leclerc.<\/li>\n<li><b>Raimbeaucourt<\/b> \u2013 Brocante avec 270\u00a0exposants, de 8h \u00e0 13h. Place Georges Clemenceau, rue du Mar\u00e9chal Foch, rue Jules Ferry, rue du Mar\u00e9chal Joffre.<\/li>\n<li><b>Villers-au-Tertre<\/b> \u2013 Vide-greniers avec 50\u00a0exposants, de 7h \u00e0 14h. Place du Mont Tilleul.<\/li>\n<\/ul>\n<p class=\" wall-content\"><b>Autour de Cambrai<\/b><\/p>\n<ul class=\" wall-content\">\n<li><b>Busigny<\/b> \u2013 Brocante de 8h \u00e0 18h. Rue Pasteur, rue Guynemer, rue des Poilus.<\/li>\n<li><b>Cauroir<\/b> \u2013 Brocante avec 100\u00a0exposants, de 6h \u00e0 18h. Rue de la Mairie.<\/li>\n<li><b>Estrun<\/b> \u2013 Brocante avec 120\u00a0exposants, de 8h \u00e0 16h. Rue de la R\u00e9publique, rue Roger Danneau, rue Alexandre Delavalle, rue St\u00e9phane Duhoux.<\/li>\n<li><b>Cambrai<\/b> \u2013 Brocante avec 200\u00a0exposants, de 6h \u00e0 18h. All\u00e9e Saint-Roch.<\/li>\n<li><b>Thun-l\u2019\u00c9v\u00eaque<\/b> \u2013 Brocante avec 50\u00a0exposants, de 8h \u00e0 17h. Centre-Bourg, rue du Moulin<\/li>\n<li><b>Walincourt-Selvigny<\/b> \u2013 Brocante de 8h \u00e0 18h. Rue du 8\u00a0Octobre 1972.<\/li>\n<\/ul>\n<p class=\" wall-content\"><b>Autour de Valenciennes<\/b><\/p>\n<ul class=\" wall-content\">\n<li><b>Beuvrages<\/b> \u2013 Brocante avec 100\u00a0exposants, de 8h \u00e0 18h. Rue Jules France, rue A.Caron.<\/li>\n<li><b>Crespin<\/b> \u2013 Brocante avec 90\u00a0exposants, de 7h \u00e0 17h. Rue Butor.<\/li>\n<li><b>Denain<\/b> \u2013 Brocante pu\u00e9riculture avec 200\u00a0exposants, de 9h \u00e0 16h. \u00c9cole Jean Paul II, 13 rue du Couvent.<\/li>\n<li><b>H\u00e9lesmes<\/b> \u2013 Brocante de 8h \u00e0 13h. Rue Henri Parent.<\/li>\n<li><b>Nivelle<\/b> \u2013 Brocante de 8h \u00e0 15h. Rue Achille Dufresne.<\/li>\n<li><b>Onnaing<\/b> \u2013 Brocante avec 250\u00a0exposants, de 8h \u00e0 17h. Route de Thiers, parc de loisirs.<\/li>\n<li><b>Saint-Saulve<\/b> \u2013 Brocante avec 150\u00a0exposants, de 7h \u00e0 18h. Rue Barbusse.<\/li>\n<li><b>Valenciennes<\/b> \u2013 Brocante et march\u00e9 aux fleurs, de 8h \u00e0 18h. Avenue de Reims, rue des Sports, avenue du Sergent Cairns.<\/li>\n<li><b>Vieux-Cond\u00e9<\/b> \u2013 Brocante avec 100\u00a0exposants, de 8h \u00e0 18h. Rue C\u00e9sar Dewasme.<\/li>\n<\/ul>\n<p class=\" wall-content\"><b>Autour d\u2019Avesnes-sur-Helpe<\/b><\/p>\n<ul class=\" wall-content\">\n<li><b>Bellignies<\/b> \u2013 Brocante avec 150\u00a0exposants, de 6h \u00e0 18h. Rue de la Place, rue de la Poste, rue Millet.<\/li>\n<li><b>Feignies<\/b> \u2013 Vide-greniers de 8h \u00e0 18h. Salle omnisports Jules Ladoumegue, complexe sportif Didier Eloy, rue de la Chauss\u00e9e.<\/li>\n<li><b>Jenlain<\/b> \u2013 Vide-greniers avec 300\u00a0exposants, de 8h00 \u00e0 18h. Route Nationale.<\/li>\n<li><b>Jeumont<\/b> \u2013 Brocante avec 50\u00a0exposants, de 8h \u00e0 18h. \u00c9cole Ronsard, 42b boulevard Calmette.<\/li>\n<li><b>Hargnies<\/b> \u2013 Brocante avec 100\u00a0exposants, de 8h \u00e0 18h. Espace Beltrame, entr\u00e9e par la rue de la Fontaine.<\/li>\n<li><b>Maubeuge<\/b> \u2013 Brocante de 7h \u00e0 18h. Square H\u00e9l\u00e8ne Boucher, rue Cl\u00e9ment Ader.<\/li>\n<\/ul>\n<p class=\" wall-content\">Suivez toute l\u2019actualit\u00e9 de vos villes et m\u00e9dias favoris en vous inscrivant \u00e0 <a href=\"https:\/\/moncompte.actu.fr\" title=\"D\u00e9couvez Mon Actu\" rel=\"nofollow noopener\" data-trk=\"{&quot;cta&quot;:{&quot;action&quot;:&quot;https:\\\/\\\/moncompte.actu.fr&quot;,&quot;category&quot;:&quot;mon compte&quot;,&quot;from&quot;:&quot;article footer&quot;,&quot;name&quot;:&quot;Mon actu&quot;,&quot;type&quot;:&quot;cta&quot;}}\" target=\"_blank\">Mon Actu<\/a>.<\/p>\n","protected":false},"excerpt":{"rendered":"Par Hervine Mahaud Publi\u00e9 le 14 mai 2025 \u00e0 12h00 C\u2019est un exceptionnel week-end de chine qui se&hellip;\n","protected":false},"author":2,"featured_media":99369,"comment_status":"","ping_status":"","sticky":false,"template":"","format":"standard","meta":{"footnotes":""},"categories":[2815],"tags":[1111,11,6961,1777,674,1011,27,811,1307,1652,12,25,7167,3365],"class_list":{"0":"post-99368","1":"post","2":"type-post","3":"status-publish","4":"format-standard","5":"has-post-thumbnail","7":"category-lille","8":"tag-actu","9":"tag-actualites","10":"tag-brocante","11":"tag-eu","12":"tag-europe","13":"tag-fr","14":"tag-france","15":"tag-hauts-de-france","16":"tag-lille","17":"tag-loisirs-culture","18":"tag-news","19":"tag-republique-francaise","20":"tag-seconde-main","21":"tag-vide-greniers"},"share_on_mastodon":{"url":"https:\/\/pubeurope.com\/@fr\/114506253132731778","error":""},"_links":{"self":[{"href":"https:\/\/www.europesays.com\/fr\/wp-json\/wp\/v2\/posts\/99368","targetHints":{"allow":["GET"]}}],"collection":[{"href":"https:\/\/www.europesays.com\/fr\/wp-json\/wp\/v2\/posts"}],"about":[{"href":"https:\/\/www.europesays.com\/fr\/wp-json\/wp\/v2\/types\/post"}],"author":[{"embeddable":true,"href":"https:\/\/www.europesays.com\/fr\/wp-json\/wp\/v2\/users\/2"}],"replies":[{"embeddable":true,"href":"https:\/\/www.europesays.com\/fr\/wp-json\/wp\/v2\/comments?post=99368"}],"version-history":[{"count":0,"href":"https:\/\/www.europesays.com\/fr\/wp-json\/wp\/v2\/posts\/99368\/revisions"}],"wp:featuredmedia":[{"embeddable":true,"href":"https:\/\/www.europesays.com\/fr\/wp-json\/wp\/v2\/media\/99369"}],"wp:attachment":[{"href":"https:\/\/www.europesays.com\/fr\/wp-json\/wp\/v2\/media?parent=99368"}],"wp:term":[{"taxonomy":"category","embeddable":true,"href":"https:\/\/www.europesays.com\/fr\/wp-json\/wp\/v2\/categories?post=99368"},{"taxonomy":"post_tag","embeddable":true,"href":"https:\/\/www.europesays.com\/fr\/wp-json\/wp\/v2\/tags?post=99368"}],"curies":[{"name":"wp","href":"https:\/\/api.w.org\/{rel}","templated":true}]}}