{"id":99373,"date":"2025-05-14T12:47:11","date_gmt":"2025-05-14T12:47:11","guid":{"rendered":"https:\/\/www.europesays.com\/fr\/99373\/"},"modified":"2025-05-14T12:47:11","modified_gmt":"2025-05-14T12:47:11","slug":"villa-massalia-devient-villa-m-marseille-ouverture-imminente-dans-le-8e","status":"publish","type":"post","link":"https:\/\/www.europesays.com\/fr\/99373\/","title":{"rendered":"Villa Massalia devient Villa M Marseille : ouverture imminente dans le 8e"},"content":{"rendered":"<p><img loading=\"lazy\" decoding=\"async\" alt=\"\u00a9 DR - Villa M Marseille dispose d'une immense terrasse \u00e0 deux pas des plages et de l'hippodrome Bor\u00e9ly.\" data-zoom-src=\"https:\/\/www.europesays.com\/fr\/wp-content\/uploads\/2025\/05\/initial-villa-m-marseille-terrasse.jpg\" data-zoomable=\"\" height=\"702\" src=\"https:\/\/www.europesays.com\/fr\/wp-content\/uploads\/2025\/05\/initial-villa-m-marseille-terrasse.jpg\" width=\"1248\"\/>  <\/p>\n<p class=\"article-desc\">\u00a9 DR &#8211; Villa M Marseille dispose d&rsquo;une immense terrasse \u00e0 deux pas des plages et de l&rsquo;hippodrome Bor\u00e9ly. <\/p>\n<p>Port\u00e9 par le groupe Pasteur mutualit\u00e9, <strong>l\u2019h\u00f4tel Villa M Marseille a \u00e9t\u00e9 pens\u00e9 dans la lign\u00e9e de Villa M Paris<\/strong>, ouvert en 2021 : un lieu sain, o\u00f9 pratiquer une activit\u00e9 physique, o\u00f9 se faire chouchouter au spa et bien s\u00fbr\u2026 un lieu o\u00f9 bien dormir, puisqu\u2019il s\u2019agit avant tout d\u2019un h\u00f4tel, <strong>dot\u00e9 de 140 chambres et suites.<\/strong><\/p>\n<p> <img decoding=\"async\" alt=\"\" data-zoomable=\"\" loading=\"lazy\" src=\"https:\/\/www.europesays.com\/fr\/wp-content\/uploads\/2025\/05\/villa-m-marseille-hd-boxe-fitness.jpg\"\/> \u00a9 DR- L&rsquo;offre sant\u00e9\/sport de Villa M Marseille promet tout un panel d&rsquo;activit\u00e9s. Un h\u00f4tel ouvert sur la ville <\/p>\n<p>S\u2019il cible bien entendu la client\u00e8le<strong> touristique et business<\/strong>, l\u2019h\u00f4tel Villa M Marseille se pr\u00e9sente comme \u00ab\u00a0un centre de pr\u00e9vention et de soins, un espace sportif d\u00e9di\u00e9 aux programmes sport-sant\u00e9, mais aussi un espace bien-\u00eatre complet avec piscine, sauna, hammam, salles de soins et cryoth\u00e9rapie\u2026\u00bb sans oublier un centre de conf\u00e9rences de 1 000 m2 modulables, afin d\u2019accueillir \u00e9v\u00e9nements professionnels, priv\u00e9s ou groupes sportifs, ainsi que des salles de coworking, un terrain de p\u00e9tanque et une gaming room. <strong>La r\u00e9daction a h\u00e2te de d\u00e9couvrir prochainement les lieux !<\/strong><\/p>\n","protected":false},"excerpt":{"rendered":"\u00a9 DR &#8211; Villa M Marseille dispose d&rsquo;une immense terrasse \u00e0 deux pas des plages et de l&rsquo;hippodrome&hellip;\n","protected":false},"author":2,"featured_media":99374,"comment_status":"","ping_status":"","sticky":false,"template":"","format":"standard","meta":{"footnotes":""},"categories":[2814],"tags":[1111,11,35,21374,1777,674,1011,27,21375,21373,884,12,882,25],"class_list":{"0":"post-99373","1":"post","2":"type-post","3":"status-publish","4":"format-standard","5":"has-post-thumbnail","7":"category-marseille","8":"tag-actu","9":"tag-actualites","10":"tag-business","11":"tag-coworking","12":"tag-eu","13":"tag-europe","14":"tag-fr","15":"tag-france","16":"tag-hu00f4tel","17":"tag-hu00f4tellerie","18":"tag-marseille","19":"tag-news","20":"tag-provence-alpes-cote-dazur","21":"tag-republique-francaise"},"share_on_mastodon":{"url":"https:\/\/pubeurope.com\/@fr\/114506265072992462","error":""},"_links":{"self":[{"href":"https:\/\/www.europesays.com\/fr\/wp-json\/wp\/v2\/posts\/99373","targetHints":{"allow":["GET"]}}],"collection":[{"href":"https:\/\/www.europesays.com\/fr\/wp-json\/wp\/v2\/posts"}],"about":[{"href":"https:\/\/www.europesays.com\/fr\/wp-json\/wp\/v2\/types\/post"}],"author":[{"embeddable":true,"href":"https:\/\/www.europesays.com\/fr\/wp-json\/wp\/v2\/users\/2"}],"replies":[{"embeddable":true,"href":"https:\/\/www.europesays.com\/fr\/wp-json\/wp\/v2\/comments?post=99373"}],"version-history":[{"count":0,"href":"https:\/\/www.europesays.com\/fr\/wp-json\/wp\/v2\/posts\/99373\/revisions"}],"wp:featuredmedia":[{"embeddable":true,"href":"https:\/\/www.europesays.com\/fr\/wp-json\/wp\/v2\/media\/99374"}],"wp:attachment":[{"href":"https:\/\/www.europesays.com\/fr\/wp-json\/wp\/v2\/media?parent=99373"}],"wp:term":[{"taxonomy":"category","embeddable":true,"href":"https:\/\/www.europesays.com\/fr\/wp-json\/wp\/v2\/categories?post=99373"},{"taxonomy":"post_tag","embeddable":true,"href":"https:\/\/www.europesays.com\/fr\/wp-json\/wp\/v2\/tags?post=99373"}],"curies":[{"name":"wp","href":"https:\/\/api.w.org\/{rel}","templated":true}]}}