{"id":99377,"date":"2025-05-14T12:49:09","date_gmt":"2025-05-14T12:49:09","guid":{"rendered":"https:\/\/www.europesays.com\/fr\/99377\/"},"modified":"2025-05-14T12:49:09","modified_gmt":"2025-05-14T12:49:09","slug":"thomas-rudigoz-et-renaissance-denoncent-la-fin-de-la-gratuite-du-stationnement-a-lyon-en-aout","status":"publish","type":"post","link":"https:\/\/www.europesays.com\/fr\/99377\/","title":{"rendered":"Thomas Rudigoz et Renaissance d\u00e9noncent la fin de la gratuit\u00e9 du stationnement \u00e0 Lyon en ao\u00fbt"},"content":{"rendered":"<p itemprop=\"description\"><strong><strong>Dans un communiqu\u00e9, le parti Renaissance a d\u00e9nonc\u00e9 la conception de l\u2019\u00e9cologie du maire de Lyon, Gr\u00e9gory Doucet.<\/strong><\/strong><\/p>\n<p style=\"text-align:start\">Ce mardi 14 mai, le parti Renaissance de Lyon a publi\u00e9 un communiqu\u00e9 cinglant envers le maire \u00e9cologiste de Lyon, Gr\u00e9gory Doucet. Plusieurs choix de la municipalit\u00e9 interrogent, dont la hausse des tarifs dans les piscines municipales et la fin de la gratuit\u00e9 \u00e0 venir du stationnement en ao\u00fbt. La conception de l\u2019\u00e9cologie est notamment remise en question.<\/p>\n<p style=\"text-align:start\">Le groupe souhaite rendre plus accessibles les piscines municipales lors des fortes chaleurs et estime que les places de stationnement doivent rester gratuites pendant les grandes vacances, o\u00f9 beaucoup de Rhodaniens laissent leur domicile vacant.<\/p>\n<p style=\"text-align:start\"><strong>\u00ab\u00a0C\u2019est p\u00e9naliser les familles les plus modestes\u00a0\u00bb<\/strong><\/p>\n<p style=\"text-align:start\">Thomas Rudigoz, chef de file lyonnais du parti Renaissance pour les \u00e9lections municipales de 2026, n\u2019a pas manqu\u00e9 de tacler son adversaire. \u00ab\u00a0Gr\u00e9gory Doucet semble oublier que beaucoup de Lyonnaises et de Lyonnais passent l\u2019\u00e9t\u00e9 ici, parfois dans des conditions difficiles. Augmenter les tarifs des piscines et supprimer la gratuit\u00e9 du stationnement, c\u2019est p\u00e9naliser les familles les plus modestes. Ce n\u2019est ni juste, ni social, ni \u00e9cologique\u00a0\u00bb, a-t-il d\u00e9clar\u00e9.<\/p>\n","protected":false},"excerpt":{"rendered":"Dans un communiqu\u00e9, le parti Renaissance a d\u00e9nonc\u00e9 la conception de l\u2019\u00e9cologie du maire de Lyon, Gr\u00e9gory Doucet.&hellip;\n","protected":false},"author":2,"featured_media":99378,"comment_status":"","ping_status":"","sticky":false,"template":"","format":"standard","meta":{"footnotes":""},"categories":[1889],"tags":[1111,11,2813,2190,2430,1109,251,1112,2811,1777,674,118,1011,27,1922,1110,1114,2428,2810,12,241,316,25,2812,517,800],"class_list":{"0":"post-99377","1":"post","2":"type-post","3":"status-publish","4":"format-standard","5":"has-post-thumbnail","7":"category-lyon","8":"tag-actu","9":"tag-actualites","10":"tag-article","11":"tag-asvel","12":"tag-auvergne-rhone-alpes","13":"tag-breves","14":"tag-culture","15":"tag-depeches","16":"tag-economique","17":"tag-eu","18":"tag-europe","19":"tag-faits-divers","20":"tag-fr","21":"tag-france","22":"tag-info","23":"tag-informations","24":"tag-infos","25":"tag-lyon","26":"tag-lyonmag","27":"tag-news","28":"tag-ol","29":"tag-politique","30":"tag-republique-francaise","31":"tag-sociale","32":"tag-sport","33":"tag-transports"},"share_on_mastodon":{"url":"https:\/\/pubeurope.com\/@fr\/114506272794390941","error":""},"_links":{"self":[{"href":"https:\/\/www.europesays.com\/fr\/wp-json\/wp\/v2\/posts\/99377","targetHints":{"allow":["GET"]}}],"collection":[{"href":"https:\/\/www.europesays.com\/fr\/wp-json\/wp\/v2\/posts"}],"about":[{"href":"https:\/\/www.europesays.com\/fr\/wp-json\/wp\/v2\/types\/post"}],"author":[{"embeddable":true,"href":"https:\/\/www.europesays.com\/fr\/wp-json\/wp\/v2\/users\/2"}],"replies":[{"embeddable":true,"href":"https:\/\/www.europesays.com\/fr\/wp-json\/wp\/v2\/comments?post=99377"}],"version-history":[{"count":0,"href":"https:\/\/www.europesays.com\/fr\/wp-json\/wp\/v2\/posts\/99377\/revisions"}],"wp:featuredmedia":[{"embeddable":true,"href":"https:\/\/www.europesays.com\/fr\/wp-json\/wp\/v2\/media\/99378"}],"wp:attachment":[{"href":"https:\/\/www.europesays.com\/fr\/wp-json\/wp\/v2\/media?parent=99377"}],"wp:term":[{"taxonomy":"category","embeddable":true,"href":"https:\/\/www.europesays.com\/fr\/wp-json\/wp\/v2\/categories?post=99377"},{"taxonomy":"post_tag","embeddable":true,"href":"https:\/\/www.europesays.com\/fr\/wp-json\/wp\/v2\/tags?post=99377"}],"curies":[{"name":"wp","href":"https:\/\/api.w.org\/{rel}","templated":true}]}}