{"id":99381,"date":"2025-05-14T12:51:10","date_gmt":"2025-05-14T12:51:10","guid":{"rendered":"https:\/\/www.europesays.com\/fr\/99381\/"},"modified":"2025-05-14T12:51:10","modified_gmt":"2025-05-14T12:51:10","slug":"la-cma-idf-celebre-100-ans-dartisanat-le-12-juin","status":"publish","type":"post","link":"https:\/\/www.europesays.com\/fr\/99381\/","title":{"rendered":"La CMA IDF c\u00e9l\u00e8bre 100 ans d\u2019artisanat le 12 juin"},"content":{"rendered":"<p>Cette ann\u00e9e, les <strong>Chambres de M\u00e9tiers et de l\u2019Artisanat<\/strong> (<a href=\"https:\/\/mesinfos.fr\/ile-de-france\/la-cma-d-ile-de-france-rejoint-la-cite-du-gout-et-des-saveurs-121031.html\" rel=\"noopener nofollow\" target=\"_blank\">CMA<\/a>) c\u00e9l\u00e8brent leur <strong>centenaire<\/strong>. Depuis 100 ans, elles accompagnent, forment et soutiennent les artisans \u00e0 chaque \u00e9tape de leur parcours. \u00c0 l\u2019occasion de cet anniversaire, elles souhaitent mettre \u00e0 l\u2019honneur l\u2019esprit <strong>d&rsquo;innovation<\/strong> qui anime les <strong>artisans<\/strong> depuis un si\u00e8cle. <\/p>\n<p>Dans ce cadre, le jeudi 12 juin, la <a href=\"https:\/\/mesinfos.fr\/ile-de-france\/emeutes-cci-et-cma-aux-cotes-des-commercants-artisans-et-buralistes-179569.html\" rel=\"noopener nofollow\" target=\"_blank\">Chambre de M\u00e9tiers de l&rsquo;Artisanat<\/a> d\u2019\u00cele-de-France (CMA IDF) invite artisans, institutionnels et \u00e9lus \u00e0 une matin\u00e9e exceptionnelle d\u00e9di\u00e9e aux d\u00e9fis et opportunit\u00e9s de l\u2019artisanat de demain. Autour de trois grandes th\u00e9matiques \u2013 long\u00e9vit\u00e9 des entreprises, innovation dans la formation, transmission et reprise d\u2019activit\u00e9s \u2013 cette matin\u00e9e permettra d\u2019\u00e9changer sur les leviers d\u2019adaptation et de succ\u00e8s dans un secteur en pleine mutation.\u00a0 <\/p>\n<p>Lors de cette journ\u00e9e, la <strong>CMA IDF<\/strong> pr\u00e9sentera \u00e9galement les r\u00e9sultats d\u2019une enqu\u00eate sur la transmission et la reprise d\u2019entreprises artisanales en \u00cele-de-France.\u00a0 <\/p>\n<p> Les CMA, acteurs du d\u00e9veloppement territorial et de l\u2019apprentissage depuis 100 ans <\/p>\n<p>L\u2019<a href=\"https:\/\/mesinfos.fr\/ile-de-france\/les-chambres-de-metiers-et-de-l-artisanat-fetent-leurs-100-ans-219834.html\" rel=\"noopener nofollow\" target=\"_blank\">artisanat<\/a>, pilier \u00e9conomique et social, s\u2019est transform\u00e9 au fil des d\u00e9cennies tout en pr\u00e9servant ses valeurs essentielles : la transmission des savoir-faire, l\u2019adaptation aux nouveaux d\u00e9fis et l\u2019ancrage territorial.\u00a0 <\/p>\n<p>Depuis leur cr\u00e9ation en 1925, les CMA ont su \u00e9voluer au rythme des mutations \u00e9conomiques et soci\u00e9tales, devenant des acteurs-cl\u00e9s du <strong>d\u00e9veloppement territorial<\/strong> et de <strong>l\u2019apprentissage<\/strong>. Apr\u00e8s 100 ans, en 2025, c&rsquo;est l&rsquo;\u00e9quivalent de 112 500 apprentis qui sont form\u00e9s aux 250 m\u00e9tiers de l\u2019artisanat, faisant du r\u00e9seau CMA le premier acteur de la formation par apprentissage en France.<\/p>\n<p>Aujourd\u2019hui, la CMA IDF accompagne environ 348 000 entreprises artisanales, contribuant \u00e0 un chiffre d\u2019affaires r\u00e9gional de plus de <strong>42 milliards d\u2019euros<\/strong>.<\/p>\n<p> <img decoding=\"async\" alt=\"affiche conf\u00e9rence CMA IDF\" data-zoomable=\"\" height=\"849\" loading=\"lazy\" src=\"https:\/\/www.europesays.com\/fr\/wp-content\/uploads\/2025\/05\/affiche-cma.jpg\" width=\"600\"\/> \u00a9 CMA IDF Paris &#8211; L&rsquo;affiche de l&rsquo;\u00e9v\u00e8nement. Innovation, apprentissage et transmission au programme\u00a0 <\/p>\n<p>L\u2019\u00e9v\u00e8nement a lieu \u00e0 l\u2019Auditorium de la CMA IDF \u2013 Paris, 72 rue de Reuilly 75012\u00a0Paris. <\/p>\n<p>La journ\u00e9e s\u2019articulera autour de quatre tables rondes :\u00a0<\/p>\n<ul>\n<li>\n<p>Table ronde d\u2019ouverture, en pr\u00e9sence de Francis Bussi\u00e8re, pr\u00e9sident de la CMA IDF, d\u2019\u00e9lus et d\u2019entrepreneurs ; <\/p>\n<\/li>\n<li>\n<p>Table ronde 1 : \u201c<strong>100 ans : perdurer, innover, s\u2019adapter<\/strong>\u201d : <\/p>\n<\/li>\n<\/ul>\n<p>Des entreprises artisanales centenaires, comme Dognin Paris, Eau de M\u00e9lisse partageront leur exp\u00e9rience et leurs secrets de leur long\u00e9vit\u00e9 avec Myoth\u00e9sis, la startup fond\u00e9e par Adam Wilhelm et Adriana Berger, qui capture en 3D gestes et comp\u00e9tences techniques pour faciliter la transmission des savoir-faire en entreprise ou en formation. <\/p>\n<p>Des acteurs de la formation de CMA Formation \u00cele-de-France partageront les innovations technologiques et p\u00e9dagogiques au service de l\u2019apprentissage. Ils expliqueront comment int\u00e9grer efficacement les nouvelles technologies dans les parcours de formation, favoriser une approche toujours plus inclusive (en mati\u00e8re de genre, de handicap, d\u2019origines ethniques, etc.) et adapter les m\u00e9thodes p\u00e9dagogiques aux nouvelles g\u00e9n\u00e9rations, Gen Z et Gen Alpha. <\/p>\n<p>\u00a0Table ronde 3 : \u201c<strong>Transmission et reprise : innover pour transmettre<\/strong>\u201d <\/p>\n<p>Cette table ronde abordera la transmission d\u2019entreprises artisanales sous un angle r\u00e9solument tourn\u00e9 vers l\u2019innovation. Elle mettra en lumi\u00e8re : <\/p>\n<ul>\n<li>\n<p>Des t\u00e9moignages de cessions r\u00e9ussies, notamment des transmissions familiales questionnant la modernisation au fil des g\u00e9n\u00e9rations (ex : entreprises de 5e g\u00e9n\u00e9ration). La CMA IDF pr\u00e9sentera \u00e9galement \u00e0 cette occasion des chiffres et tendances sur les transmissions et reprises d\u2019entreprises artisanales en \u00cele-de-France. <\/p>\n<\/li>\n<li>\n<p>L\u2019importance de l\u2019accompagnement : notamment le r\u00f4le-cl\u00e9 des conseillers de la CMA IDF, comme Julie Rambert, coordinatrice Transmission \u00e0 la Direction ETC. <\/p>\n<\/li>\n<li>\n<p>Les axes d\u2019innovation : l\u2019utilisation d&rsquo;outils de gestion de donn\u00e9es innovants permettant d&rsquo;\u00e9valuer la valeur des entreprises artisanales et de mesurer leur sant\u00e9 financi\u00e8re par comparaison \u00e0 leur march\u00e9 ou encore le sourcing des repreneurs via Transentreprise, la plateforme nationale des CMA et des CCI. <\/p>\n<\/li>\n<\/ul>\n<p>Pour rappel, pr\u00e8s de 50 000 dirigeants d\u2019entreprises artisanales ont plus de 60 ans en IDF. Des entreprises qui devront \u00eatre transmises dans les prochaines ann\u00e9es. Or peu d\u2019entre elles s\u2019y pr\u00e9parent alors que les repreneurs sont d\u00e9j\u00e0 peu nombreux. <\/p>\n<p>L\u2019artisanat francilien en chiffres <\/p>\n<p>En \u00cele-de-France, au 31 d\u00e9cembre 2024, l\u2019artisanat repr\u00e9sente : <\/p>\n<p>\u25cf 347 832 entreprises artisanales <\/p>\n<p>\u25cf 302 484 salari\u00e9s <\/p>\n<p>\u25cf 42 milliards d\u2019euros de chiffres d\u2019affaires annuel <\/p>\n<p>\u25cf 9 000 apprentis form\u00e9s dans les CMA Formation et CFA partenaires (IFPM, FDME) de la CMA IDF <\/p>\n<p>\u25cf 35 620 cr\u00e9ateurs d\u2019entreprise en 2024 <\/p>\n<p>\u25cf 30 134 entreprises accompagn\u00e9es et form\u00e9es en 2024.<\/p>\n<p>\u00a0<\/p>\n","protected":false},"excerpt":{"rendered":"Cette ann\u00e9e, les Chambres de M\u00e9tiers et de l\u2019Artisanat (CMA) c\u00e9l\u00e8brent leur centenaire. Depuis 100 ans, elles accompagnent,&hellip;\n","protected":false},"author":2,"featured_media":99382,"comment_status":"","ping_status":"","sticky":false,"template":"","format":"standard","meta":{"footnotes":""},"categories":[1592],"tags":[1111,11,1477,1777,674,1011,27,662,12,626,25],"class_list":{"0":"post-99381","1":"post","2":"type-post","3":"status-publish","4":"format-standard","5":"has-post-thumbnail","7":"category-ile-de-france","8":"tag-actu","9":"tag-actualites","10":"tag-artisanat","11":"tag-eu","12":"tag-europe","13":"tag-fr","14":"tag-france","15":"tag-ile-de-france","16":"tag-news","17":"tag-paris","18":"tag-republique-francaise"},"share_on_mastodon":{"url":"https:\/\/pubeurope.com\/@fr\/114506280795640069","error":""},"_links":{"self":[{"href":"https:\/\/www.europesays.com\/fr\/wp-json\/wp\/v2\/posts\/99381","targetHints":{"allow":["GET"]}}],"collection":[{"href":"https:\/\/www.europesays.com\/fr\/wp-json\/wp\/v2\/posts"}],"about":[{"href":"https:\/\/www.europesays.com\/fr\/wp-json\/wp\/v2\/types\/post"}],"author":[{"embeddable":true,"href":"https:\/\/www.europesays.com\/fr\/wp-json\/wp\/v2\/users\/2"}],"replies":[{"embeddable":true,"href":"https:\/\/www.europesays.com\/fr\/wp-json\/wp\/v2\/comments?post=99381"}],"version-history":[{"count":0,"href":"https:\/\/www.europesays.com\/fr\/wp-json\/wp\/v2\/posts\/99381\/revisions"}],"wp:featuredmedia":[{"embeddable":true,"href":"https:\/\/www.europesays.com\/fr\/wp-json\/wp\/v2\/media\/99382"}],"wp:attachment":[{"href":"https:\/\/www.europesays.com\/fr\/wp-json\/wp\/v2\/media?parent=99381"}],"wp:term":[{"taxonomy":"category","embeddable":true,"href":"https:\/\/www.europesays.com\/fr\/wp-json\/wp\/v2\/categories?post=99381"},{"taxonomy":"post_tag","embeddable":true,"href":"https:\/\/www.europesays.com\/fr\/wp-json\/wp\/v2\/tags?post=99381"}],"curies":[{"name":"wp","href":"https:\/\/api.w.org\/{rel}","templated":true}]}}