{"id":99385,"date":"2025-05-14T12:53:10","date_gmt":"2025-05-14T12:53:10","guid":{"rendered":"https:\/\/www.europesays.com\/fr\/99385\/"},"modified":"2025-05-14T12:53:10","modified_gmt":"2025-05-14T12:53:10","slug":"et-si-vous-deveniez-jardinier-de-la-ville-de-paris-80-postes-sont-a-pourvoir","status":"publish","type":"post","link":"https:\/\/www.europesays.com\/fr\/99385\/","title":{"rendered":"Et si vous deveniez jardinier de la Ville de Paris\u00a0? 80 postes sont \u00e0 pourvoir"},"content":{"rendered":"<p class=\"paragraph text_align_left\">Si la Ville de Paris multiplie les initiatives pour tenter de verdir la capitale, ces nombreuses plantations r\u00e9clament aussi plus d\u2019entretien. Ce qui fait parfois d\u00e9faut aux yeux de Parisiens sur <a href=\"https:\/\/www.leparisien.fr\/paris-75\/paris-500-rues-jardin-en-plus-une-question-simple-en-apparence-mais-qui-divise-deja-11-02-2025-COJ5J6ATRRDFHFDXML2VIGG74M.php\" target=\"_blank\" rel=\"nofollow noopener\">certains am\u00e9nagements<\/a>.<\/p>\n<p class=\"paragraph text_align_left\">La municipalit\u00e9 vient donc de lancer une campagne de recrutement de 80 jardiniers. \u00ab\u00a0Vous souhaitez participer \u00e0 l\u2019embellissement des 2\u00a0300\u00a0ha d\u2019espaces verts de la capitale\u00a0? La Ville de Paris recrute des jardiniers pour rejoindre la direction des espaces verts et de l\u2019environnement (qui compte plus de 3 000 agents)\u00a0\u00bb, annonce-t-elle sur son <a href=\"https:\/\/www.paris.fr\/pages\/la-ville-de-paris-recrute-des-jardinier-eres-17476\" target=\"_blank\" rel=\"nofollow noopener\">site Internet<\/a>. Les inscriptions, ouvertes depuis cette semaine, courent jusqu\u2019au 20\u00a0juin.<\/p>\n<p class=\"paragraph text_align_left\">\u00ab\u00a0Vous entretenez par des m\u00e9thodes de gestion durable les 2\u00a0300\u00a0ha de patrimoine vert de la Ville de Paris\u00a0: 533 parcs et jardins, les Bois de Boulogne et de Vincennes, les bacs et jardini\u00e8res pr\u00e9sents sur l\u2019espace public\u00a0\u00bb, pr\u00e9voit l\u2019appel \u00e0 candidatures.<\/p>\n<p>Un poste r\u00e9mun\u00e9r\u00e9 2\u00a0000\u00a0euros brut en d\u00e9but de carri\u00e8re<\/p>\n<p class=\"paragraph text_align_left\">Du c\u00f4t\u00e9 des pr\u00e9requis pour ces postes de jardiniers, la Ville d\u00e9taille qu\u2019il faut \u00eatre \u00ab\u00a0titulaire du CAP ou BEP ou exp\u00e9rience \u00e9quivalente ou anciennet\u00e9 dans la fonction publique, remplir les conditions g\u00e9n\u00e9rales d\u2019acc\u00e8s \u00e0 la fonction publique, avoir des connaissances des v\u00e9g\u00e9taux, de leur d\u00e9veloppement, de leurs m\u00e9thodes de production et de leur entretien\u00a0\u00bb. Ou encore avoir le sens de la relation avec le public et ne pas redouter le travail en ext\u00e9rieur, seul et peu importe les conditions m\u00e9t\u00e9o.<\/p>\n<p class=\"paragraph text_align_left\">Enfin, le concours pr\u00e9voit des \u00e9preuves pratiques comme le maniement du mat\u00e9riel, l\u2018\u00e9tablissement d\u2019un petit jardin de 4m\u00b2 en suivant un plan, la taille d\u2019arbustes ou la reconnaissance de certains v\u00e9g\u00e9taux.<\/p>\n<p class=\"paragraph text_align_left\">C\u00f4t\u00e9 r\u00e9mun\u00e9ration, elle s\u2019\u00e9l\u00e8ve \u00e0<b> <\/b>2\u00a0063\u00a0euros brut \u00ab\u00a0en d\u00e9but de carri\u00e8re (traitement, indemnit\u00e9s, primes)\u00a0\u00bb. Les agents \u00ab\u00a0b\u00e9n\u00e9ficieront de 51,5 jours de cong\u00e9s annuels et RTT et des horaires ma\u00eetris\u00e9s (de 7h30 \u00e0 16h15, du lundi au vendredi)\u00a0\u00bb.<\/p>\n","protected":false},"excerpt":{"rendered":"Si la Ville de Paris multiplie les initiatives pour tenter de verdir la capitale, ces nombreuses plantations r\u00e9clament&hellip;\n","protected":false},"author":2,"featured_media":99386,"comment_status":"","ping_status":"","sticky":false,"template":"","format":"standard","meta":{"footnotes":""},"categories":[1888],"tags":[1111,1928,11,1927,1777,674,1011,27,1944,12,1926,626,1925,25],"class_list":{"0":"post-99385","1":"post","2":"type-post","3":"status-publish","4":"format-standard","5":"has-post-thumbnail","7":"category-paris","8":"tag-actu","9":"tag-actu-paris","10":"tag-actualites","11":"tag-actualites-paris","12":"tag-eu","13":"tag-europe","14":"tag-fr","15":"tag-france","16":"tag-ma-ville","17":"tag-news","18":"tag-news-paris","19":"tag-paris","20":"tag-paris-news","21":"tag-republique-francaise"},"share_on_mastodon":{"url":"https:\/\/pubeurope.com\/@fr\/114506288569500900","error":""},"_links":{"self":[{"href":"https:\/\/www.europesays.com\/fr\/wp-json\/wp\/v2\/posts\/99385","targetHints":{"allow":["GET"]}}],"collection":[{"href":"https:\/\/www.europesays.com\/fr\/wp-json\/wp\/v2\/posts"}],"about":[{"href":"https:\/\/www.europesays.com\/fr\/wp-json\/wp\/v2\/types\/post"}],"author":[{"embeddable":true,"href":"https:\/\/www.europesays.com\/fr\/wp-json\/wp\/v2\/users\/2"}],"replies":[{"embeddable":true,"href":"https:\/\/www.europesays.com\/fr\/wp-json\/wp\/v2\/comments?post=99385"}],"version-history":[{"count":0,"href":"https:\/\/www.europesays.com\/fr\/wp-json\/wp\/v2\/posts\/99385\/revisions"}],"wp:featuredmedia":[{"embeddable":true,"href":"https:\/\/www.europesays.com\/fr\/wp-json\/wp\/v2\/media\/99386"}],"wp:attachment":[{"href":"https:\/\/www.europesays.com\/fr\/wp-json\/wp\/v2\/media?parent=99385"}],"wp:term":[{"taxonomy":"category","embeddable":true,"href":"https:\/\/www.europesays.com\/fr\/wp-json\/wp\/v2\/categories?post=99385"},{"taxonomy":"post_tag","embeddable":true,"href":"https:\/\/www.europesays.com\/fr\/wp-json\/wp\/v2\/tags?post=99385"}],"curies":[{"name":"wp","href":"https:\/\/api.w.org\/{rel}","templated":true}]}}