{"id":99387,"date":"2025-05-14T12:54:10","date_gmt":"2025-05-14T12:54:10","guid":{"rendered":"https:\/\/www.europesays.com\/fr\/99387\/"},"modified":"2025-05-14T12:54:10","modified_gmt":"2025-05-14T12:54:10","slug":"le-donut-a-la-fraise-cest-ma-madeleine-de-proust-pour-louverture-de-dunkin-a-paris-ils-ont-dormi-devant-la-boutique","status":"publish","type":"post","link":"https:\/\/www.europesays.com\/fr\/99387\/","title":{"rendered":"\u00ab\u00a0Le donut \u00e0 la fraise, c\u2019est ma madeleine de Proust\u00a0\u00bb\u00a0: pour l\u2019ouverture de Dunkin\u2019 \u00e0 Paris, ils ont dormi devant la boutique"},"content":{"rendered":"<p class=\"paragraph text_align_left\">Parmi les clients, des nostalgiques des saveurs US, \u00e0 l\u2019instar de Claire. Cette Franco-Am\u00e9ricaine de 39 ans, install\u00e9e \u00e0 Paris, ne boude pas son plaisir de red\u00e9couvrir le go\u00fbt de l\u2019Am\u00e9rique. \u00ab J\u2019adore les donuts. J\u2019en mange depuis que je suis enfant. Mon grand-p\u00e8re nous en rapportait des bo\u00eetes. Le donut \u00e0 la fraise recouvert de vermicelles, c\u2019est ma madeleine de Proust. C\u2019est celui que je vais d\u00e9guster \u00bb, confie cette clerc de notaire.<\/p>\n","protected":false},"excerpt":{"rendered":"Parmi les clients, des nostalgiques des saveurs US, \u00e0 l\u2019instar de Claire. Cette Franco-Am\u00e9ricaine de 39 ans, install\u00e9e&hellip;\n","protected":false},"author":2,"featured_media":99388,"comment_status":"","ping_status":"","sticky":false,"template":"","format":"standard","meta":{"footnotes":""},"categories":[1888],"tags":[11,3013,1777,674,1011,27,1944,12,626,25],"class_list":{"0":"post-99387","1":"post","2":"type-post","3":"status-publish","4":"format-standard","5":"has-post-thumbnail","7":"category-paris","8":"tag-actualites","9":"tag-bien-manger","10":"tag-eu","11":"tag-europe","12":"tag-fr","13":"tag-france","14":"tag-ma-ville","15":"tag-news","16":"tag-paris","17":"tag-republique-francaise"},"share_on_mastodon":{"url":"https:\/\/pubeurope.com\/@fr\/114506292528292313","error":""},"_links":{"self":[{"href":"https:\/\/www.europesays.com\/fr\/wp-json\/wp\/v2\/posts\/99387","targetHints":{"allow":["GET"]}}],"collection":[{"href":"https:\/\/www.europesays.com\/fr\/wp-json\/wp\/v2\/posts"}],"about":[{"href":"https:\/\/www.europesays.com\/fr\/wp-json\/wp\/v2\/types\/post"}],"author":[{"embeddable":true,"href":"https:\/\/www.europesays.com\/fr\/wp-json\/wp\/v2\/users\/2"}],"replies":[{"embeddable":true,"href":"https:\/\/www.europesays.com\/fr\/wp-json\/wp\/v2\/comments?post=99387"}],"version-history":[{"count":0,"href":"https:\/\/www.europesays.com\/fr\/wp-json\/wp\/v2\/posts\/99387\/revisions"}],"wp:featuredmedia":[{"embeddable":true,"href":"https:\/\/www.europesays.com\/fr\/wp-json\/wp\/v2\/media\/99388"}],"wp:attachment":[{"href":"https:\/\/www.europesays.com\/fr\/wp-json\/wp\/v2\/media?parent=99387"}],"wp:term":[{"taxonomy":"category","embeddable":true,"href":"https:\/\/www.europesays.com\/fr\/wp-json\/wp\/v2\/categories?post=99387"},{"taxonomy":"post_tag","embeddable":true,"href":"https:\/\/www.europesays.com\/fr\/wp-json\/wp\/v2\/tags?post=99387"}],"curies":[{"name":"wp","href":"https:\/\/api.w.org\/{rel}","templated":true}]}}