{"id":9939,"date":"2025-04-08T10:18:12","date_gmt":"2025-04-08T10:18:12","guid":{"rendered":"https:\/\/www.europesays.com\/fr\/9939\/"},"modified":"2025-04-08T10:18:12","modified_gmt":"2025-04-08T10:18:12","slug":"les-lillois-savent-etre-ensemble","status":"publish","type":"post","link":"https:\/\/www.europesays.com\/fr\/9939\/","title":{"rendered":"\u00ab Les Lillois savent \u00eatre ensemble \u00bb"},"content":{"rendered":"<p>            Par<br \/>\n        <strong><br \/>\n            <a href=\"https:\/\/actu.fr\/auteur\/amandine-vachez\" title=\"Consulter tous les articles de Amandine Vachez\" rel=\"nofollow noopener\" target=\"_blank\">Amandine Vachez<\/a><br \/>\n        <\/strong><\/p>\n<p>        Publi\u00e9 le<\/p>\n<p>            7 avr. 2025 \u00e0 18h26        <\/p>\n<p>Vous pourrez voir <b>Fr\u00e0n\u00e7ois &amp; the Atlas Mountains<\/b> sur la sc\u00e8ne de<b> l\u2019A\u00e9ronef, le jeudi 17\u00a0avril 2025<\/b>. Le groupe pr\u00e9sentera, en formation trio, son<b> 6e album en date, \u00ab\u2009\u00c2ge fleuve\u2009\u00bb* <\/b>(sorti fin janvier chez In Fin\u00e9). Fran\u00e7ois Marry, qui a compos\u00e9 et \u00e9crit l\u2019album, a racont\u00e9 en quelques mots Lille actu l\u2019aventure cr\u00e9ative de ce \u00ab\u2009b\u00e9b\u00e9\u2009\u00bb, qui a mis plusieurs ann\u00e9es \u00e0 voir le jour, et a \u00e9t\u00e9 tr\u00e8s bien re\u00e7u par son entourage. L\u2019artiste est pr\u00eat pour cette date lilloise\u2009; il \u00e9voque le <b>public nordiste<\/b>, dont il garde un bon souvenir.<\/p>\n<p class=\" wall-content\">Pour d\u00e9livrer ce nouvel opus, Fran\u00e7ois Marry a pris le temps. Quatre ann\u00e9es en tout, qui ont permis que l\u2019on retrouve de tr\u00e8s belles collaborations\u2009: le titre \u00ab\u2009Adorer\u2009\u00bb avec Thomas de Pourquery, \u00ab\u2009Jeune versant\u2009\u00bb avec Malik Djoudi et \u00ab\u2009Rappelle-toi\u2009\u00bb avec Rozi Plain.<\/p>\n<p class=\" wall-content\"><b>Lille actu\u2009: Pourriez-vous nous raconter l\u2019histoire de cet album, \u00ab\u2009\u00c2ge fleuve\u2009\u00bb\u2009? Sa naissance, la cr\u00e9ation\u2026<\/b><\/p>\n<p class=\" wall-content\"><b>Fran\u00e7ois Marry\u2009: <\/b>Oui\u2009! J\u2019aimais beaucoup cette m\u00e9taphore du fleuve. J\u2019ai beaucoup de courants qui se sont d\u00e9vers\u00e9s et ont mis du temps \u00e0 se retrouver, pour cet album. Je travaille tout le temps avec des musiciens et musiciennes diff\u00e9rents. Il y a des coups de c\u0153ur, des moments de feeling, qui conduisent \u00e0 cr\u00e9er des choses.<\/p>\n<p class=\" wall-content\">Tout organiser pour se retrouver autour d\u2019un projet, \u00e7a prend du temps. J\u2019ai tendance \u00e0 le faire de mani\u00e8re assez organique. Cet album est le fruit de contribution diverses et vari\u00e9es, pendant 4\u00a0ans. Le producteur, SiAu, a ensuite recadr\u00e9 tout \u00e7a pour permettre \u00e0 cet album de sortir.<\/p>\n<p class=\" wall-content\">\n<p>*\u00ab\u2009\u00c2ge fleuve\u2009\u00bb, cette p\u00e9pite musicale \u00e0 consommer sans mod\u00e9ration<\/p>\n<p>Port\u00e9 par les sons, entra\u00een\u00e9 par les ambiances&#8230; Cet album s&rsquo;\u00e9coute avec gourmandise, mais sans mod\u00e9ration ! Dans ce nouvel opus, le groupe de pop franco-britannique vous emm\u00e8ne sur les traces de souvenirs, de pens\u00e9es, de lieux explor\u00e9s, de moments partag\u00e9s. Le tout sur un rythme tant\u00f4t entra\u00eenant, tant\u00f4t planant, tant\u00f4t d&rsquo;une douceur infinie. La voix de Fran\u00e7ois\u2009Marry nous guide, parfois accompagn\u00e9e d&rsquo;une autre ou de ch\u0153urs. Cette voix est notre ancre, dans ce voyage musical in\u00e9dit. Une d\u00e9couverte sensorielle vous attend, guid\u00e9e par une multitude d\u2019instruments et de sonorit\u00e9s, parfois d\u00e9routantes. Vous n\u2019\u00eates pas \u00e0 l\u2019abri d\u2019un th\u00e8me qui aura l\u2019effet d\u2019une madeleine de Proust. C\u2019est touchant, c\u2019est sinc\u00e8re, c\u2019est \u00e9mouvant. \u00c2mes sensibles s\u2019abstenir, votre c\u0153ur risque d\u2019\u00eatre compl\u00e8tement transport\u00e9\u2009!<\/p>\n<p class=\" wall-content\"><b>Quels retours avez-vous eus, sur cet album, de proches ou non, qui vous ont marqu\u00e9, touch\u00e9 ou peut-\u00eatre surpris\u2009?<\/b><\/p>\n<p class=\" wall-content\">J\u2019ai eu beaucoup de retours de ma famille, positifs. Ils ont eu la sensation que cet album \u00e9tait raccord avec qui j\u2019\u00e9tais. Ma famille a \u00e9t\u00e9 tr\u00e8s touch\u00e9e. Je me dis que cet album est plus \u00ab\u2009lisible\u2009\u00bb que les projets pr\u00e9c\u00e9dents. J\u2019ai aussi eu le retour d\u2019artistes, amis, comme \u00c9tienne Daho ou Dominique A, qui m\u2019ont touch\u00e9. C\u2019est un \u00ab\u2009adoubement\u2009\u00bb, en quelque sorte.<\/p>\n<p class=\" wall-content\"><b>Et le public, comment re\u00e7oit-il cet album\u2009?<\/b><\/p>\n<p class=\" wall-content\">Bien\u2009! Les rencontres avec le public apportent toujours beaucoup.<\/p>\n<blockquote class=\"ac-article-quote wall-content\">\n<p>Beaucoup de gens disent comment les chansons les touchent. Ils nous racontent leur histoire. C\u2019est tr\u00e8s enrichissant\u2009!<\/p>\n<\/blockquote>\n<p class=\" wall-content\">Quand on est en pleine cr\u00e9ation, on est dans son coin, dans nos r\u00e9flexions. On se demande si, au moment de la rencontre avec le public, le courant va se propager. Et quand on voit que l\u2019auditoire appr\u00e9cie, c\u2019est tr\u00e8s gratifiant.<\/p>\n<p class=\" wall-content\"><b>Pendant la phase d\u2019\u00e9criture d\u2019un album, vous pr\u00e9sentez vos nouveaux titres en live pour les \u00ab\u2009tester\u2009\u00bb aupr\u00e8s du public\u2009?<\/b><\/p>\n<p class=\" wall-content\">Non, je n\u2019y arrive pas. Je me dis que si je fais \u00e9couter un titre avant qu\u2019il ne soit termin\u00e9, il y a comme une perte. Je connais des artistes qui le font, qui partagent avec le public, tr\u00e8s t\u00f4t dans la cr\u00e9ation. J\u2019avoue que je n\u2019ai pas ce courage (rires).<\/p>\n<p class=\" wall-content\"><b>Y a-t-il un titre en particulier, que vous aimez sur cet album\u2009?<\/b><\/p>\n<p class=\" wall-content\">Je suis tr\u00e8s heureux de l\u2019 \u00ab\u2009A\u00efeul inconnu\u2009\u00bb, pour lequel j\u2019ai enregistr\u00e9 des sons dans la for\u00eat. Je recherche tout le temps le groove et la danse, j\u2019ai \u00e0 mon sens rarement r\u00e9ussi aussi bien \u00e0 le faire que sur ce morceau.<\/p>\n<p class=\" wall-content\"><b>Sur sc\u00e8ne pour le concert \u00e0 Lille, vous serez combien\u2009?<\/b><\/p>\n<p class=\" wall-content\">Nous serons trois. En trio, on retrouve les morceaux \u00e0 l\u2019\u00e9tat brut, sans arrangements. Il n\u2019y a pas d\u2019orchestration. \u00c7a permet d\u2019\u00eatre dans l\u2019esprit du moment, de vivre ces instants pleinement.<\/p>\n<p class=\" wall-content\">Puisqu\u2019on parle du live, il faut que je vous dise que le batteur est ph\u00e9nom\u00e9nal, et le bassiste, aussi\u2009!<\/p>\n<blockquote class=\"ac-article-quote wall-content\">\n<p>Je suis tr\u00e8s bien entour\u00e9 par ces deux musiciens. C\u2019est une joie, c\u2019est exaltant, de partir en tourn\u00e9e ensemble.<\/p>\n<\/blockquote>\n<p class=\" wall-content\"><b>Vous \u00eates d\u00e9j\u00e0 venu \u00e0 Lille. Vous rappelez-vous de l\u2019A\u00e9ronef\u2009?<\/b><\/p>\n<p class=\" wall-content\">Oui, je suis d\u00e9j\u00e0 venu, mais juste apr\u00e8s le Covid. C\u2019\u00e9tait dans une configuration particuli\u00e8re. C\u2019\u00e9tait tr\u00e8s bien, mais je suis content de pouvoir d\u00e9couvrir la salle autrement.<\/p>\n<p class=\" wall-content\"><b>Au-del\u00e0 de cette sp\u00e9cificit\u00e9, vous en gardez un bon souvenir\u2009?<\/b><\/p>\n<p class=\" wall-content\">Oui\u2009! \u00c0 Lille, les gens ont une culture musicale assez forte. Et les Lillois savent \u00eatre ensemble\u2009! Il faut le dire, mieux que dans certains endroits (rires).<\/p>\n<p>En pratique\u2009: concert le jeudi 17\u00a0avril 2025 \u00e0 20\u2009h \u00e0 L\u2019A\u00e9ronef. Adahy en premi\u00e8re partie. Tarif\u2009: 8\/5\u00a0euros. Infos et r\u00e9servations <a href=\"https:\/\/aeronef.fr\/agenda\/francoisandtheatlasmountains\" rel=\"nofollow noopener\" target=\"_blank\">par ici<\/a>. Une autre date est pr\u00e9vue en r\u00e9gion\u2009: le jeudi 24\u00a0avril 2025 \u00e0 la Lune des pirates, \u00e0 Amiens.<\/p>\n<p class=\" wall-content\">Suivez toute l\u2019actualit\u00e9 de vos villes et m\u00e9dias favoris en vous inscrivant \u00e0 <a href=\"https:\/\/moncompte.actu.fr\" title=\"D\u00e9couvez Mon Actu\" rel=\"nofollow noopener\" data-trk=\"{&quot;cta&quot;:{&quot;action&quot;:&quot;https:\\\/\\\/moncompte.actu.fr&quot;,&quot;category&quot;:&quot;mon compte&quot;,&quot;from&quot;:&quot;article footer&quot;,&quot;name&quot;:&quot;Mon actu&quot;,&quot;type&quot;:&quot;cta&quot;}}\" target=\"_blank\">Mon Actu<\/a>.<\/p>\n","protected":false},"excerpt":{"rendered":"Par Amandine Vachez Publi\u00e9 le 7 avr. 2025 \u00e0 18h26 Vous pourrez voir Fr\u00e0n\u00e7ois &amp; the Atlas Mountains&hellip;\n","protected":false},"author":2,"featured_media":9940,"comment_status":"","ping_status":"","sticky":false,"template":"","format":"standard","meta":{"footnotes":""},"categories":[2815],"tags":[1111,11,1697,1777,674,1011,27,811,1307,1652,873,12,25],"class_list":{"0":"post-9939","1":"post","2":"type-post","3":"status-publish","4":"format-standard","5":"has-post-thumbnail","7":"category-lille","8":"tag-actu","9":"tag-actualites","10":"tag-concert","11":"tag-eu","12":"tag-europe","13":"tag-fr","14":"tag-france","15":"tag-hauts-de-france","16":"tag-lille","17":"tag-loisirs-culture","18":"tag-musique","19":"tag-news","20":"tag-republique-francaise"},"share_on_mastodon":{"url":"https:\/\/pubeurope.com\/@fr\/114301835931440985","error":""},"_links":{"self":[{"href":"https:\/\/www.europesays.com\/fr\/wp-json\/wp\/v2\/posts\/9939","targetHints":{"allow":["GET"]}}],"collection":[{"href":"https:\/\/www.europesays.com\/fr\/wp-json\/wp\/v2\/posts"}],"about":[{"href":"https:\/\/www.europesays.com\/fr\/wp-json\/wp\/v2\/types\/post"}],"author":[{"embeddable":true,"href":"https:\/\/www.europesays.com\/fr\/wp-json\/wp\/v2\/users\/2"}],"replies":[{"embeddable":true,"href":"https:\/\/www.europesays.com\/fr\/wp-json\/wp\/v2\/comments?post=9939"}],"version-history":[{"count":0,"href":"https:\/\/www.europesays.com\/fr\/wp-json\/wp\/v2\/posts\/9939\/revisions"}],"wp:featuredmedia":[{"embeddable":true,"href":"https:\/\/www.europesays.com\/fr\/wp-json\/wp\/v2\/media\/9940"}],"wp:attachment":[{"href":"https:\/\/www.europesays.com\/fr\/wp-json\/wp\/v2\/media?parent=9939"}],"wp:term":[{"taxonomy":"category","embeddable":true,"href":"https:\/\/www.europesays.com\/fr\/wp-json\/wp\/v2\/categories?post=9939"},{"taxonomy":"post_tag","embeddable":true,"href":"https:\/\/www.europesays.com\/fr\/wp-json\/wp\/v2\/tags?post=9939"}],"curies":[{"name":"wp","href":"https:\/\/api.w.org\/{rel}","templated":true}]}}