{"id":99393,"date":"2025-05-14T12:57:12","date_gmt":"2025-05-14T12:57:12","guid":{"rendered":"https:\/\/www.europesays.com\/fr\/99393\/"},"modified":"2025-05-14T12:57:12","modified_gmt":"2025-05-14T12:57:12","slug":"le-pape-leon-xiv-apporte-son-soutien-a-lukraine-laissant-entrevoir-une-future-visite-officielle-a-kiev","status":"publish","type":"post","link":"https:\/\/www.europesays.com\/fr\/99393\/","title":{"rendered":"Le pape L\u00e9on XIV apporte son soutien \u00e0 l&rsquo;Ukraine, laissant entrevoir une future visite officielle \u00e0 Kiev"},"content":{"rendered":"<p>\tLe pape L\u00e9on XIV apporte son soutien \u00e0 l&rsquo;Ukraine, laissant entrevoir une future visite officielle \u00e0 Kiev &#8211; Touteleurope.eu<\/p>\n<p>\t\t<img decoding=\"async\" alt=\"fermer\" class=\"close-info\" src=\"https:\/\/www.europesays.com\/fr\/wp-content\/uploads\/2025\/04\/close-picto-blue.svg.svg+xml\"\/><\/p>\n<p>Touteleurope.eu est le site p\u00e9dagogique de r\u00e9f\u00e9rence sur les questions europ\u00e9ennes : <a href=\"https:\/\/www.touteleurope.eu\/qui-sommes-nous\/\" target=\"_blank\" rel=\"noopener\">Qui sommes-nous ?<\/a><\/p>\n<p><img decoding=\"async\" class=\"logo-pdf\" alt=\"Toute L'Europe \u2013 Comprendre l'Europe\" src=\"data:image\/svg+xml,%3Csvg%20xmlns=\" http:=\"\" data-lazy-src=\"https:\/\/www.europesays.com\/fr\/wp-content\/uploads\/2025\/04\/logo-ttl.svg.svg+xml\"\/><\/p>\n","protected":false},"excerpt":{"rendered":"Le pape L\u00e9on XIV apporte son soutien \u00e0 l&rsquo;Ukraine, laissant entrevoir une future visite officielle \u00e0 Kiev &#8211;&hellip;\n","protected":false},"author":2,"featured_media":99394,"comment_status":"","ping_status":"","sticky":false,"template":"","format":"standard","meta":{"footnotes":""},"categories":[1590],"tags":[11,1777,674,12,21376,4020,220],"class_list":{"0":"post-99393","1":"post","2":"type-post","3":"status-publish","4":"format-standard","5":"has-post-thumbnail","7":"category-ukraine","8":"tag-actualites","9":"tag-eu","10":"tag-europe","11":"tag-news","12":"tag-paix-et-securite","13":"tag-religion","14":"tag-ukraine"},"share_on_mastodon":{"url":"https:\/\/pubeurope.com\/@fr\/114506304363536793","error":""},"_links":{"self":[{"href":"https:\/\/www.europesays.com\/fr\/wp-json\/wp\/v2\/posts\/99393","targetHints":{"allow":["GET"]}}],"collection":[{"href":"https:\/\/www.europesays.com\/fr\/wp-json\/wp\/v2\/posts"}],"about":[{"href":"https:\/\/www.europesays.com\/fr\/wp-json\/wp\/v2\/types\/post"}],"author":[{"embeddable":true,"href":"https:\/\/www.europesays.com\/fr\/wp-json\/wp\/v2\/users\/2"}],"replies":[{"embeddable":true,"href":"https:\/\/www.europesays.com\/fr\/wp-json\/wp\/v2\/comments?post=99393"}],"version-history":[{"count":0,"href":"https:\/\/www.europesays.com\/fr\/wp-json\/wp\/v2\/posts\/99393\/revisions"}],"wp:featuredmedia":[{"embeddable":true,"href":"https:\/\/www.europesays.com\/fr\/wp-json\/wp\/v2\/media\/99394"}],"wp:attachment":[{"href":"https:\/\/www.europesays.com\/fr\/wp-json\/wp\/v2\/media?parent=99393"}],"wp:term":[{"taxonomy":"category","embeddable":true,"href":"https:\/\/www.europesays.com\/fr\/wp-json\/wp\/v2\/categories?post=99393"},{"taxonomy":"post_tag","embeddable":true,"href":"https:\/\/www.europesays.com\/fr\/wp-json\/wp\/v2\/tags?post=99393"}],"curies":[{"name":"wp","href":"https:\/\/api.w.org\/{rel}","templated":true}]}}