{"id":993990,"date":"2026-06-11T23:04:30","date_gmt":"2026-06-11T23:04:30","guid":{"rendered":"https:\/\/www.europesays.com\/fr\/993990\/"},"modified":"2026-06-11T23:04:30","modified_gmt":"2026-06-11T23:04:30","slug":"les-pompiers-au-secours-dun-chat-coince-dans-une-conduite-deau-pres-de-rennes-3","status":"publish","type":"post","link":"https:\/\/www.europesays.com\/fr\/993990\/","title":{"rendered":"Les pompiers au secours d\u2019un chat coinc\u00e9 dans une conduite d\u2019eau pr\u00e8s de Rennes"},"content":{"rendered":"<p>Quatorze sapeurs-pompiers sont intervenus dans la commune de Betton, au nord de Rennes\u00a0(Ille-et-Vilaine), ce jeudi 11\u00a0juin 2026 vers 17\u00a0h. Objectif\u00a0: <a href=\"https:\/\/paris.maville.com\/actu\/actudet_-un-chat-perche-depuis-six-jours-dans-un-arbre-recupere-par-les-pompiers-si-j-avais-eu-les-pouvoirs-de-spiderman...-_53511-7221600_actu.Htm\" target=\"_blank\" rel=\"nofollow noopener\">porter secours \u00e0 un chat<\/a> en d\u00e9tresse, coinc\u00e9 dans une conduite d\u2019eau pluviale.<\/p>\n<p>Sous 80 cm<\/p>\n<p>Les secours ont engag\u00e9 les <a href=\"https:\/\/rennes.maville.com\/actu\/actudet_-ille-et-vilaine.-ces-pompiers-specialistes-du-sauvetage-d-animaux-_7-5693175_actu.Htm\" target=\"_blank\" rel=\"nofollow noopener\">\u00e9quipes sp\u00e9cialis\u00e9es animali\u00e8res<\/a> et une unit\u00e9 de sauvetage d\u2019appui et de recherche.<\/p>\n<p>Apr\u00e8s une heure d\u2019intervention, qui a n\u00e9cessit\u00e9 une perc\u00e9e du sol de 80\u00a0cm pour atteindre la conduite, le f\u00e9lin a \u00e9t\u00e9 sauv\u00e9. Il a \u00e9t\u00e9 emmen\u00e9 chez le v\u00e9t\u00e9rinaire avant d\u2019\u00eatre remis \u00e0 son propri\u00e9taire.<\/p>\n<p>\u00a0<\/p>\n","protected":false},"excerpt":{"rendered":"Quatorze sapeurs-pompiers sont intervenus dans la commune de Betton, au nord de Rennes\u00a0(Ille-et-Vilaine), ce jeudi 11\u00a0juin 2026 vers&hellip;\n","protected":false},"author":2,"featured_media":993534,"comment_status":"","ping_status":"","sticky":false,"template":"","format":"standard","meta":{"footnotes":"","_share_on_mastodon":"0"},"categories":[2821],"tags":[1111,11,829,7654,23609,80716,4858,1777,674,1011,27,12,1311,3762,584,25,7342],"class_list":["post-993990","post","type-post","status-publish","format-standard","has-post-thumbnail","category-rennes","tag-actu","tag-actualites","tag-bretagne","tag-chat","tag-coince","tag-conduite","tag-eau","tag-eu","tag-europe","tag-fr","tag-france","tag-news","tag-pompiers","tag-pres","tag-rennes","tag-republique-francaise","tag-secours"],"share_on_mastodon":{"url":"https:\/\/pubeurope.com\/@fr\/116733979298766140","error":""},"_links":{"self":[{"href":"https:\/\/www.europesays.com\/fr\/wp-json\/wp\/v2\/posts\/993990","targetHints":{"allow":["GET"]}}],"collection":[{"href":"https:\/\/www.europesays.com\/fr\/wp-json\/wp\/v2\/posts"}],"about":[{"href":"https:\/\/www.europesays.com\/fr\/wp-json\/wp\/v2\/types\/post"}],"author":[{"embeddable":true,"href":"https:\/\/www.europesays.com\/fr\/wp-json\/wp\/v2\/users\/2"}],"replies":[{"embeddable":true,"href":"https:\/\/www.europesays.com\/fr\/wp-json\/wp\/v2\/comments?post=993990"}],"version-history":[{"count":0,"href":"https:\/\/www.europesays.com\/fr\/wp-json\/wp\/v2\/posts\/993990\/revisions"}],"wp:featuredmedia":[{"embeddable":true,"href":"https:\/\/www.europesays.com\/fr\/wp-json\/wp\/v2\/media\/993534"}],"wp:attachment":[{"href":"https:\/\/www.europesays.com\/fr\/wp-json\/wp\/v2\/media?parent=993990"}],"wp:term":[{"taxonomy":"category","embeddable":true,"href":"https:\/\/www.europesays.com\/fr\/wp-json\/wp\/v2\/categories?post=993990"},{"taxonomy":"post_tag","embeddable":true,"href":"https:\/\/www.europesays.com\/fr\/wp-json\/wp\/v2\/tags?post=993990"}],"curies":[{"name":"wp","href":"https:\/\/api.w.org\/{rel}","templated":true}]}}