{"id":99401,"date":"2025-05-14T13:01:08","date_gmt":"2025-05-14T13:01:08","guid":{"rendered":"https:\/\/www.europesays.com\/fr\/99401\/"},"modified":"2025-05-14T13:01:08","modified_gmt":"2025-05-14T13:01:08","slug":"plus-de-la-moitie-des-grandes-entreprises-en-europe-soutiennent-les-objectifs-du-pacte-vert","status":"publish","type":"post","link":"https:\/\/www.europesays.com\/fr\/99401\/","title":{"rendered":"Plus de la moiti\u00e9 des grandes entreprises en Europe soutiennent les objectifs du Pacte vert"},"content":{"rendered":"\n<p>Les grandes entreprises europ\u00e9ennes auraient-elles bascul\u00e9 du c\u00f4t\u00e9 de la lutte contre le changement climatique\u00a0? Selon un <a class=\"ithalc\" data-ithal=\"lien_externe\" data-ithalc=\"[nav_article]\" target=\"_blank\" href=\"https:\/\/influencemap.org\/briefing\/European-Industry-and-the-European-Union-s-Climate-Policy-in-2024-29-32272\" rel=\"noopener\">rapport d\u2019InfluenceMap<\/a>, leur politique de lobbying aupr\u00e8s de l\u2019Union europ\u00e9enne rejoint les objectifs scientifiques de r\u00e9duction des \u00e9missions de gaz \u00e0 effet de serre. Les quelque 200\u00a0plus grandes soci\u00e9t\u00e9s du continent \u00e9tudi\u00e9es par l\u2019ONG, \u00e9tablie \u00e0 Londres, \u201cfont de plus en plus campagne pour une lutte efficace contre le changement climatique\u201d, <a class=\"ithalc\" data-ithal=\"lien_externe\" data-ithalc=\"[nav_article]\" target=\"_blank\" href=\"https:\/\/www.theguardian.com\/environment\/2025\/may\/14\/european-firms-ramping-up-lobbying-for-climate-action-report-finds\" rel=\"noopener\">r\u00e9sume <strong>The Guardian<\/strong><\/a><strong>.<\/strong><\/p>\n<p>Ce \u201cchangement profond\u201d, selon les auteurs, va \u00e0 l\u2019encontre de l\u2019id\u00e9e selon laquelle les milieux \u00e9conomiques seraient oppos\u00e9s au Pacte vert, qui constituerait une \u201cmenace pour leurs profits\u201d, poursuit le quotidien britannique.<\/p>\n<p>La part des grandes entreprises \u201cdont le lobbying est align\u00e9 sur les moyens d\u2019atteindre les objectifs climatiques est pass\u00e9e de 3\u00a0% \u00e0 23\u00a0% en 2025\u201d, tandis que la part de celles qui font campagne contre ces objectifs a recul\u00e9 de 34\u00a0% \u00e0 14\u00a0%.<\/p>\n<p>                    Deux fois plus qu\u2019au d\u00e9but du Pacte vert       <\/p>\n<p>InfluenceMap analyse la communication des entreprises, leurs posts sur les r\u00e9seaux sociaux et les diff\u00e9rents documents qu\u2019elles soumettent \u00e0 l\u2019UE, en accordant plus de poids \u201caux d\u00e9clarations des dirigeants et aux consultations officielles\u201d.<\/p>\n<p>Au total, \u201c52\u00a0% des entreprises europ\u00e9ennes d\u00e9fendent des politiques climatiques align\u00e9es sur l\u2019objectif de l\u2019accord de Paris pour contenir le r\u00e9chauffement \u00e0 1,5\u00a0\u00b0C au-dessus des niveaux pr\u00e9industriels\u201d, <a class=\"ithalc\" data-ithal=\"lien_externe\" data-ithalc=\"[nav_article]\" target=\"_blank\" href=\"https:\/\/www.sustainableviews.com\/half-of-european-companies-support-climate-policies-research-suggests-af735d6d\/\" rel=\"noopener\">constate le site SustainableViews<\/a>. C\u2019est \u201cplus du double\u201d qu\u2019en 2019.<\/p>\n<p>Malgr\u00e9 l\u2019actuel d\u00e9tricotage du Pacte vert europ\u00e9en, \u201cle soutien des entreprises \u00e0 la politique en faveur du climat continue d\u2019augmenter\u201d, affirme le m\u00e9dia consacr\u00e9 au d\u00e9veloppement durable du Financial Times. Les industries les plus oppos\u00e9es aux objectifs climatiques sont\u00a0les secteurs du transport, de l\u2019industrie lourde (acier, chimie) et les g\u00e9ants du commerce.<\/p>\n<p>L\u2019\u00e9tude \u201cremet en question l\u2019id\u00e9e de plus en plus r\u00e9pandue selon laquelle une politique climatique europ\u00e9enne ambitieuse ne peut aller de pair avec une forte concurrence industrielle\u201d. Cependant, mod\u00e8re le m\u00e9dia sp\u00e9cialis\u00e9, ces r\u00e9sultats refl\u00e8tent aussi le fait que les entreprises mettent du temps \u00e0 engager des politiques et que leurs \u201ccycles d\u2019investissement ne sont pas facilement influenc\u00e9s par les d\u00e9veloppements politiques \u00e0 court terme\u201d.<\/p>\n","protected":false},"excerpt":{"rendered":"Les grandes entreprises europ\u00e9ennes auraient-elles bascul\u00e9 du c\u00f4t\u00e9 de la lutte contre le changement climatique\u00a0? Selon un rapport&hellip;\n","protected":false},"author":2,"featured_media":99402,"comment_status":"","ping_status":"","sticky":false,"template":"","format":"standard","meta":{"footnotes":""},"categories":[1586],"tags":[11,4734,1129,1777,674,1011,27,12,25,8678,2542],"class_list":{"0":"post-99401","1":"post","2":"type-post","3":"status-publish","4":"format-standard","5":"has-post-thumbnail","7":"category-europe","8":"tag-actualites","9":"tag-changement-climatique","10":"tag-climat","11":"tag-eu","12":"tag-europe","13":"tag-fr","14":"tag-france","15":"tag-news","16":"tag-republique-francaise","17":"tag-transition-u00e9nergu00e9tique","18":"tag-u00e9conomie"},"share_on_mastodon":{"url":"https:\/\/pubeurope.com\/@fr\/114506320017424113","error":""},"_links":{"self":[{"href":"https:\/\/www.europesays.com\/fr\/wp-json\/wp\/v2\/posts\/99401","targetHints":{"allow":["GET"]}}],"collection":[{"href":"https:\/\/www.europesays.com\/fr\/wp-json\/wp\/v2\/posts"}],"about":[{"href":"https:\/\/www.europesays.com\/fr\/wp-json\/wp\/v2\/types\/post"}],"author":[{"embeddable":true,"href":"https:\/\/www.europesays.com\/fr\/wp-json\/wp\/v2\/users\/2"}],"replies":[{"embeddable":true,"href":"https:\/\/www.europesays.com\/fr\/wp-json\/wp\/v2\/comments?post=99401"}],"version-history":[{"count":0,"href":"https:\/\/www.europesays.com\/fr\/wp-json\/wp\/v2\/posts\/99401\/revisions"}],"wp:featuredmedia":[{"embeddable":true,"href":"https:\/\/www.europesays.com\/fr\/wp-json\/wp\/v2\/media\/99402"}],"wp:attachment":[{"href":"https:\/\/www.europesays.com\/fr\/wp-json\/wp\/v2\/media?parent=99401"}],"wp:term":[{"taxonomy":"category","embeddable":true,"href":"https:\/\/www.europesays.com\/fr\/wp-json\/wp\/v2\/categories?post=99401"},{"taxonomy":"post_tag","embeddable":true,"href":"https:\/\/www.europesays.com\/fr\/wp-json\/wp\/v2\/tags?post=99401"}],"curies":[{"name":"wp","href":"https:\/\/api.w.org\/{rel}","templated":true}]}}