{"id":994046,"date":"2026-06-11T23:37:20","date_gmt":"2026-06-11T23:37:20","guid":{"rendered":"https:\/\/www.europesays.com\/fr\/994046\/"},"modified":"2026-06-11T23:37:20","modified_gmt":"2026-06-11T23:37:20","slug":"la-randonnee-une-affaire-qui-marche-le-documentaire-de-france-5","status":"publish","type":"post","link":"https:\/\/www.europesays.com\/fr\/994046\/","title":{"rendered":"\u00ab La randonn\u00e9e, une affaire qui marche \u00bb : le documentaire de France 5"},"content":{"rendered":"<p>L\u2019engouement pour la marche ne se d\u00e9ment pas . Elle reste l\u2019activit\u00e9 sportive pr\u00e9f\u00e9r\u00e9e des Fran\u00e7ais, pratiqu\u00e9e par tous, \u00e0 tous les \u00e2ges.\u00a0<\/p>\n<p><strong>\u00ab La randonn\u00e9e, une affaire qui marche \u00bb : le documentaire de France 5<br \/><\/strong>Plusieurs s\u00e9quences du documentaire illustrent les facettes de la randonn\u00e9e.\u00a0<br \/>L\u2019\u00e9quipement ad\u00e9quat et les conseils pour l\u2019achat des chaussures et du sac \u00e0 dos.\u00a0<br \/>Deux randonneuses novices sur le chemin de Stevenson &#8230; la randonn\u00e9e avec des \u00e2nes&#8230; le portage des bagages&#8230; les retomb\u00e9es \u00e9conomiques.\u00a0<\/p>\n<p><strong>Point fort<\/strong> : les d\u00e9rives d&rsquo;un tourisme de masse destructeur pour la nature. <br \/>Illustration sur le Tour du Mont-Blanc, en Haute-Savoie, qui attire de plus en plus de touristes. Une affluence qui met sous pression l\u2019\u00e9cosyst\u00e8me fragile qui l\u2019entoure.\u00a0<br \/>La fr\u00e9quentation des Calanques de Marseille est r\u00e9gul\u00e9e par des quotas et des r\u00e9servations.\u00a0<\/p>\n<p>En revanche, d\u2019autres itin\u00e9raires tr\u00e8s attractifs sont peu fr\u00e9quent\u00e9s comme le nouveau sentier de Grande Randonn\u00e9e,\u00a0\u00a0<a href=\"https:\/\/boutique.ffrandonnee.fr\/topoguide\/les-chemins-de-la-guerre-de-cent-ans-gr100\" target=\"_blank\" rel=\"noopener nofollow\">Les chemins de la Guerre de Cent Ans \u2013 GR \u00ae 100<\/a> , un itin\u00e9raire historique et nature de Montlu\u00e7on \u00e0 Poitiers, \u00e0 la d\u00e9couverte des paysages et ch\u00e2teaux de la Guerre de Cent Ans.\u00a0<\/p>\n<p><a href=\"https:\/\/www.france.tv\/documentaires\/documentaires-societe\/8507330-la-randonnee-une-affaire-qui-marche.html\" target=\"_blank\" rel=\"noopener nofollow\">Visionner \u00ab La randonn\u00e9e, une affaire qui marche<\/a> \u00bb \u00a0un documentaire qui donne envie de marcher hors des sentiers battus et qui pointe les d\u00e9rives d&rsquo;un tourisme de masse destructeur de la nature.\u00a0<\/p>\n","protected":false},"excerpt":{"rendered":"L\u2019engouement pour la marche ne se d\u00e9ment pas . Elle reste l\u2019activit\u00e9 sportive pr\u00e9f\u00e9r\u00e9e des Fran\u00e7ais, pratiqu\u00e9e par&hellip;\n","protected":false},"author":2,"featured_media":994047,"comment_status":"","ping_status":"","sticky":false,"template":"","format":"standard","meta":{"footnotes":"","_share_on_mastodon":"0"},"categories":[4],"tags":[11,28225,28226,28217,28218,28216,28227,28228,1011,27,28211,28212,28215,28224,28219,28222,12,28213,28221,28220,25,28214,28223],"class_list":["post-994046","post","type-post","status-publish","format-standard","has-post-thumbnail","category-france","tag-actualites","tag-animateur-de-randonnee","tag-balisage","tag-clubs-de-randonnee","tag-disciplines-de-randonnee","tag-federation-francaise-de-la-randonnee-pedestre","tag-ffrandonnee","tag-ffrp","tag-fr","tag-france","tag-gr","tag-grande-randonnee","tag-itineraires-de-randonnee","tag-itinerance","tag-longe-cote","tag-marche-nordique","tag-news","tag-promenade-et-randonnee","tag-rando-challenge","tag-raquette-a-neige","tag-republique-francaise","tag-topoguide","tag-trek"],"share_on_mastodon":{"url":"https:\/\/pubeurope.com\/@fr\/116734109286132399","error":""},"_links":{"self":[{"href":"https:\/\/www.europesays.com\/fr\/wp-json\/wp\/v2\/posts\/994046","targetHints":{"allow":["GET"]}}],"collection":[{"href":"https:\/\/www.europesays.com\/fr\/wp-json\/wp\/v2\/posts"}],"about":[{"href":"https:\/\/www.europesays.com\/fr\/wp-json\/wp\/v2\/types\/post"}],"author":[{"embeddable":true,"href":"https:\/\/www.europesays.com\/fr\/wp-json\/wp\/v2\/users\/2"}],"replies":[{"embeddable":true,"href":"https:\/\/www.europesays.com\/fr\/wp-json\/wp\/v2\/comments?post=994046"}],"version-history":[{"count":0,"href":"https:\/\/www.europesays.com\/fr\/wp-json\/wp\/v2\/posts\/994046\/revisions"}],"wp:featuredmedia":[{"embeddable":true,"href":"https:\/\/www.europesays.com\/fr\/wp-json\/wp\/v2\/media\/994047"}],"wp:attachment":[{"href":"https:\/\/www.europesays.com\/fr\/wp-json\/wp\/v2\/media?parent=994046"}],"wp:term":[{"taxonomy":"category","embeddable":true,"href":"https:\/\/www.europesays.com\/fr\/wp-json\/wp\/v2\/categories?post=994046"},{"taxonomy":"post_tag","embeddable":true,"href":"https:\/\/www.europesays.com\/fr\/wp-json\/wp\/v2\/tags?post=994046"}],"curies":[{"name":"wp","href":"https:\/\/api.w.org\/{rel}","templated":true}]}}