{"id":99408,"date":"2025-05-14T13:05:14","date_gmt":"2025-05-14T13:05:14","guid":{"rendered":"https:\/\/www.europesays.com\/fr\/99408\/"},"modified":"2025-05-14T13:05:14","modified_gmt":"2025-05-14T13:05:14","slug":"la-region-hauts-de-france-connait-un-deficit-de-pluie-jamais-vu-depuis-1959","status":"publish","type":"post","link":"https:\/\/www.europesays.com\/fr\/99408\/","title":{"rendered":"La r\u00e9gion Hauts-de-France conna\u00eet un d\u00e9ficit de pluie jamais vu depuis 1959"},"content":{"rendered":"<p>                                 <img decoding=\"async\" loading=\"lazy\" src=\"https:\/\/www.europesays.com\/fr\/wp-content\/uploads\/2025\/05\/39da9ea_1684332619653-000-33dx7ew.jpg\"  width=\"640\" height=\"auto\" alt=\"Le gouvernement a d\u00e9voil\u00e9 ce mercredi 17\u00a0mai son \u00ab\u00a0guide s\u00e9cheresse 2023\u00a0\u00bb.  (Photo\u00a0: prise le 27 avril 2023 montre le lit ass\u00e9ch\u00e9 de la rivi\u00e8re Agly \u00e0 Rivesaltes, dans le sud-ouest de la France)\" title=\"Le gouvernement a d\u00e9voil\u00e9 ce mercredi 17\u00a0mai son \u00ab\u00a0guide s\u00e9cheresse 2023\u00a0\u00bb.  (Photo\u00a0: prise le 27 avril 2023 montre le lit ass\u00e9ch\u00e9 de la rivi\u00e8re Agly \u00e0 Rivesaltes, dans le sud-ouest de la France)\"\/>          RAYMOND ROIG \/ AFP   Le gouvernement a d\u00e9voil\u00e9 ce mercredi 17\u00a0mai son \u00ab\u00a0guide s\u00e9cheresse 2023\u00a0\u00bb.  (Photo\u00a0: prise le 27 avril 2023 montre le lit ass\u00e9ch\u00e9 de la rivi\u00e8re Agly \u00e0 Rivesaltes, dans le sud-ouest de la France)         <\/p>\n<p> Le gouvernement a d\u00e9voil\u00e9 ce mercredi 17\u00a0mai son \u00ab\u00a0guide s\u00e9cheresse 2023\u00a0\u00bb.  (Photo\u00a0: prise le 27 avril 2023 montre le lit ass\u00e9ch\u00e9 de la rivi\u00e8re Agly \u00e0 Rivesaltes, dans le sud-ouest de la France) <\/p>\n<p>ENVIRONNEMENT &#8211; Le \u00ab\u00a0Guide s\u00e9cheresse 2023\u00a0\u00bb devient plus s\u00e9v\u00e8re apr\u00e8s la <a href=\"https:\/\/www.huffingtonpost.fr\/environnement\/article\/ces-cartes-montrent-a-quel-point-cet-ete-est-le-plus-chaud-jamais-enregistre-en-europe_207483.html\" rel=\"nofollow noopener\" target=\"_blank\">canicule dramatique<\/a> de l\u2019\u00e9t\u00e9 2022. Alors que les pluies de mars et avril n\u2019ont pas \u00e9t\u00e9 suffisantes pour recharger <a href=\"https:\/\/www.huffingtonpost.fr\/environnement\/article\/la-meteo-en-france-et-la-pluie-n-ont-pas-permis-de-soulager-les-nappes-phreatiques_217957.html\" rel=\"nofollow noopener\" target=\"_blank\">les nappes phr\u00e9atiques<\/a> dans l\u2019Hexagone, le minist\u00e8re de la Transition \u00e9cologique a d\u00e9voil\u00e9 ce mercredi 17\u00a0mai les principales mesures de restrictions d\u2019eau pour cet \u00e9t\u00e9.<\/p>\n<p>Lavage des voitures, piscines, arrosage des golfs et des terrains de sport&#8230; Le HuffPost fait le point sur les dix nouvelles r\u00e8gles du gouvernement adress\u00e9es ce mercredi aux pr\u00e9fets, en fonction des trois diff\u00e9rents degr\u00e9s d\u2019alerte (alerte, alerte renforc\u00e9e, crise). Voici la carte des arr\u00eat\u00e9s de restrictions d\u2019eau au 16\u00a0mai.<\/p>\n<p>                               <img decoding=\"async\" loading=\"lazy\" src=\"https:\/\/www.europesays.com\/fr\/wp-content\/uploads\/2025\/05\/76737cf_1684333204108-screenshot-2023-05-17-16-19-41.png\"  width=\"640\" height=\"auto\" alt=\"Photo\" title=\"\"\/>             <\/p>\n<p> Carte des arr\u00eat\u00e9s de restriction d\u2019eau<br \/>\npar d\u00e9partement au 16 mai 2023 <\/p>\n<ul>\n<li><strong>Remplissage des piscines priv\u00e9es<\/strong><\/li>\n<\/ul>\n<p>Si votre d\u00e9partement est en niveaux alerte ou alerte renforc\u00e9e, seuls les remises \u00e0 niveau et les \u00ab\u00a0premiers remplissages\u00a0\u00bb sont autoris\u00e9s. Deux actions qui sont interdites si votre d\u00e9partement est en \u00ab\u00a0crise\u00a0\u00bb.<\/p>\n<p>L e ministre de la Transition \u00e9cologique, <a href=\"https:\/\/www.huffingtonpost.fr\/politique\/article\/climat-christophe-bechu-veut-preparer-la-france-a-un-scenario-a-4_214495.html\" rel=\"nofollow noopener\" target=\"_blank\">Christophe B\u00e9chu<\/a> a d\u00e9j\u00e0 annonc\u00e9 le 5\u00a0mai,  l\u2019interdiction de la vente des\u00a0piscines\u00a0hors sol dans le d\u00e9partement des\u00a0<a href=\"https:\/\/www.huffingtonpost.fr\/environnement\/article\/pyrenees-orientales-avant-l-incendie-de-cerbere-et-banyuls-sur-mer-tous-les-voyants-etaient-au-rouge_216689.html\" rel=\"nofollow noopener\" target=\"_blank\">Pyr\u00e9n\u00e9es-Orientales<\/a>, en situation de crise s\u00e9cheresse.<\/p>\n<p>Le\u00a0remplissage et la vidange sont prohib\u00e9s \u00e0 partir du niveau alerte renforc\u00e9e.<\/p>\n<p>D\u00e8s le niveau d\u2019alerte, vous n\u2019avez plus le droit de laver votre v\u00e9hicule chez vous. En station de lavage, en revanche, vous pouvez la nettoyer sur les \u00ab\u00a0pistes \u00e9conomes\u00a0\u00bb et \u00ab\u00a0\u00e9quip\u00e9es de syst\u00e8mes de recyclage\u00a0\u00bb. En cas de \u00ab\u00a0crise\u00a0\u00bb, m\u00eame chez un professionnel, nettoyer sa voiture est interdit.<\/p>\n<ul>\n<li><strong>Arrosage des terrains de sport et hippodromes<\/strong><\/li>\n<\/ul>\n<p>Les terrains et les hippodromes n\u00e9cessaires aux principales comp\u00e9titions ne pourront plus \u00eatre arros\u00e9s en journ\u00e9e dans les territoires en \u00e9tat de \u00ab\u00a0crise\u00a0s\u00e9cheresse\u00a0\u00bb.<\/p>\n<p>Les terrains d\u2019entra\u00eenements et de comp\u00e9titions \u00ab\u00a0\u00e0 enjeu national ou international\u00a0\u00bb b\u00e9n\u00e9ficiaient auparavant d\u2019une d\u00e9rogation compl\u00e8te. Cette d\u00e9rogation devra d\u00e9sormais \u00ab\u00a0pr\u00e9voir un arrosage r\u00e9duit de mani\u00e8re significative et interdit entre 9 h et 20 h\u00a0\u00bb.<\/p>\n<p>Au niveau de crise, les golfs continuent de b\u00e9n\u00e9ficier d\u2019une d\u00e9rogation pour les seuls greens. Mais pour un arrosage d\u00e9sormais \u00ab\u00a0r\u00e9duit \u00e0 350\u00a0m3\/semaine maximum par tranche de 9 trous\u00a0\u00bb tout en assurant une \u00ab\u00a0r\u00e9duction d\u2019au moins 80\u00a0% des volumes habituels\u00a0\u00bb, contre au moins 70\u00a0% auparavant.<\/p>\n<ul>\n<li><strong>Arrosage des pelouses et espaces verts<\/strong><\/li>\n<\/ul>\n<p>Il sera interdit au niveau alerte entre 11\u00a0h et 18\u00a0h, et compl\u00e8tement interdit en cas d\u2019alerte renforc\u00e9e ou de crise, sauf pour les arbustes plant\u00e9s r\u00e9cemment.<\/p>\n<p>Interdit entre 11\u00a0h et 18\u00a0h en alerte. Pour les niveaux d\u2019alertes sup\u00e9rieures, l\u2019interdiction est de mise entre 9\u00a0h et 20\u00a0h.<\/p>\n<p>En cas d\u2019alerte, les agriculteurs peuvent arroser leurs parcelles entre 11h et 18h. En alerte renforc\u00e9e, entre 9h et 20h. Enfin, en \u00ab\u00a0crise\u00a0\u00bb, irriguer les cultures est interdit. Les exploitants disposant de<a href=\"https:\/\/www.huffingtonpost.fr\/environnement\/article\/les-agriculteurs-et-la-secheresse-le-defi-d-etre-sobre-sans-effort-supplementaire_215984.html\" rel=\"nofollow noopener\" target=\"_blank\"> syst\u00e8mes de goutte-\u00e0-goutte<\/a>, pl\u00e9biscit\u00e9s<strong> <\/strong>par le gouvernement dans son plan Eau, pourront irriguer, sans contraire horaire.<\/p>\n<ul>\n<li><strong>Remplissage des plans d\u2019eau<\/strong><\/li>\n<\/ul>\n<p>Il est interdit d\u00e8s le niveau alerte. Une exception peut \u00eatre accord\u00e9e par le service de police de l\u2019eau pour un usage commercial.<\/p>\n<ul>\n<li><strong>Nettoyage des fa\u00e7ades, toitures, trottoirs<\/strong><\/li>\n<\/ul>\n<p>Prohib\u00e9 \u00e0 tous les niveaux d\u2019alerte, \u00ab\u00a0sauf si r\u00e9alis\u00e9 par une collectivit\u00e9 ou une entreprise de nettoyage professionnelle\u00a0\u00bb, pr\u00e9cise le guide.<\/p>\n<p>      <strong>Un \u00ab\u00a0socle de restrictions\u00a0\u00bb qui peut \u00eatre durci<\/strong>      <\/p>\n<p>Ce \u00ab\u00a0guide\u00a0s\u00e9cheresse\u00a0\u00bb est l\u2019actualisation de la premi\u00e8re version publi\u00e9e en 2021 pour mettre fin \u00e0 une situation \u00ab\u00a0o\u00f9 c\u2019\u00e9tait un peu chaque territoire qui s\u2019organisait comme il le souhaitait\u00a0\u00bb, a d\u00e9clar\u00e9 Christophe B\u00e9chu, ministre de la Transition \u00e9cologique.<\/p>\n<p>\u00ab\u00a0Il s\u2019agit d\u2019un socle de restrictions, qui peut syst\u00e9matiquement \u00eatre durci par les pr\u00e9fets en fonction de la r\u00e9alit\u00e9 locale\u00a0\u00bb, a pr\u00e9cis\u00e9 le ministre lors d\u2019une conf\u00e9rence de presse, citant en exemple les Pyr\u00e9n\u00e9es-Orientales, o\u00f9 la vente des piscines hors-sol a \u00e9t\u00e9 interdite.<\/p>\n<p>Apr\u00e8s un \u00e9t\u00e9 2022 caniculaire et un d\u00e9ficit de pluies hivernales, vingt-six d\u00e9partements font face \u00e0 un risque \u00ab\u00a0tr\u00e8s probable\u00a0\u00bb de\u00a0s\u00e9cheresse\u00a0d\u2019ici la fin de l\u2019\u00e9t\u00e9, selon le gouvernement. Le risque est \u00ab\u00a0probable\u00a0\u00bb pour la majorit\u00e9 du reste du territoire, \u00e0 l\u2019exception du Grand Ouest, et du Grand Est.<\/p>\n<p>D\u2019ores et d\u00e9j\u00e0, cinq d\u00e9partements ont pris des arr\u00eat\u00e9s de \u00ab\u00a0crise\u00a0\u00bb. Ils concernent la quasi-totalit\u00e9 des Pyr\u00e9n\u00e9es-Orientales et quelques bassins du Var, du Gard, des Bouches-du-Rh\u00f4ne et du Loiret.<\/p>\n<p><strong>\u00c0 voir \u00e9galement sur Le HuffPost\u00a0:<\/strong><\/p>\n<p> La lecture de ce contenu est susceptible d\u2019entra\u00eener un d\u00e9p\u00f4t de cookies de la part de l\u2019op\u00e9rateur tiers qui l\u2019h\u00e9berge. Compte-tenu des choix que vous avez exprim\u00e9s en mati\u00e8re de d\u00e9p\u00f4t de cookies, nous avons bloqu\u00e9 l\u2019affichage de ce contenu. Si vous souhaitez y acc\u00e9der, vous devez accepter la cat\u00e9gorie de cookies \u201cContenus tiers\u201d en cliquant sur le bouton ci-dessous. <\/p>\n<p> Lire la Vid\u00e9o                         <a class=\"a-see-also__link\" href=\"https:\/\/www.huffingtonpost.fr\/environnement\/video\/face-a-la-secheresse-las-vegas-se-promeut-comme-modele-de-preservation-de-l-eau_217665.html\" rel=\"nofollow noopener\" target=\"_blank\">  <\/p>\n<p> Face \u00e0 la s\u00e9cheresse, Las Vegas se promeut comme mod\u00e8le de pr\u00e9servation de l\u2019eau <\/p>\n<p> <\/a>                                 <\/p>\n","protected":false},"excerpt":{"rendered":"RAYMOND ROIG \/ AFP Le gouvernement a d\u00e9voil\u00e9 ce mercredi 17\u00a0mai son \u00ab\u00a0guide s\u00e9cheresse 2023\u00a0\u00bb. (Photo\u00a0: prise le&hellip;\n","protected":false},"author":2,"featured_media":99409,"comment_status":"","ping_status":"","sticky":false,"template":"","format":"standard","meta":{"footnotes":""},"categories":[4],"tags":[11,436,1011,27,2487,12,25,12817],"class_list":{"0":"post-99408","1":"post","2":"type-post","3":"status-publish","4":"format-standard","5":"has-post-thumbnail","7":"category-france","8":"tag-actualites","9":"tag-environnement","10":"tag-fr","11":"tag-france","12":"tag-meteo","13":"tag-news","14":"tag-republique-francaise","15":"tag-secheresse"},"share_on_mastodon":{"url":"https:\/\/pubeurope.com\/@fr\/114506335973581743","error":""},"_links":{"self":[{"href":"https:\/\/www.europesays.com\/fr\/wp-json\/wp\/v2\/posts\/99408","targetHints":{"allow":["GET"]}}],"collection":[{"href":"https:\/\/www.europesays.com\/fr\/wp-json\/wp\/v2\/posts"}],"about":[{"href":"https:\/\/www.europesays.com\/fr\/wp-json\/wp\/v2\/types\/post"}],"author":[{"embeddable":true,"href":"https:\/\/www.europesays.com\/fr\/wp-json\/wp\/v2\/users\/2"}],"replies":[{"embeddable":true,"href":"https:\/\/www.europesays.com\/fr\/wp-json\/wp\/v2\/comments?post=99408"}],"version-history":[{"count":0,"href":"https:\/\/www.europesays.com\/fr\/wp-json\/wp\/v2\/posts\/99408\/revisions"}],"wp:featuredmedia":[{"embeddable":true,"href":"https:\/\/www.europesays.com\/fr\/wp-json\/wp\/v2\/media\/99409"}],"wp:attachment":[{"href":"https:\/\/www.europesays.com\/fr\/wp-json\/wp\/v2\/media?parent=99408"}],"wp:term":[{"taxonomy":"category","embeddable":true,"href":"https:\/\/www.europesays.com\/fr\/wp-json\/wp\/v2\/categories?post=99408"},{"taxonomy":"post_tag","embeddable":true,"href":"https:\/\/www.europesays.com\/fr\/wp-json\/wp\/v2\/tags?post=99408"}],"curies":[{"name":"wp","href":"https:\/\/api.w.org\/{rel}","templated":true}]}}