{"id":994136,"date":"2026-06-12T00:41:22","date_gmt":"2026-06-12T00:41:22","guid":{"rendered":"https:\/\/www.europesays.com\/fr\/994136\/"},"modified":"2026-06-12T00:41:22","modified_gmt":"2026-06-12T00:41:22","slug":"carney-se-rend-a-paris-et-a-dublin-avant-le-sommet-du-g7-dans-les-alpes-francaises","status":"publish","type":"post","link":"https:\/\/www.europesays.com\/fr\/994136\/","title":{"rendered":"Carney se rend \u00e0 Paris et \u00e0 Dublin avant le sommet du G7 dans les Alpes fran\u00e7aises"},"content":{"rendered":"<p>OTTAWA \u2014 Le premier ministre Mark Carney poursuit dans la prochaine semaine ses efforts visant \u00e0 renforcer les liens entre le Canada et l\u2019Europe alors qu\u2019il s\u2019envole pour sa neuvi\u00e8me visite sur le continent depuis son entr\u00e9e en fonction il y a un peu plus de 15\u00a0mois.<\/p>\n<p>M.\u00a0Carney entamera son voyage de six jours par une rencontre avec le pr\u00e9sident fran\u00e7ais Emmanuel Macron, \u00e0 Paris, puis se rendra en Irlande pour s\u2019entretenir avec Miche\u00e1l Martin, le taoiseach irlandais, et la pr\u00e9sidente Catherine Connolly.<\/p>\n<p>Il terminera son voyage dans les Alpes fran\u00e7aises avec le sommet annuel des dirigeants du G7 \u00e0 \u00c9vian-les-Bains.<\/p>\n<p>L\u2019Europe joue un r\u00f4le pr\u00e9pond\u00e9rant dans la vision de M.\u00a0Carney pour la reconstruction de l\u2019ordre international et pour affranchir le Canada de sa d\u00e9pendance de plusieurs d\u00e9cennies vis-\u00e0-vis des \u00c9tats-Unis en mati\u00e8re de partenariats commerciaux et de s\u00e9curit\u00e9.<\/p>\n<p>Un responsable gouvernemental, s\u2019adressant aux journalistes en coulisses avant le d\u00e9part, a d\u00e9clar\u00e9 que M.\u00a0Carney continuerait \u00e0 positionner le Canada comme un partenaire fiable et constructif de l\u2019Europe au cours de ce voyage.<\/p>\n<p>MM.\u00a0Carney et Macron se rencontreront \u00e0 Paris vendredi. Les responsables pr\u00e9sentent cette discussion comme le passage de relais de la pr\u00e9sidence du G7 du Canada \u00e0 la France.<\/p>\n<p>M.\u00a0Carney effectuera ensuite sa premi\u00e8re visite officielle en Irlande samedi. Il rencontrera d\u2019abord M.\u00a0Martin \u00e0 Dublin et assistera \u00e0 un repas officiel au ch\u00e2teau de Dublin, avant de se rendre dans le comt\u00e9 de Mayo et la ville d\u2019Aughagower pour une visite plus personnelle.<\/p>\n<p>L\u2019EPIC, un mus\u00e9e irlandais de l\u2019\u00e9migration situ\u00e9 \u00e0 Dublin, indique sur son site web que le grand-p\u00e8re de Mark Carney, Robert Carney, et sa grand-m\u00e8re, Nora Moran, \u00e9taient tous deux originaires d\u2019Aughagower. Ils ont \u00e9migr\u00e9 au Canada au d\u00e9but des ann\u00e9es 1920.<\/p>\n<p>L\u2019ambassadeur d\u2019Irlande au Canada, John Concannon, a indiqu\u00e9 \u00e0 La Presse Canadienne que M.\u00a0Carney visiterait le village pendant son s\u00e9jour dans le comt\u00e9 de Mayo. Il a pr\u00e9cis\u00e9 que le premier ministre avait encore plusieurs proches dans la r\u00e9gion.<\/p>\n<p>Un responsable du gouvernement canadien a d\u00e9clar\u00e9 que MM.\u00a0Carney et Martin devraient discuter du renforcement de la coop\u00e9ration dans des domaines tels que l\u2019agroalimentaire, l\u2019innovation num\u00e9rique, l\u2019intelligence artificielle, les produits pharmaceutiques et le climat.<\/p>\n<p>M.\u00a0Concannon a fait valoir que l\u2019Irlande constituait une porte d\u2019entr\u00e9e vers l\u2019Europe pour le Canada. Il a ajout\u00e9 que les deux pays entretenaient des liens \u00e9conomiques et culturels profonds et souhaitaient d\u00e9velopper leurs \u00e9changes dans les domaines des technologies num\u00e9riques, des produits pharmaceutiques et des dispositifs m\u00e9dicaux.<\/p>\n<p>L\u2019Irlande est \u00e9galement sur le point de ratifier l\u2019Accord \u00e9conomique et commercial global (AECG) entre le Canada et l\u2019Union europ\u00e9enne. L\u2019accord est entr\u00e9 en vigueur \u00e0 titre provisoire en 2017, mais n\u2019a pas encore \u00e9t\u00e9 ratifi\u00e9 par tous les \u00c9tats membres de l\u2019UE. Bien que les responsables canadiens n\u2019aient pas souhait\u00e9 pr\u00e9ciser ce qu\u2019ils attendent de ce voyage concernant l\u2019AECG, M.\u00a0Concannon a d\u00e9clar\u00e9 que la ratification en \u00e9tait \u00e0 ses derni\u00e8res \u00e9tapes.<\/p>\n<p>Le sommet du G7 occupera les trois derniers jours de ce voyage.<\/p>\n<p>Le sommet de l\u2019ann\u00e9e derni\u00e8re avait \u00e9t\u00e9 marqu\u00e9 par la pr\u00e9sence du pr\u00e9sident am\u00e9ricain Donald Trump, dont les politiques commerciales ax\u00e9es sur les droits de douane et la guerre en Iran ont boulevers\u00e9 l\u2019ordre mondial.<\/p>\n<p>M.\u00a0Trump devrait assister au sommet de cette ann\u00e9e en France, tout comme les dirigeants de quatre autres \u00e9conomies du G7: l\u2019Italie, le Royaume-Uni, l\u2019Allemagne et le Japon. L\u2019Union europ\u00e9enne participe \u00e9galement aux discussions. Les responsables canadiens ont indiqu\u00e9 que les dirigeants du Br\u00e9sil, de l\u2019Inde, du Kenya et de la Cor\u00e9e du Sud devraient \u00e9galement y participer, et que d\u2019autres dirigeants pourraient encore \u00eatre confirm\u00e9s.<\/p>\n<p>M.\u00a0Carney a pris part jeudi \u00e0 une visioconf\u00e9rence r\u00e9unissant les pays du G7 et la Chine pour discuter des d\u00e9s\u00e9quilibres \u00e9conomiques mondiaux.<\/p>\n<p>M.\u00a0Carney devrait tenir des r\u00e9unions avec des dirigeants mondiaux lors du sommet, bien qu\u2019on ignore encore s\u2019il s\u2019entretiendra avec le pr\u00e9sident Trump. <\/p>\n","protected":false},"excerpt":{"rendered":"OTTAWA \u2014 Le premier ministre Mark Carney poursuit dans la prochaine semaine ses efforts visant \u00e0 renforcer les&hellip;\n","protected":false},"author":2,"featured_media":972678,"comment_status":"","ping_status":"","sticky":false,"template":"","format":"standard","meta":{"footnotes":"","_share_on_mastodon":"0"},"categories":[1888],"tags":[1111,1928,11,1927,1777,674,1011,27,4574,17885,4575,4576,12,1926,626,1925,25],"class_list":["post-994136","post","type-post","status-publish","format-standard","has-post-thumbnail","category-paris","tag-actu","tag-actu-paris","tag-actualites","tag-actualites-paris","tag-eu","tag-europe","tag-fr","tag-france","tag-https-lactualite-com-sujet-affaires","tag-https-lactualite-com-sujet-commerce","tag-https-lactualite-com-sujet-economie","tag-https-lactualite-com-sujet-politique","tag-news","tag-news-paris","tag-paris","tag-paris-news","tag-republique-francaise"],"share_on_mastodon":{"url":"https:\/\/pubeurope.com\/@fr\/116734360701071877","error":""},"_links":{"self":[{"href":"https:\/\/www.europesays.com\/fr\/wp-json\/wp\/v2\/posts\/994136","targetHints":{"allow":["GET"]}}],"collection":[{"href":"https:\/\/www.europesays.com\/fr\/wp-json\/wp\/v2\/posts"}],"about":[{"href":"https:\/\/www.europesays.com\/fr\/wp-json\/wp\/v2\/types\/post"}],"author":[{"embeddable":true,"href":"https:\/\/www.europesays.com\/fr\/wp-json\/wp\/v2\/users\/2"}],"replies":[{"embeddable":true,"href":"https:\/\/www.europesays.com\/fr\/wp-json\/wp\/v2\/comments?post=994136"}],"version-history":[{"count":0,"href":"https:\/\/www.europesays.com\/fr\/wp-json\/wp\/v2\/posts\/994136\/revisions"}],"wp:featuredmedia":[{"embeddable":true,"href":"https:\/\/www.europesays.com\/fr\/wp-json\/wp\/v2\/media\/972678"}],"wp:attachment":[{"href":"https:\/\/www.europesays.com\/fr\/wp-json\/wp\/v2\/media?parent=994136"}],"wp:term":[{"taxonomy":"category","embeddable":true,"href":"https:\/\/www.europesays.com\/fr\/wp-json\/wp\/v2\/categories?post=994136"},{"taxonomy":"post_tag","embeddable":true,"href":"https:\/\/www.europesays.com\/fr\/wp-json\/wp\/v2\/tags?post=994136"}],"curies":[{"name":"wp","href":"https:\/\/api.w.org\/{rel}","templated":true}]}}