{"id":99414,"date":"2025-05-14T13:09:09","date_gmt":"2025-05-14T13:09:09","guid":{"rendered":"https:\/\/www.europesays.com\/fr\/99414\/"},"modified":"2025-05-14T13:09:09","modified_gmt":"2025-05-14T13:09:09","slug":"wta-strasbourg-une-enieme-star-rejoint-le-tableau-des-internationaux-de-strasbourg","status":"publish","type":"post","link":"https:\/\/www.europesays.com\/fr\/99414\/","title":{"rendered":"WTA &#8211; Strasbourg > Une \u00e9ni\u00e8me star rejoint le tableau des Internationaux de Strasbourg"},"content":{"rendered":"<p>Ce lundi, le WTA 500 de Strasbourg r\u00e9ali\u00adsait un gros coup,<a href=\"https:\/\/www.welovetennis.fr\/wta\/wta-strasbourg\/le-tres-gros-coup-du-tournoi-avec-la-venue-dune-laureate-en-grand-chelem\" data-wpel-link=\"internal\" rel=\"nofollow noopener\" target=\"_blank\"> en s\u2019as\u00adsu\u00adrant la venue d\u2019Elena Rybakina en Alsace<\/a>. Une nouvelle fois, Denis Naegelen a trouv\u00e9 les argu\u00adments pour attirer une t\u00eate d\u2019af\u00adfiche dans ses filets.\u00a0<\/p>\n<p>Sur ses r\u00e9seaux sociaux, le tournoi a annonc\u00e9 la parti\u00adci\u00adpa\u00adtion d\u2019Emma Raducanu, laur\u00e9ate de l\u2019US Open 2021. Apr\u00e8s un huiti\u00e8me de finale encou\u00adra\u00adgeant au Masters 1000 de Rome, la Britannique a fait le choix de conclure sa pr\u00e9pa\u00adra\u00adtion pour Roland\u2010Garros, dans l\u2019Est de la France.\u00a0<\/p>\n<p>Une entr\u00e9e dans le tableau prin\u00adcipal, s\u2019ajou\u00adtant \u00e0 un plateau d\u00e9j\u00e0 tr\u00e8s relev\u00e9, compor\u00adtant Paula Badosa, Emma Navarro, Daria Kasatkina, Elina Svitolina, Danielle Collins, ou encore Jessica Pegula.<\/p>\n<blockquote class=\"twitter-tweet\">\n<p lang=\"fr\" dir=\"ltr\">\u2026Welcome to Strasbourg, Emma\u202f!<\/p>\n<p>Une nouvelle vain\u00adqueur de Grand Chelem foulera la terre battue des <a href=\"https:\/\/twitter.com\/hashtag\/IS25?src=hash&amp;ref_src=twsrc%5Etfw\" data-wpel-link=\"external\" target=\"_blank\" rel=\"nofollow external noopener\">#IS25<\/a>\u00a0: Emma RADUCANU\u202f! \ud83e\udd29<\/p>\n<p>La vain\u00adqueur de l\u2019US Open 2021 parti\u00adci\u00adpera aux <a href=\"https:\/\/twitter.com\/hashtag\/IS?src=hash&amp;ref_src=twsrc%5Etfw\" data-wpel-link=\"external\" target=\"_blank\" rel=\"nofollow external noopener\">#IS<\/a> pour la premi\u00e8re fois de sa carri\u00e8re. <a href=\"https:\/\/t.co\/m5av49d4BF\" data-wpel-link=\"external\" target=\"_blank\" rel=\"nofollow external noopener\">pic.twitter.com\/m5av49d4BF<\/a><\/p>\n<p>\u2014 Internationaux de Strasbourg (@WTA_Strasbourg) <a href=\"https:\/\/twitter.com\/WTA_Strasbourg\/status\/1922341629215518750?ref_src=twsrc%5Etfw\" data-wpel-link=\"external\" target=\"_blank\" rel=\"nofollow external noopener\">May 13,\u00a02025<\/a><\/p><\/blockquote>\n<p>\u00c0 coup s\u00fbr, il faudra garder les yeux riv\u00e9s sur Strasbourg, du 17 au 24 mai prochain. Des tendances pour\u00adront se d\u00e9gager dans le tableau final, en marge du Grand Chelem pari\u00adsien qui d\u00e9bute le 25\u00a0mai.<\/p>\n<p class=\"post-published-date\" style=\"color: silver; font-size: 75%; text-align: left;\">Publi\u00e9 le mercredi 14 mai 2025 \u00e0 12:58<\/p>\n<p><script async src=\"https:\/\/platform.twitter.com\/widgets.js\" charset=\"utf-8\"><\/script><\/p>\n","protected":false},"excerpt":{"rendered":"Ce lundi, le WTA 500 de Strasbourg r\u00e9ali\u00adsait un gros coup, en s\u2019as\u00adsu\u00adrant la venue d\u2019Elena Rybakina en&hellip;\n","protected":false},"author":2,"featured_media":62396,"comment_status":"","ping_status":"","sticky":false,"template":"","format":"standard","meta":{"footnotes":""},"categories":[1415],"tags":[13215,6903,1011,27,60,12325,1467],"class_list":{"0":"post-99414","1":"post","2":"type-post","3":"status-publish","4":"format-standard","5":"has-post-thumbnail","7":"category-tennis","8":"tag-badosa","9":"tag-elena-rybakina","10":"tag-fr","11":"tag-france","12":"tag-sports","13":"tag-svitolina","14":"tag-tennis"},"share_on_mastodon":{"url":"https:\/\/pubeurope.com\/@fr\/114506351432046843","error":""},"_links":{"self":[{"href":"https:\/\/www.europesays.com\/fr\/wp-json\/wp\/v2\/posts\/99414","targetHints":{"allow":["GET"]}}],"collection":[{"href":"https:\/\/www.europesays.com\/fr\/wp-json\/wp\/v2\/posts"}],"about":[{"href":"https:\/\/www.europesays.com\/fr\/wp-json\/wp\/v2\/types\/post"}],"author":[{"embeddable":true,"href":"https:\/\/www.europesays.com\/fr\/wp-json\/wp\/v2\/users\/2"}],"replies":[{"embeddable":true,"href":"https:\/\/www.europesays.com\/fr\/wp-json\/wp\/v2\/comments?post=99414"}],"version-history":[{"count":0,"href":"https:\/\/www.europesays.com\/fr\/wp-json\/wp\/v2\/posts\/99414\/revisions"}],"wp:featuredmedia":[{"embeddable":true,"href":"https:\/\/www.europesays.com\/fr\/wp-json\/wp\/v2\/media\/62396"}],"wp:attachment":[{"href":"https:\/\/www.europesays.com\/fr\/wp-json\/wp\/v2\/media?parent=99414"}],"wp:term":[{"taxonomy":"category","embeddable":true,"href":"https:\/\/www.europesays.com\/fr\/wp-json\/wp\/v2\/categories?post=99414"},{"taxonomy":"post_tag","embeddable":true,"href":"https:\/\/www.europesays.com\/fr\/wp-json\/wp\/v2\/tags?post=99414"}],"curies":[{"name":"wp","href":"https:\/\/api.w.org\/{rel}","templated":true}]}}