{"id":994149,"date":"2026-06-12T00:48:20","date_gmt":"2026-06-12T00:48:20","guid":{"rendered":"https:\/\/www.europesays.com\/fr\/994149\/"},"modified":"2026-06-12T00:48:20","modified_gmt":"2026-06-12T00:48:20","slug":"royaume-uni-demissions-en-cascade-au-ministere-de-la-defense-starmer-sous-pression","status":"publish","type":"post","link":"https:\/\/www.europesays.com\/fr\/994149\/","title":{"rendered":"Royaume-Uni: d\u00e9missions en cascade au minist\u00e8re de la D\u00e9fense, Starmer sous pression"},"content":{"rendered":"<p class=\"mb-4 text-lg md:leading-8 break-words\">Le Premier ministre britannique Keir Starmer, d\u00e9j\u00e0 en difficult\u00e9, est encore un peu plus sous pression apr\u00e8s des d\u00e9missions en cascade jeudi au minist\u00e8re de la D\u00e9fense, dont celle du ministre John Healey, qui a critiqu\u00e9 le manque de moyens allou\u00e9s aux arm\u00e9es sur fond de mont\u00e9e des menaces s\u00e9curitaires.<\/p>\n<p class=\"mb-4 text-lg md:leading-8 break-words\">Dans la soir\u00e9e, Downing Street a annonc\u00e9 la nomination \u00e0 la D\u00e9fense de Dan Jarvis, un ancien officier de l&rsquo;arm\u00e9e qui occupait jusqu&rsquo;ici le poste de secr\u00e9taire d&rsquo;Etat \u00e0 la S\u00e9curit\u00e9 au sein du minist\u00e8re de l&rsquo;Int\u00e9rieur.<\/p>\n<p class=\"mb-4 text-lg md:leading-8 break-words\">Depuis plusieurs mois et malgr\u00e9 les inqui\u00e9tudes au sein des forces arm\u00e9es, le gouvernement reporte la publication de son plan d&rsquo;investissement dans la d\u00e9fense, initialement pr\u00e9vue pour la fin 2025, sur fond d&rsquo;arbitrages budg\u00e9taires difficiles.<\/p>\n<p class=\"mb-4 text-lg md:leading-8 break-words\">Insatisfait des arbitrages finaux, John Healey, poids lourd de l&rsquo;ex\u00e9cutif, a annonc\u00e9 jeudi son d\u00e9part du gouvernement. Il a \u00e9t\u00e9 suivi dans la soir\u00e9e par le secr\u00e9taire d&rsquo;Etat aux Forces arm\u00e9es Al Carns, ainsi qu&rsquo;une de ses collaboratrices au minist\u00e8re, la d\u00e9put\u00e9e Pamela Nash.<\/p>\n<p class=\"mb-4 text-lg md:leading-8 break-words\">\u00ab\u00a0Vous n&rsquo;avez pas \u00e9t\u00e9 en mesure, et le Tr\u00e9sor (minist\u00e8re des Finances, ndlr) n&rsquo;a pas voulu mobiliser les ressources dont la nation a besoin pour d\u00e9fendre le pays en cette p\u00e9riode de menaces croissantes\u00a0\u00bb, a d\u00e9plor\u00e9 John Healey dans sa lettre de d\u00e9mission adress\u00e9e \u00e0 Keir Starmer.<\/p>\n<p class=\"mb-4 text-lg md:leading-8 break-words\">En r\u00e9ponse, le Premier ministre a assur\u00e9 qu&rsquo;il ferait \u00ab\u00a0toujours ce qu&rsquo;il faut pour assurer la s\u00e9curit\u00e9\u00a0\u00bb du Royaume-Uni.<\/p>\n<p class=\"mb-4 text-lg md:leading-8 break-words\">Ces d\u00e9missions en cascade sont un nouveau\u00a0revers pour le Premier ministre travailliste, fragilis\u00e9 politiquement depuis des mois et menac\u00e9 par une contestation interne, \u00e0 une semaine d&rsquo;une \u00e9lection l\u00e9gislative partielle cruciale.<\/p>\n<p class=\"mb-4 text-lg md:leading-8 break-words\">Elles le placent \u00e9galement dans une position d\u00e9licate sur la sc\u00e8ne internationale, \u00e0 quelques jours d&rsquo;un G7 avec les guerres au Moyen-Orient et en Ukraine en arri\u00e8re plan, et \u00e0 moins d&rsquo;un moins du prochain sommet de l&rsquo;Otan, les 7 et 8 juillet, en pr\u00e9sence de Donald Trump.<\/p>\n<p class=\"mb-4 text-lg md:leading-8 break-words\">Le pr\u00e9sident am\u00e9ricain a exprim\u00e9 \u00e0 de multiples reprises ses critiques contre l&rsquo;Otan, reprochant notamment aux alli\u00e9s leur refus de s&rsquo;engager \u00e0 ses c\u00f4t\u00e9s dans la guerre qu&rsquo;il a lanc\u00e9e, avec Isra\u00ebl, contre l&rsquo;Iran.<\/p>\n<p class=\"mb-4 text-lg md:leading-8 break-words\">\u00ab\u00a0Ce gouvernement travailliste met en oeuvre la plus forte hausse durable des d\u00e9penses de d\u00e9fense depuis la guerre froide\u00a0\u00bb, a encore insist\u00e9 Keir Starmer apr\u00e8s la nomination de Dan Jarvis.<\/p>\n<p class=\"mb-4 text-lg md:leading-8 break-words\">Ag\u00e9 de 53 ans et d\u00e9put\u00e9 depuis 2011 d&rsquo;une circonscription du Yorkshire du sud, dans le nord de l&rsquo;Angleterre, ce dernier a servi comme officier dans un r\u00e9giment de parachutistes, notamment au Kosovo, avant des missions en Sierra Leone, en Irak et en Afghanistan.<\/p>\n<p class=\"mb-4 text-lg md:leading-8 break-words\">La cheffe de l&rsquo;opposition conservatrice Kemi Badenoch a estim\u00e9 que le mandat de Keir Starmer \u00ab\u00a0est en train de s&rsquo;effondrer\u00a0\u00bb, apr\u00e8s le d\u00e9part de John Healey.<\/p>\n<p class=\"mb-4 text-lg md:leading-8 break-words\">&#8211; Inqui\u00e9tudes &#8211;<\/p>\n<p class=\"mb-4 text-lg md:leading-8 break-words\">Le gouvernement britannique s&rsquo;est engag\u00e9 \u00e0 accro\u00eetre ses d\u00e9penses de d\u00e9fense pour les porter \u00e0 2,5% du Produit int\u00e9rieur brut d&rsquo;ici 2027, puis \u00e0 3% apr\u00e8s 2029, et \u00e0 3,5% du PIB d&rsquo;ici 2035, conform\u00e9ment \u00e0 l&rsquo;objectif fix\u00e9 par l&rsquo;Otan.<\/p>\n<p class=\"mb-4 text-lg md:leading-8 break-words\">La guerre en Iran a r\u00e9cemment r\u00e9v\u00e9l\u00e9 au grand public les limites de la Royal Navy, qui r\u00e9sultent d&rsquo;ann\u00e9es de manque d&rsquo;investissements et de retards industriels.<\/p>\n<p class=\"mb-4 text-lg md:leading-8 break-words\">Plusieurs responsables de l&rsquo;arm\u00e9e ont fait part de leurs inqui\u00e9tudes sur les tergiversations du gouvernement autour du plan d&rsquo;investissement pour la d\u00e9fense, estimant que cela envoyait un mauvais message \u00e0 l&rsquo;industrie de d\u00e9fense et aux alli\u00e9s du Royaume-Uni au sein de l&rsquo;Otan.<\/p>\n<p class=\"mb-4 text-lg md:leading-8 break-words\">La semaine derni\u00e8re, le chef d&rsquo;\u00e9tat major des arm\u00e9es Richard Knighton a pr\u00e9venu que le Royaume-Uni devait \u00ab\u00a0d\u00e9penser plus pour sa d\u00e9fense et plus vite\u00a0\u00bb, mettant en avant le danger russe.<\/p>\n<p class=\"mb-4 text-lg md:leading-8 break-words\">Jeudi, une source gouvernementale a indiqu\u00e9 que l&rsquo;ex\u00e9cutif avait d\u00e9j\u00e0 coup\u00e9 dans le budget de l&rsquo;aide internationale pour financer le budget militaire et qu&rsquo;il fera de m\u00eame \u00ab\u00a0dans d&rsquo;autres d\u00e9partements\u00a0\u00bb, alors que plusieurs pays de l&rsquo;Otan font face aux m\u00eames contraintes pour financer \u00a0leurs engagements en mati\u00e8re de d\u00e9fense.<\/p>\n<p class=\"mb-4 text-lg md:leading-8 break-words\">Pour Olivia O&rsquo;Sullivan, du groupe de r\u00e9flexion Chatham House, l&rsquo;enjeu est essentiel \u00ab\u00a0au vu du r\u00f4le que le Royaume-Uni pourrait \u00eatre amen\u00e9 \u00e0 jouer dans la s\u00e9curit\u00e9 europ\u00e9enne si les \u00c9tats-Unis se retirent davantage, ou dans le soutien \u00e0 la mise en \u0153uvre d&rsquo;un \u00e9ventuel accord en Ukraine\u00a0\u00bb.<\/p>\n<p class=\"mb-4 text-lg md:leading-8 break-words\">pdh-mhc-adm\/dsa<\/p>\n","protected":false},"excerpt":{"rendered":"Le Premier ministre britannique Keir Starmer, d\u00e9j\u00e0 en difficult\u00e9, est encore un peu plus sous pression apr\u00e8s des&hellip;\n","protected":false},"author":2,"featured_media":994150,"comment_status":"","ping_status":"","sticky":false,"template":"","format":"standard","meta":{"footnotes":"","_share_on_mastodon":"0"},"categories":[1588],"tags":[11,104358,1777,674,2580,8163,2581,1876,12,104356,21761,473,1853,104357,1851,1850,1852],"class_list":["post-994149","post","type-post","status-publish","format-standard","has-post-thumbnail","category-royaume-uni","tag-actualites","tag-dan-jarvis","tag-eu","tag-europe","tag-gouvernement-britannique","tag-john-healey","tag-keir-starmer","tag-ministere-de-la-defense","tag-news","tag-nord-de-l39angleterre","tag-premier-ministre-britannique","tag-royaume-uni","tag-royaume-uni-de-grande-bretagne-et-dirlande-du-nord","tag-secretaire-d39etat","tag-uk","tag-united-kingdom","tag-united-kingdom-of-great-britain-and-northern-ireland"],"share_on_mastodon":{"url":"https:\/\/pubeurope.com\/@fr\/116734388300616180","error":""},"_links":{"self":[{"href":"https:\/\/www.europesays.com\/fr\/wp-json\/wp\/v2\/posts\/994149","targetHints":{"allow":["GET"]}}],"collection":[{"href":"https:\/\/www.europesays.com\/fr\/wp-json\/wp\/v2\/posts"}],"about":[{"href":"https:\/\/www.europesays.com\/fr\/wp-json\/wp\/v2\/types\/post"}],"author":[{"embeddable":true,"href":"https:\/\/www.europesays.com\/fr\/wp-json\/wp\/v2\/users\/2"}],"replies":[{"embeddable":true,"href":"https:\/\/www.europesays.com\/fr\/wp-json\/wp\/v2\/comments?post=994149"}],"version-history":[{"count":0,"href":"https:\/\/www.europesays.com\/fr\/wp-json\/wp\/v2\/posts\/994149\/revisions"}],"wp:featuredmedia":[{"embeddable":true,"href":"https:\/\/www.europesays.com\/fr\/wp-json\/wp\/v2\/media\/994150"}],"wp:attachment":[{"href":"https:\/\/www.europesays.com\/fr\/wp-json\/wp\/v2\/media?parent=994149"}],"wp:term":[{"taxonomy":"category","embeddable":true,"href":"https:\/\/www.europesays.com\/fr\/wp-json\/wp\/v2\/categories?post=994149"},{"taxonomy":"post_tag","embeddable":true,"href":"https:\/\/www.europesays.com\/fr\/wp-json\/wp\/v2\/tags?post=994149"}],"curies":[{"name":"wp","href":"https:\/\/api.w.org\/{rel}","templated":true}]}}