{"id":99417,"date":"2025-05-14T13:12:09","date_gmt":"2025-05-14T13:12:09","guid":{"rendered":"https:\/\/www.europesays.com\/fr\/99417\/"},"modified":"2025-05-14T13:12:09","modified_gmt":"2025-05-14T13:12:09","slug":"on-veut-remercier-alex-un-hommage-prevu-pour-le-dernier-match-de-lacazette-avec-lyon","status":"publish","type":"post","link":"https:\/\/www.europesays.com\/fr\/99417\/","title":{"rendered":"\u00abOn veut remercier Alex\u00bb, un hommage pr\u00e9vu pour le dernier match de Lacazette avec Lyon"},"content":{"rendered":"<p>Ce samedi, l\u2019Olympique Lyonnais accueille Angers pour la derni\u00e8re journ\u00e9e de Ligue 1. Ce match sera le dernier d\u2019Alexandre Lacazette sous les couleurs lyonnaises.<\/p>\n<p class=\"fig-paragraph\">Il aura partag\u00e9 17 ans de sa vie sur les 75 de l\u2019Olympique Lyonnais. Ce samedi, \u00e0 l\u2019occasion de\u00a0<a href=\"https:\/\/www.lefigaro.fr\/sports\/football\/ligue-1\/calendrier-resultats\" target=\"_blank\" rel=\"noopener\" data-gtm-custom-categorie=\"navigation\" data-gtm-custom-action=\"crossclick\" data-gtm-custom-label=\"Contextuel\" data-gtm-event=\"customEventSPE\">la 34e et derni\u00e8re journ\u00e9e de Ligue 1<\/a>, Alexandre Lacazette disputera son dernier match avec l\u2019OL face \u00e0 Angers. Ce sera son 391e, lui qui pourrait passer le seuil des 200 buts avec son club formateur (199).<\/p>\n<p class=\"fig-paragraph\">Entre mai et ao\u00fbt, l\u2019Olympique Lyonnais f\u00eate ses 75 ans, dans une ann\u00e9e o\u00f9 l\u2019extra sportif n\u2019est pas au beau fixe. Entre\u00a0<a href=\"http:\/\/www.lefigaro.fr\/sports\/football\/ligue-1\/ligue-1-lyon-retrograde-a-titre-conservatoire-a-l-issue-de-la-saison-20241115\" data-fig-type=\"NewsFlash\" data-gtm-custom-categorie=\"navigation\" data-gtm-custom-action=\"crossclick\" data-gtm-custom-label=\"Contextuel\" data-gtm-event=\"customEventSPE\" data-fig-domain=\"LEFIGARO\" target=\"_blank\" rel=\"noopener\">une possible r\u00e9trogradation en Ligue 2<\/a>\u00a0et divers probl\u00e8mes financiers, le club devra en faire abstraction pour saluer le capitaine dans les meilleures conditions. C\u2019est ce qui devrait \u00eatre le cas. \u00abC\u2019est un anniversaire important, et on a fait le constat, comme les m\u00e9dias aussi parfois, que l\u2019on n\u2019avait jamais vraiment bien su dire au revoir \u00e0 des joueurs arriv\u00e9s en fin de contrat. On veut remercier Alex pour tout ce qu\u2019il a fait ici depuis plus de vingt ans. Il y aura avant et apr\u00e8s le match, un temps fort pour lui\u00bb, explique un membre du club rhodanien \u00e0 nos confr\u00e8res du\u00a0<a href=\"https:\/\/www.leprogres.fr\/sport\/2025\/05\/13\/ol-angers-un-dernier-match-pour-dire-au-revoir-a-alexandre-lacazette\" target=\"_blank\" rel=\"nofollow noopener\" data-gtm-custom-categorie=\"navigation\" data-gtm-custom-action=\"crossclick\" data-gtm-custom-label=\"Contextuel\" data-gtm-event=\"customEventSPE\">Progr\u00e8s<\/a> .<\/p>\n<p class=\"fig-body-link\">\n            \u00c0 lire aussi<br \/>\n        <a class=\"fig-body-link__link\" href=\"http:\/\/www.lefigaro.fr\/sports\/football\/ligue-1\/nous-avons-de-l-argent-faites-moi-confiance-l-echange-insolite-entre-des-supporters-lyonnais-et-john-textor-sur-de-sa-force-20250512\" data-fig-type=\"NewsFlash\" data-gtm-custom-categorie=\"navigation\" data-gtm-custom-action=\"crossclick\" data-gtm-custom-label=\"Contextuel\" data-gtm-event=\"customEventSPE\" data-fig-domain=\"LEFIGARO\" target=\"_blank\" rel=\"noopener\">\u00abNous avons de l\u2019argent, faites-moi confiance\u00bb\u00a0: l\u2019\u00e9change insolite entre des supporters lyonnais et John Textor, s\u00fbr de sa force<br \/>\n    <\/a>\n<\/p>\n<p class=\"fig-paragraph\">Sur le plan sportif, l\u2019OL ne vit pas sa meilleure saison.\u00a0<a href=\"https:\/\/www.lefigaro.fr\/sports\/football\/ligue-1\/classement\" target=\"_blank\" rel=\"noopener\" data-gtm-custom-categorie=\"navigation\" data-gtm-custom-action=\"crossclick\" data-gtm-custom-label=\"Contextuel\" data-gtm-event=\"customEventSPE\">Actuellement 7e de Ligue 1 (54 points)<\/a>, les Lyonnais pourraient \u00e9chouer dans la qu\u00eate \u00e0 une qualification dans une comp\u00e9tition europ\u00e9enne. Une victoire est primordiale samedi, ainsi qu\u2019un faux pas de concurrents directs comme Strasbourg (6e, 57 points), Lille (5e, 57 points) ou encore l\u2019OGC Nice (4e, 57 points). Les Gones\u00a0<a href=\"http:\/\/www.lefigaro.fr\/sports\/football\/ligue-europa\/manchester-united-lyon-fernandes-diabolique-tolisso-et-cherki-heros-maudits-l-ol-du-reve-au-cataclysme-les-tops-flops-d-un-match-endiable-20250418\" data-fig-type=\"NewsFlash\" data-gtm-custom-categorie=\"navigation\" data-gtm-custom-action=\"crossclick\" data-gtm-custom-label=\"Contextuel\" data-gtm-event=\"customEventSPE\" data-fig-domain=\"LEFIGARO\" target=\"_blank\" rel=\"noopener\">se sont inclin\u00e9s en quart de finale de la Ligue Europa face \u00e0 Manchester United<\/a>\u00a0(7-6 score cumul\u00e9).<\/p>\n","protected":false},"excerpt":{"rendered":"Ce samedi, l\u2019Olympique Lyonnais accueille Angers pour la derni\u00e8re journ\u00e9e de Ligue 1. Ce match sera le dernier&hellip;\n","protected":false},"author":2,"featured_media":99418,"comment_status":"","ping_status":"","sticky":false,"template":"","format":"standard","meta":{"footnotes":""},"categories":[1412],"tags":[4674,525,1981,814,1451,2257,63,1452,1453,1454,1455,1011,27,3309,66,1307,955,1176,978,93,1980,60],"class_list":{"0":"post-99417","1":"post","2":"type-post","3":"status-publish","4":"format-standard","5":"has-post-thumbnail","7":"category-f1","8":"tag-alexandre-lacazette","9":"tag-calendrier","10":"tag-classement","11":"tag-direct","12":"tag-f1","13":"tag-foot","14":"tag-football","15":"tag-formula-1","16":"tag-formula1","17":"tag-formule-1","18":"tag-formule1","19":"tag-fr","20":"tag-france","21":"tag-l1","22":"tag-ligue-1","23":"tag-lille","24":"tag-match","25":"tag-olympique-de-marseille","26":"tag-olympique-lyonnais","27":"tag-psg","28":"tag-resultats","29":"tag-sports"},"share_on_mastodon":{"url":"https:\/\/pubeurope.com\/@fr\/114506363257891777","error":""},"_links":{"self":[{"href":"https:\/\/www.europesays.com\/fr\/wp-json\/wp\/v2\/posts\/99417","targetHints":{"allow":["GET"]}}],"collection":[{"href":"https:\/\/www.europesays.com\/fr\/wp-json\/wp\/v2\/posts"}],"about":[{"href":"https:\/\/www.europesays.com\/fr\/wp-json\/wp\/v2\/types\/post"}],"author":[{"embeddable":true,"href":"https:\/\/www.europesays.com\/fr\/wp-json\/wp\/v2\/users\/2"}],"replies":[{"embeddable":true,"href":"https:\/\/www.europesays.com\/fr\/wp-json\/wp\/v2\/comments?post=99417"}],"version-history":[{"count":0,"href":"https:\/\/www.europesays.com\/fr\/wp-json\/wp\/v2\/posts\/99417\/revisions"}],"wp:featuredmedia":[{"embeddable":true,"href":"https:\/\/www.europesays.com\/fr\/wp-json\/wp\/v2\/media\/99418"}],"wp:attachment":[{"href":"https:\/\/www.europesays.com\/fr\/wp-json\/wp\/v2\/media?parent=99417"}],"wp:term":[{"taxonomy":"category","embeddable":true,"href":"https:\/\/www.europesays.com\/fr\/wp-json\/wp\/v2\/categories?post=99417"},{"taxonomy":"post_tag","embeddable":true,"href":"https:\/\/www.europesays.com\/fr\/wp-json\/wp\/v2\/tags?post=99417"}],"curies":[{"name":"wp","href":"https:\/\/api.w.org\/{rel}","templated":true}]}}