{"id":99425,"date":"2025-05-14T13:16:12","date_gmt":"2025-05-14T13:16:12","guid":{"rendered":"https:\/\/www.europesays.com\/fr\/99425\/"},"modified":"2025-05-14T13:16:12","modified_gmt":"2025-05-14T13:16:12","slug":"arts-incoherents-gericault-jack-leventreur-le-serial-decouvreur-johann-naldi-bete-noire-du-monde-de-lart-liberation","status":"publish","type":"post","link":"https:\/\/www.europesays.com\/fr\/99425\/","title":{"rendered":"Arts incoh\u00e9rents, G\u00e9ricault, Jack l\u2019Eventreur\u2026 Le \u00abserial d\u00e9couvreur\u00bb Johann Naldi, b\u00eate noire du monde de l\u2019art \u2013 Lib\u00e9ration"},"content":{"rendered":"<p class=\"sc-ksZaOG ehjQrN text-element\">Johann Naldi n\u2019a pu r\u00e9sister \u00e0 l\u2019\u00e9panchement nostalgique. Le 20 avril, le serial \u00abd\u00e9couvreur de tr\u00e9sors\u00bb partageait sur Instagram une photo de son plus beau fait d\u2019armes, trois ans plus t\u00f4t jour pour jour. Soit la privatisation du mythique Olympia, transform\u00e9 pour quelques heures en mini-mus\u00e9e, o\u00f9 le galeriste autodidacte pr\u00e9sentait \u00e0 la face du monde un ensemble d\u2019\u0153uvres attribu\u00e9s aux Arts incoh\u00e9rents, <a href=\"https:\/\/www.liberation.fr\/culture\/arts\/les-arts-incoherents-un-mouvement-incos-risible-au-xixe-siecle-20220415_2G7A6JCUXBD25BZMDXZXBVL4UI\/?redirected=1\" target=\"_blank\" rel=\"noopener\">un micromouvement furtif et potache de la fin du XIXe si\u00e8cle<\/a> dont les sp\u00e9cialistes pensaient, avant lui, qu\u2019il ne restait absolument rien. Mieux encore : ces 19 pi\u00e8ces, principalement de petites toiles et des gravures exhum\u00e9es des tr\u00e9fonds d\u2019une malle pr\u00e9tendument oubli\u00e9e dans un grenier de banlieue parisienne, venaient, selon lui, bouleverser toute la chronologie de l\u2019histoire de l\u2019art. Sous les lambris de l\u2019auguste salle de billard de l\u2019Olympia, Naldi frayait entre les demi-mondains endimanch\u00e9s, champagne \u00e0 la main, et les \u0153uvres expos\u00e9es sous vitrines, comme autant de Joconde retrouv\u00e9es.<\/p>\n<p class=\"sc-ksZaOG ehjQrN text-element\">Gr\u00e2ce \u00e0 lui, le premier monochrome n\u2019\u00e9tait plus le Carr\u00e9 noir sur fond blanc de <a href=\"https:\/\/www.liberation.fr\/culture\/2003\/02\/01\/supreme-de-malevitch_429579\/\" target=\"_blank\" rel=\"noopener\" title=\"https:\/\/www.liberation.fr\/culture\/2003\/02\/01\/supreme-de-malevitch_429579\/\">Kasimir Malevitc<\/a><\/p>\n","protected":false},"excerpt":{"rendered":"Johann Naldi n\u2019a pu r\u00e9sister \u00e0 l\u2019\u00e9panchement nostalgique. Le 20 avril, le serial \u00abd\u00e9couvreur de tr\u00e9sors\u00bb partageait sur&hellip;\n","protected":false},"author":2,"featured_media":99426,"comment_status":"","ping_status":"","sticky":false,"template":"","format":"standard","meta":{"footnotes":""},"categories":[1358],"tags":[3734,1348,1384,1385,251,21378,1386,58,59,1011,27,21379,2009,1585,9026,3899],"class_list":{"0":"post-99425","1":"post","2":"type-post","3":"status-publish","4":"format-standard","5":"has-post-thumbnail","7":"category-arts-et-design","8":"tag-art","9":"tag-arts","10":"tag-arts-and-design","11":"tag-arts-et-design","12":"tag-culture","13":"tag-cyril-zannettacci","14":"tag-design","15":"tag-divertissement","16":"tag-entertainment","17":"tag-fr","18":"tag-france","19":"tag-galeriste","20":"tag-oeuvre","21":"tag-peinture","22":"tag-portrait","23":"tag-sculpture"},"share_on_mastodon":{"url":"https:\/\/pubeurope.com\/@fr\/114506379056865684","error":""},"_links":{"self":[{"href":"https:\/\/www.europesays.com\/fr\/wp-json\/wp\/v2\/posts\/99425","targetHints":{"allow":["GET"]}}],"collection":[{"href":"https:\/\/www.europesays.com\/fr\/wp-json\/wp\/v2\/posts"}],"about":[{"href":"https:\/\/www.europesays.com\/fr\/wp-json\/wp\/v2\/types\/post"}],"author":[{"embeddable":true,"href":"https:\/\/www.europesays.com\/fr\/wp-json\/wp\/v2\/users\/2"}],"replies":[{"embeddable":true,"href":"https:\/\/www.europesays.com\/fr\/wp-json\/wp\/v2\/comments?post=99425"}],"version-history":[{"count":0,"href":"https:\/\/www.europesays.com\/fr\/wp-json\/wp\/v2\/posts\/99425\/revisions"}],"wp:featuredmedia":[{"embeddable":true,"href":"https:\/\/www.europesays.com\/fr\/wp-json\/wp\/v2\/media\/99426"}],"wp:attachment":[{"href":"https:\/\/www.europesays.com\/fr\/wp-json\/wp\/v2\/media?parent=99425"}],"wp:term":[{"taxonomy":"category","embeddable":true,"href":"https:\/\/www.europesays.com\/fr\/wp-json\/wp\/v2\/categories?post=99425"},{"taxonomy":"post_tag","embeddable":true,"href":"https:\/\/www.europesays.com\/fr\/wp-json\/wp\/v2\/tags?post=99425"}],"curies":[{"name":"wp","href":"https:\/\/api.w.org\/{rel}","templated":true}]}}