{"id":99429,"date":"2025-05-14T13:18:12","date_gmt":"2025-05-14T13:18:12","guid":{"rendered":"https:\/\/www.europesays.com\/fr\/99429\/"},"modified":"2025-05-14T13:18:12","modified_gmt":"2025-05-14T13:18:12","slug":"avant-premiere-les-feux-de-lamour-du-16-mai-2025-episode-9221-tf1","status":"publish","type":"post","link":"https:\/\/www.europesays.com\/fr\/99429\/","title":{"rendered":"Avant-premi\u00e8re &#8211; Les feux de l&#039;amour du 16 mai 2025 &#8211; Episode 9221 &#8211; TF1+"},"content":{"rendered":"<ol>\n<li><a href=\"https:\/\/news.google.com\/rss\/articles\/CBMiwwFBVV95cUxOSWlDT05mLUxFR1FFYm5mQlk4alpsaGtOM0doNzVGOUdqN3FWTGNQX2JVQ3k0dHk2eFIyX1lmMngzZFlBbXJvcU41NDVCZ19RSVVPNHJ3WXNwdm9nRElOUXkyUkxOTk00eG9RV2p5SzA0YVUteldvUjlTTkV1cmZsRXNfcDRLbGQ0OFdlWG5aSkxGZEo5MUktTXkwdmgzQmFISWV3RGZZNWNTXzB4WmJiZl9nNXNPcURLVVlOMl84azNkckE?oc=5\" target=\"_blank\" rel=\"noopener\">Avant-premi\u00e8re &#8211; Les feux de l&rsquo;amour du 16 mai 2025 &#8211; Episode 9221<\/a>&nbsp;&nbsp;TF1+<\/li>\n<li><a href=\"https:\/\/news.google.com\/rss\/articles\/CBMivAFBVV95cUxOdDIwekU2TzdMY3JVRFh4V0ZWRUx2cU9BRjhDVWdEa09ZU3BSd1A3OGdmcFRZaWcwVEhGN3NvT21xRXpkWmdPeTBsSkFvVUdodElrTzJCRWNOSkpxYXF3U1ZCcXh0eWQxWFVqV09iUVN4Z2Jqa3BpWDYzSzY5YVRBWmVZZWVvMkZaT0tKRGxVelZ2VG1xallVSzRnblBvVzV6SzhHZEU2dl9ibG9ycGFlUlZ2cWtnM2Nxc3VwUw?oc=5\" target=\"_blank\" rel=\"noopener\">Les Feux de l&rsquo;Amour: R\u00e9sum\u00e9 de l&rsquo;\u00e9pisode du 14 mai 2025 (Tva) | R\u00e9sum\u00e9 et r\u00e9actions<\/a>&nbsp;&nbsp;soap-passion.com<\/li>\n<li><a href=\"https:\/\/news.google.com\/rss\/articles\/CBMiuAFBVV95cUxOektJRkxGbmp2Z1pJaVdSTGZFbjlFTlU2Z0Y2dWxGWjJQSEV0dnQ3TUN4bEpHVDdvZ0VLZXJ3WGNNa3Z1dTI0TnQ2YktFNE5uU3VyOVBrYXFHTGFyeWlxSUhPVWtvMHJSeExRbEpOLWtyUFdPcHVGN0JpT19FT2VLRFEzeXNXZ1JlRnAwTlBsdWhqaGczQVJKOTVONS1YakFPNmpsQ0VkNVl1T2tyMXNqYkk4N2tyVXN4?oc=5\" target=\"_blank\" rel=\"noopener\">Les Feux de l&rsquo;Amour: R\u00e9sum\u00e9 de l&rsquo;\u00e9pisode du 9 mai 2025 (Cbs) | R\u00e9sum\u00e9 et r\u00e9actions<\/a>&nbsp;&nbsp;soap-passion.com<\/li>\n<li><a href=\"https:\/\/news.google.com\/rss\/articles\/CBMiugFBVV95cUxNdjJpWVpiYWhLaUhuTEJ2M0FCb3J2MVU4bGV0b3VoVGNKSWlja2NKWjI0WWtwT0RmV3c2ZGJQSVVZSFNrZmduZUhyaWc4QW9yQlBCUGtrWjFEUGVjOTBxb3NIOG4wRkVFOGVrbEsyQzRGLVhyaWdtdEhZaldRUzdqU2tKUC1kelpPalY0WVRaNHVTb1lhX2tnX1Nxb2tRaWU3S1BxMDRmRDNtUXpWX1U0QkhPN3dSUklKVFE?oc=5\" target=\"_blank\" rel=\"noopener\">Les Feux de l&rsquo;Amour: R\u00e9sum\u00e9 de l&rsquo;\u00e9pisode du 12 mai 2025 (Cbs) | R\u00e9sum\u00e9 et r\u00e9actions<\/a>&nbsp;&nbsp;soap-passion.com<\/li>\n<li><a href=\"https:\/\/news.google.com\/rss\/articles\/CBMivAFBVV95cUxOTHl4bUNxMlhGV3hpUFoxSmFPaWhPazJPUzRIX3JIeXhhM1p1a1ZiektQSzk0X3pJN0V3eFpILXVGY2ppb0ZaS0V0SURtczNGQmhVdVNIOEtRQ0Iyb1VjeVFFNjdTaExnenBicnRNWm9TNHVLZmw0cFJBNUc2dlpWa3pYYWhBZ3dOVGtwWU5IaHdEbTEzWmxpT1hVM0JCeGZCNmNrLWpoYXpJVlNTUVk5Tl9xYUYwWWFwRVdGcg?oc=5\" target=\"_blank\" rel=\"noopener\">Les Feux de l&rsquo;Amour: R\u00e9sum\u00e9 de l&rsquo;\u00e9pisode du 13 mai 2025 (Tva) | R\u00e9sum\u00e9 et r\u00e9actions<\/a>&nbsp;&nbsp;soap-passion.com<\/li>\n<\/ol>\n","protected":false},"excerpt":{"rendered":"Avant-premi\u00e8re &#8211; Les feux de l&rsquo;amour du 16 mai 2025 &#8211; Episode 9221&nbsp;&nbsp;TF1+ Les Feux de l&rsquo;Amour: R\u00e9sum\u00e9&hellip;\n","protected":false},"author":2,"featured_media":99430,"comment_status":"","ping_status":"","sticky":false,"template":"","format":"standard","meta":{"footnotes":""},"categories":[1356],"tags":[58,59,1365,15848,1011,27,15850,15849,15852,252,1364,15853,15851],"class_list":{"0":"post-99429","1":"post","2":"type-post","3":"status-publish","4":"format-standard","5":"has-post-thumbnail","7":"category-television","8":"tag-divertissement","9":"tag-entertainment","10":"tag-episode","11":"tag-episode-les-feux-de-lamour","12":"tag-fr","13":"tag-france","14":"tag-les-feux-de-lamour","15":"tag-les-feux-de-lamour-episode","16":"tag-streaming-les-feux-de-lamour","17":"tag-television","18":"tag-tv","19":"tag-video-en-streaming-les-feux-de-lamour","20":"tag-video-les-feux-de-lamour"},"share_on_mastodon":{"url":"https:\/\/pubeurope.com\/@fr\/114506386895524394","error":""},"_links":{"self":[{"href":"https:\/\/www.europesays.com\/fr\/wp-json\/wp\/v2\/posts\/99429","targetHints":{"allow":["GET"]}}],"collection":[{"href":"https:\/\/www.europesays.com\/fr\/wp-json\/wp\/v2\/posts"}],"about":[{"href":"https:\/\/www.europesays.com\/fr\/wp-json\/wp\/v2\/types\/post"}],"author":[{"embeddable":true,"href":"https:\/\/www.europesays.com\/fr\/wp-json\/wp\/v2\/users\/2"}],"replies":[{"embeddable":true,"href":"https:\/\/www.europesays.com\/fr\/wp-json\/wp\/v2\/comments?post=99429"}],"version-history":[{"count":0,"href":"https:\/\/www.europesays.com\/fr\/wp-json\/wp\/v2\/posts\/99429\/revisions"}],"wp:featuredmedia":[{"embeddable":true,"href":"https:\/\/www.europesays.com\/fr\/wp-json\/wp\/v2\/media\/99430"}],"wp:attachment":[{"href":"https:\/\/www.europesays.com\/fr\/wp-json\/wp\/v2\/media?parent=99429"}],"wp:term":[{"taxonomy":"category","embeddable":true,"href":"https:\/\/www.europesays.com\/fr\/wp-json\/wp\/v2\/categories?post=99429"},{"taxonomy":"post_tag","embeddable":true,"href":"https:\/\/www.europesays.com\/fr\/wp-json\/wp\/v2\/tags?post=99429"}],"curies":[{"name":"wp","href":"https:\/\/api.w.org\/{rel}","templated":true}]}}