{"id":9943,"date":"2025-04-08T10:20:21","date_gmt":"2025-04-08T10:20:21","guid":{"rendered":"https:\/\/www.europesays.com\/fr\/9943\/"},"modified":"2025-04-08T10:20:21","modified_gmt":"2025-04-08T10:20:21","slug":"un-accident-fait-plusieurs-blesses-et-perturbe-la-circulation-entre-marseille-et-aubagne","status":"publish","type":"post","link":"https:\/\/www.europesays.com\/fr\/9943\/","title":{"rendered":"un accident fait plusieurs bless\u00e9s et perturbe la circulation entre Marseille et Aubagne"},"content":{"rendered":"<p>\u00c7a coince sur les <a href=\"https:\/\/www.laprovence.com\/article\/region\/22505007259577\/bouches-du-rhone-de-nouvelles-fermetures-d-autoroutes-prevues-du-3-au-7-mars-l-a7-et-l-a51-concernees\" target=\"_blank\" rel=\"noopener\">routes <\/a>entre Marseille et Aubagne. Ce mardi matin, un accident impliquant deux voitures perturbe fortement la circulation sur l\u2019autoroute <a href=\"https:\/\/www.laprovence.com\/article\/region\/68044020499987\/travaux-sur-lautoroute-a50-une-portion-fermee-de-mars-a-juillet-entre-aubagne-et-marseille-la-l2-sera-impactee\" target=\"_blank\" rel=\"noopener\">A50<\/a>, dans le sens Marseille &#8211; Aubagne, \u00e0 proximit\u00e9 du Boulevard de la Pomme, sur l&rsquo;Aire de la Pomme, pr\u00e8s de la station-service.<\/p>\n<p>Le choc s\u2019est produit sur la voie de gauche, entra\u00eenant l\u2019intervention rapide de la Dirmed et des secours.<\/p>\n<p>Plusieurs bless\u00e9s \u00e0 d\u00e9plorer<\/p>\n<p>D\u2019apr\u00e8s les premi\u00e8res informations, l\u2019accident a fait plusieurs bless\u00e9s l\u00e9gers. \u00c0 8h10, la retenue atteignait d\u00e9j\u00e0 4 kilom\u00e8tres, remontant jusqu\u2019\u00e0 la L2. Sur les trois voies de circulation, seule une \u00e9tait encore praticable, provoquant de s\u00e9rieux ralentissements pour les automobilistes.<\/p>\n<p>La situation restait tendue en milieu de matin\u00e9e. Les autorit\u00e9s recommandent d\u2019\u00e9viter le secteur ou de privil\u00e9gier des itin\u00e9raires alternatifs.<\/p>\n","protected":false},"excerpt":{"rendered":"\u00c7a coince sur les routes entre Marseille et Aubagne. Ce mardi matin, un accident impliquant deux voitures perturbe&hellip;\n","protected":false},"author":2,"featured_media":9944,"comment_status":"","ping_status":"","sticky":false,"template":"","format":"standard","meta":{"footnotes":""},"categories":[2814],"tags":[17,119,1111,11,4901,4899,1777,674,21,274,1011,27,4900,884,12,2513,882,25,3356],"class_list":{"0":"post-9943","1":"post","2":"type-post","3":"status-publish","4":"format-standard","5":"has-post-thumbnail","7":"category-marseille","8":"tag-17","9":"tag-accident","10":"tag-actu","11":"tag-actualites","12":"tag-blesses","13":"tag-bouchon","14":"tag-eu","15":"tag-europe","16":"tag-fait","17":"tag-faits-divers-justice","18":"tag-fr","19":"tag-france","20":"tag-la50","21":"tag-marseille","22":"tag-news","23":"tag-plusieurs","24":"tag-provence-alpes-cote-dazur","25":"tag-republique-francaise","26":"tag-sur"},"share_on_mastodon":{"url":"https:\/\/pubeurope.com\/@fr\/114301843753677761","error":""},"_links":{"self":[{"href":"https:\/\/www.europesays.com\/fr\/wp-json\/wp\/v2\/posts\/9943","targetHints":{"allow":["GET"]}}],"collection":[{"href":"https:\/\/www.europesays.com\/fr\/wp-json\/wp\/v2\/posts"}],"about":[{"href":"https:\/\/www.europesays.com\/fr\/wp-json\/wp\/v2\/types\/post"}],"author":[{"embeddable":true,"href":"https:\/\/www.europesays.com\/fr\/wp-json\/wp\/v2\/users\/2"}],"replies":[{"embeddable":true,"href":"https:\/\/www.europesays.com\/fr\/wp-json\/wp\/v2\/comments?post=9943"}],"version-history":[{"count":0,"href":"https:\/\/www.europesays.com\/fr\/wp-json\/wp\/v2\/posts\/9943\/revisions"}],"wp:featuredmedia":[{"embeddable":true,"href":"https:\/\/www.europesays.com\/fr\/wp-json\/wp\/v2\/media\/9944"}],"wp:attachment":[{"href":"https:\/\/www.europesays.com\/fr\/wp-json\/wp\/v2\/media?parent=9943"}],"wp:term":[{"taxonomy":"category","embeddable":true,"href":"https:\/\/www.europesays.com\/fr\/wp-json\/wp\/v2\/categories?post=9943"},{"taxonomy":"post_tag","embeddable":true,"href":"https:\/\/www.europesays.com\/fr\/wp-json\/wp\/v2\/tags?post=9943"}],"curies":[{"name":"wp","href":"https:\/\/api.w.org\/{rel}","templated":true}]}}