{"id":99435,"date":"2025-05-14T13:21:10","date_gmt":"2025-05-14T13:21:10","guid":{"rendered":"https:\/\/www.europesays.com\/fr\/99435\/"},"modified":"2025-05-14T13:21:10","modified_gmt":"2025-05-14T13:21:10","slug":"pourquoi-vos-allergies-empirent-chaque-annee","status":"publish","type":"post","link":"https:\/\/www.europesays.com\/fr\/99435\/","title":{"rendered":"pourquoi vos allergies empirent chaque ann\u00e9e"},"content":{"rendered":"<p>Chaque ann\u00e9e, <a href=\"https:\/\/www.presse-citron.net\/la-france-va-faire-face-a-un-printemps-anormalement-chaud\/\" rel=\"nofollow noopener\" target=\"_blank\">au retour des beaux jours<\/a>, l\u2019atmosph\u00e8re se charge de pollen. Pour une partie de la population, cela se traduit par une faible g\u00eane ; pour d\u2019autres, c\u2019est une v\u00e9ritable angoisse. Crises respiratoires, inflammations chroniques, fatigue persistante\u00a0: <strong>des sympt\u00f4mes \u00e0 la limite du supportable<\/strong>.<\/p>\n<p>Or, si les allergies saisonni\u00e8res font partie du paysage depuis longtemps, leur intensit\u00e9 et leur dur\u00e9e ne cessent d\u2019augmenter avec les ann\u00e9es. Plusieurs \u00e9tudes le confirment\u00a0: la saison des pollens s\u2019allonge, la concentration dans l\u2019air augmente, et les sympt\u00f4mes gagnent en s\u00e9v\u00e9rit\u00e9. Le responsable n\u2019est pas un changement dans les plantes elles-m\u00eames, mais <strong>des transformations \u00e0 plus grande \u00e9chelle<\/strong> : celle du climat, des cycles v\u00e9g\u00e9taux et des conditions m\u00e9t\u00e9orologiques qui favorisent la dispersion des particules allerg\u00e8nes.<\/p>\n<p> Pourquoi certaines plantes produisent autant de pollen <\/p>\n<p><a href=\"https:\/\/www.presse-citron.net\/comment-les-arbres-des-villes-ameliorent-ils-les-resultats-scolaires\/\" rel=\"nofollow noopener\" target=\"_blank\">Les arbres<\/a> et certaines gramin\u00e9es ont \u00e9volu\u00e9 avec deux grandes strat\u00e9gies pour leur reproduction. Certains s\u2019appuient sur les insectes (abeilles, papillons, col\u00e9opt\u00e8res) pour transporter leur pollen d\u2019une fleur \u00e0 l\u2019autre. Ces plantes entomophiles misent sur des couleurs vives, des parfums marqu\u00e9s, du nectar, et produisent un pollen plus lourd, plus collant, con\u00e7u pour adh\u00e9rer au corps de l\u2019animal. Celui-l\u00e0 provoque rarement des allergies\u00a0: <strong>il reste simplement l\u00e0 o\u00f9 il est d\u00e9pos\u00e9<\/strong>.<\/p>\n<p>Toutefois, une autre partie du monde v\u00e9g\u00e9tal a adopt\u00e9 une autre m\u00e9thode, bien plus primitive et al\u00e9atoire\u00a0: <strong>la dispersion a\u00e9rienne du pollen, gr\u00e2ce au vent<\/strong>. Ainsi, le transport du mat\u00e9riel reproductif est confi\u00e9 \u00e0 ce dernier, sans aucun contr\u00f4le sur sa trajectoire ni sa destination.<\/p>\n<p>Contrairement aux plantes entomophiles \u2013 qui misent sur l\u2019attraction et la pr\u00e9cision \u2013 ces esp\u00e8ces dites an\u00e9mophiles doivent produire des quantit\u00e9s \u00e9normes de pollen, l\u00e9ger et tr\u00e8s mobile, pour compenser l\u2019extr\u00eame faiblesse des chances qu\u2019un grain atteigne, par hasard, le pistil d\u2019une fleur compatible. Une tactique d\u2019abondance brute, rendue n\u00e9cessaire par l\u2019absence de guidage biologique. On parle de <strong>millions, voire de milliards de grains lib\u00e9r\u00e9s chaque saison<\/strong> par un seul arbre, uniquement pour garantir que quelques-uns remplissent leur fonction.<\/p>\n<p>Au printemps, l\u2019air est donc satur\u00e9 de grains de pollen microscopiques, \u00e9mis par les arbres dans des quantit\u00e9s astronomiques, l\u00e9gers, mobiles, capables de franchir des kilom\u00e8tres. Ce sont pr\u00e9cis\u00e9ment ces pollens-l\u00e0 \u2013 de bouleau, de ch\u00eane, de platane, de cypr\u00e8s ou de gramin\u00e9es \u2013 <strong>qui d\u00e9clenchent les allergies respiratoires les plus r\u00e9pandues<\/strong>.<\/p>\n<p> Pourquoi les saisons polliniques s\u2019allongent et s\u2019intensifient <\/p>\n<p>Depuis plusieurs d\u00e9cennies,<strong> les relev\u00e9s scientifiques montrent une constante<\/strong> : la saison des pollens commence plus t\u00f4t, dure plus longtemps, et s\u2019accompagne de concentrations plus \u00e9lev\u00e9es. <a href=\"https:\/\/www.pnas.org\/doi\/full\/10.1073\/pnas.2013284118\" target=\"_blank\" rel=\"false noopener nofollow\">Une \u00e9tude de 2021<\/a> men\u00e9e sur soixante sites en Am\u00e9rique du Nord l\u2019a confirm\u00e9 : entre 1990 et 2018, la p\u00e9riode d\u2019exposition s\u2019est allong\u00e9e en moyenne de vingt jours, tandis que la quantit\u00e9 de pollens pr\u00e9sente dans l\u2019air a augment\u00e9 de 21\u00a0%.<\/p>\n<p>Ces \u00e9volutions sont \u00e9troitement li\u00e9es aux <a href=\"https:\/\/www.presse-citron.net\/rechauffement-climatique-la-terre-franchit-le-cap-historique-des-15c-cette-annee\/\" rel=\"nofollow noopener\" target=\"_blank\">perturbations climatiques<\/a> qui frappent notre plan\u00e8te. La lib\u00e9ration du pollen d\u00e9pend de plusieurs signaux environnementaux, notamment la temp\u00e9rature et la dur\u00e9e d\u2019ensoleillement. Quand le printemps se manifeste plus t\u00f4t ; ce qui est d\u00e9sormais r\u00e9guli\u00e8rement le cas ; les arbres r\u00e9agissent\u00a0: <strong>ils fleurissent plus vite, et prolongent logiquement leur p\u00e9riode d\u2019\u00e9mission<\/strong>.<\/p>\n<p>En plus de ce d\u00e9calage dans le calendrier, la quantit\u00e9 produite par les plantes elle-m\u00eame \u00e9volue aussi. En cause\u00a0: <strong>la hausse des taux de dioxyde de carbone<\/strong> (CO\u2082) pr\u00e9sent dans l\u2019atmosph\u00e8re. Ce gaz, essentiel \u00e0 la photosynth\u00e8se, stimule directement la croissance v\u00e9g\u00e9tale. En laboratoire, on a observ\u00e9 que certaines esp\u00e8ces d\u2019arbres doublaient leur production de pollen sous atmosph\u00e8re enrichie en CO\u2082. Un effet de serre botanique, en somme, qui en plus de verdir les feuillages, sature aussi l\u2019air de particules allerg\u00e8nes.<\/p>\n<p> Le r\u00f4le aggravant du vent et des orages <\/p>\n<p>Les conditions atmosph\u00e9riques \u00e9voluant, le pollen devient plus envahissant, car sa dispersion change aussi. Aux \u00c9tats-Unis, notamment dans le Sud-Est, les derni\u00e8res d\u00e9cennies <strong>ont vu s\u2019intensifier une tendance d\u00e9j\u00e0 fortement install\u00e9e<\/strong> : des vents plus forts, des temp\u00eates plus fr\u00e9quentes, <a href=\"https:\/\/www.presse-citron.net\/tout-savoir-sur-les-orages-et-comment-sen-proteger-efficacement\/\" rel=\"nofollow noopener\" target=\"_blank\">des orages<\/a> plus violents.<\/p>\n<p>Ce regain d\u2019activit\u00e9 atmosph\u00e9rique, associ\u00e9 au r\u00e9chauffement climatique, ne concerne pas uniquement l\u2019autre c\u00f4t\u00e9 de l\u2019Atlantique. <strong>Les r\u00e9gions temp\u00e9r\u00e9es d\u2019Europe occidentale<\/strong> (France, Royaume-Uni, Belgique, Pays-Bas, etc.) en subissent, elles aussi, les effets de plein fouet.<\/p>\n<p>Ces ph\u00e9nom\u00e8nes m\u00e9t\u00e9orologiques modifient le comportement des pollens pr\u00e9sents dans l\u2019air. En p\u00e9riode de vent soutenu, les grains restent en suspension plus longtemps, couvrent de plus grandes distances, atteignent des zones plus dens\u00e9ment peupl\u00e9es. Les turbulences intenses \u2013 particuli\u00e8rement celles qui se produisent lors des orages \u2013 peuvent briser les grains de pollen. Cette fragmentation produit des particules plus fines, invisibles \u00e0 l\u2019\u0153il nu, <strong>capables de p\u00e9n\u00e9trer plus profond\u00e9ment dans l\u2019appareil respiratoire<\/strong>, jusqu\u2019aux bronches ou aux alv\u00e9oles.<\/p>\n<p>Ces microparticules, en augmentant la surface d\u2019exposition et la profondeur de p\u00e9n\u00e9tration, sont soup\u00e7onn\u00e9es de contribuer \u00e0 des formes d\u2019asthmes s\u00e9v\u00e8res, notamment chez les personnes d\u00e9j\u00e0 sensibilis\u00e9es. L\u00e0 o\u00f9 un grain de pollen provoque une g\u00eane, un fragment pulv\u00e9ris\u00e9 peut d\u00e9clencher <strong>une r\u00e9action inflammatoire aigu\u00eb bien plus intense<\/strong>.<\/p>\n<p>Si la dispersion du pollen est un ph\u00e9nom\u00e8ne naturel (et indispensable), sa dynamique actuelle ; fortement influenc\u00e9e par l\u2019activit\u00e9 humaine ; <strong>ne l\u2019est plus vraiment<\/strong>. Nous assistons en ce moment m\u00eame \u00e0 une forme <strong>d\u2019emballement des syst\u00e8mes reproductifs v\u00e9g\u00e9taux<\/strong>, catalys\u00e9 par les d\u00e9r\u00e8glements climatiques. L\u2019air que nous respirons aujourd\u2019hui n\u2019est plus celui que respiraient nos a\u00een\u00e9s\u00a0: il est plus chaud, plus riche en CO2, plus agit\u00e9 et satur\u00e9 de particules biologiquement actives. Particules dont le pollen fait partie et qui en est d\u00e9sormais <strong>l\u2019un des marqueurs les plus sensibles<\/strong>.<\/p>\n<ul class=\"tldr\">\n<li>Des vents plus fr\u00e9quents et plus intenses augmentent la quantit\u00e9 de pollens en suspension dans l\u2019air et sa port\u00e9e.<\/li>\n<li>Les orages peuvent fragmenter les grains de pollen en particules plus fines, plus irritantes pour les voies respiratoires.<\/li>\n<li>La co\u00efncidence entre pics de vent, activit\u00e9 orageuse et lib\u00e9ration massive de pollen accentue les r\u00e9actions allergiques, dans un contexte climatique de plus en plus instable.<\/li>\n<\/ul>\n<blockquote>\n<p class=\"text-base text-neutral-700 dark:text-neutral-300\">\ud83d\udccd Pour ne manquer aucune actualit\u00e9 de Presse-citron, suivez-nous sur <a href=\"https:\/\/news.google.com\/publications\/CAAqBggKMIPiNTC70wU?hl=fr&amp;gl=FR&amp;ceid=FR%3Afr\" target=\"_blank\" rel=\"nofollow noopener\">Google Actualit\u00e9s<\/a> et <a href=\"https:\/\/whatsapp.com\/channel\/0029VaCkGuz4NViitBXbEr0b\" target=\"_blank\" rel=\"nofollow noopener\">WhatsApp<\/a>.<\/p>\n<\/blockquote>\n","protected":false},"excerpt":{"rendered":"Chaque ann\u00e9e, au retour des beaux jours, l\u2019atmosph\u00e8re se charge de pollen. Pour une partie de la population,&hellip;\n","protected":false},"author":2,"featured_media":99436,"comment_status":"","ping_status":"","sticky":false,"template":"","format":"standard","meta":{"footnotes":""},"categories":[10],"tags":[436,1011,27,72,5140,71,43],"class_list":{"0":"post-99435","1":"post","2":"type-post","3":"status-publish","4":"format-standard","5":"has-post-thumbnail","7":"category-sante","8":"tag-environnement","9":"tag-fr","10":"tag-france","11":"tag-health","12":"tag-rechauffement-climatique","13":"tag-sante","14":"tag-science"},"share_on_mastodon":{"url":"https:\/\/pubeurope.com\/@fr\/114506398717463695","error":""},"_links":{"self":[{"href":"https:\/\/www.europesays.com\/fr\/wp-json\/wp\/v2\/posts\/99435","targetHints":{"allow":["GET"]}}],"collection":[{"href":"https:\/\/www.europesays.com\/fr\/wp-json\/wp\/v2\/posts"}],"about":[{"href":"https:\/\/www.europesays.com\/fr\/wp-json\/wp\/v2\/types\/post"}],"author":[{"embeddable":true,"href":"https:\/\/www.europesays.com\/fr\/wp-json\/wp\/v2\/users\/2"}],"replies":[{"embeddable":true,"href":"https:\/\/www.europesays.com\/fr\/wp-json\/wp\/v2\/comments?post=99435"}],"version-history":[{"count":0,"href":"https:\/\/www.europesays.com\/fr\/wp-json\/wp\/v2\/posts\/99435\/revisions"}],"wp:featuredmedia":[{"embeddable":true,"href":"https:\/\/www.europesays.com\/fr\/wp-json\/wp\/v2\/media\/99436"}],"wp:attachment":[{"href":"https:\/\/www.europesays.com\/fr\/wp-json\/wp\/v2\/media?parent=99435"}],"wp:term":[{"taxonomy":"category","embeddable":true,"href":"https:\/\/www.europesays.com\/fr\/wp-json\/wp\/v2\/categories?post=99435"},{"taxonomy":"post_tag","embeddable":true,"href":"https:\/\/www.europesays.com\/fr\/wp-json\/wp\/v2\/tags?post=99435"}],"curies":[{"name":"wp","href":"https:\/\/api.w.org\/{rel}","templated":true}]}}