{"id":99443,"date":"2025-05-14T13:25:10","date_gmt":"2025-05-14T13:25:10","guid":{"rendered":"https:\/\/www.europesays.com\/fr\/99443\/"},"modified":"2025-05-14T13:25:10","modified_gmt":"2025-05-14T13:25:10","slug":"livret-a-lep-un-rapport-parlementaire-preconise-une-reforme-de-lepargne-reglementee-et-une-meilleure-information-des-clients-14-05-2025-a-1432","status":"publish","type":"post","link":"https:\/\/www.europesays.com\/fr\/99443\/","title":{"rendered":"Livret A, LEP&#8230; Un rapport parlementaire pr\u00e9conise une r\u00e9forme de l&rsquo;\u00e9pargne r\u00e9glement\u00e9e et une meilleure information des clients &#8211; 14\/05\/2025 \u00e0 14:32"},"content":{"rendered":"<p> Entre 2020 et 2023, \u00ab\u00a0300 milliards d&rsquo;euros de pouvoir d&rsquo;achat qui ont disparu\u00a0\u00bb du fait de l&rsquo;inflation et de la mauvaise information des \u00e9pargnants, selon Jean-Philippe Tanguy.<\/p>\n<p>        <img fetchpriority=\"high\" decoding=\"async\" src=\"https:\/\/www.europesays.com\/fr\/wp-content\/uploads\/2025\/05\/46056818c3348df8d62f2da54a509641-760x573.jpg\" alt=\"( AFP \/ DENIS CHARLET )\" loading=\"eager\" width=\"760\" height=\"573\" style=\"max-width: 100%!important; height: auto;\"\/><\/p>\n<p class=\"c-image-news__legend\">( AFP \/ DENIS CHARLET )<\/p>\n<p>\n \u00ab\u00a0Plus de clart\u00e9, d&rsquo;efficacit\u00e9 et d&rsquo;efficience\u00a0\u00bb. Un rapport parlementaire r\u00e9dig\u00e9 par les d\u00e9put\u00e9s Jean-Philippe Tanguy (RN) et Fran\u00e7ois Jolivet (Horizons) pr\u00e9conise une \u00ab\u00a0r\u00e9forme\u00a0\u00bb de l&rsquo;\u00e9pargne r\u00e9glement\u00e9e et que les banques am\u00e9liorent l&rsquo;information de leurs clients sur le risque de perte de valeur face \u00e0 l&rsquo;inflation.\n<\/p>\n<p>\n L&rsquo;\u00e9pargne r\u00e9glement\u00e9e \u00ab\u00a0est utile, mais nous pensons qu&rsquo;il faut la r\u00e9former dans un sens<br \/>\n <strong><br \/>\n  de plus de clart\u00e9, d&rsquo;efficacit\u00e9 et d&rsquo;efficience en termes de rendement<br \/>\n <\/strong><br \/>\n \u00ab\u00a0, a indiqu\u00e9 Fran\u00e7ois Jolivet, co-rapporteur du rapport, auditionn\u00e9 devant la commission des Finances de l&rsquo;Assembl\u00e9e, d\u00e9crivant<br \/>\n <strong><br \/>\n  \u00ab\u00a0un maquis de livrets\u00a0\u00bb<br \/>\n <\/strong><br \/>\n , allant du Livret A jusqu&rsquo;au livret d&rsquo;\u00e9pargne d&rsquo;entreprise.\n<\/p>\n<p>\n Le rapport d&rsquo;information relatif \u00e0 la r\u00e9mun\u00e9ration de l&rsquo;\u00e9pargne populaire et des classes moyennes d\u00e9nonce ainsi la sous-utilisation du Livret d&rsquo;\u00e9pargne populaire, dont l&rsquo;ouverture est soumise \u00e0 des conditions de ressources, qui est<br \/>\n <strong><br \/>\n  pourtant \u00ab\u00a0bien mieux r\u00e9mun\u00e9r\u00e9\u00a0\u00bb que le Livret A<br \/>\n <\/strong><br \/>\n . \u00ab\u00a0Il est jug\u00e9 que 40% des Fran\u00e7ais \u00e9ligibles n&rsquo;en disposent pas, alors qu&rsquo;ils disposent d&rsquo;un Livret A\u00a0\u00bb, estime Fran\u00e7ois Jolivet.\n<\/p>\n<p> \u00ab\u00a0\u00c9rosion mon\u00e9taire certaine\u00a0\u00bb<\/p>\n<p>\n \u00ab\u00a0\u00c7a signifie donc que les banques jouent un r\u00f4le de conseil pas compl\u00e8tement performant, puisqu&rsquo;elles ne dirigent pas l&rsquo;\u00e9pargne des Fran\u00e7ais les plus modestes vers les meilleurs placements r\u00e9glementaires, alors qu&rsquo;elles assument une mission d&rsquo;int\u00e9r\u00eat g\u00e9n\u00e9ral\u00a0\u00bb, a-t-il d\u00e9clar\u00e9.\n<\/p>\n<p>\n Par ailleurs, quand vous ouvrez un Livret A,<br \/>\n <strong><br \/>\n  \u00ab\u00a0l&rsquo;\u00e9rosion mon\u00e9taire est certaine\u00a0\u00bb<br \/>\n <\/strong><br \/>\n , car \u00ab\u00a0la formule de calcul de l&rsquo;int\u00e9r\u00eat ne prot\u00e8ge plus de l&rsquo;inflation\u00a0\u00bb, explique Jean-Philippe Tanguy.\n<\/p>\n<p>\n \u00ab\u00a0Des \u00e9pargnants qui ne connaissent pas, qui ne comprennent pas ou qui n&rsquo;ont pas eu d&rsquo;explication ou d&rsquo;information sur l&rsquo;\u00e9rosion mon\u00e9taire, de bonne foi, pensent que leur \u00e9pargne est prot\u00e9g\u00e9e\u00a0\u00bb, mais selon Jean-Philippe Tanguy, si elle est \u00ab\u00a0prot\u00e9g\u00e9e en nominal, elle n&rsquo;est pas prot\u00e9g\u00e9e face \u00e0 l&rsquo;\u00e9rosion mon\u00e9taire\u00a0\u00bb.\n<\/p>\n<p>\n Cela repr\u00e9sente pour lui<br \/>\n <strong><br \/>\n  \u00ab\u00a0un probl\u00e8me de contrat moral entre les \u00e9pargnants fran\u00e7ais,<br \/>\n <\/strong><br \/>\n en particulier les plus fragiles, et la puissance publique et les institutions qui doivent prot\u00e9ger les \u00e9pargnants\u00a0\u00bb.\n<\/p>\n<p> \u00ab\u00a0Une offre que l&rsquo;on ne trouve nulle part ailleurs\u00a0\u00bb<\/p>\n<p>\n \u00ab\u00a0Entre 2020 et 2023, ce sont donc 300 milliards d&rsquo;euros de pouvoir d&rsquo;achat qui ont disparu, ou en tout cas qui ont \u00e9t\u00e9 perdus, \u00e0 cause de l&rsquo;\u00e9rosion mon\u00e9taire et du manque de d\u00e9fense de l&rsquo;\u00e9pargnant des Fran\u00e7ais\u00a0\u00bb, selon le d\u00e9put\u00e9 RN.\n<\/p>\n<p>\n \u00ab\u00a0De fa\u00e7on g\u00e9n\u00e9rale, les banques veillent \u00e0 ce que les placements qu&rsquo;elles recommandent ne le soient que dans l&rsquo;int\u00e9r\u00eat du client, d&rsquo;abord parce qu&rsquo;elles souhaitent servir au mieux leurs clients, puis parce que c&rsquo;est le droit\u00a0\u00bb, a indiqu\u00e9 la F\u00e9d\u00e9ration bancaire fran\u00e7aise dans une d\u00e9claration \u00e0 l&rsquo;<\/p>\n<p>  AFP<\/p>\n<p> . La France, avec l&rsquo;\u00e9pargne r\u00e9glement\u00e9e, \u00ab\u00a0propose aux \u00e9pargnants<br \/>\n <strong><br \/>\n  une offre que l&rsquo;on ne trouve nulle part ailleurs<br \/>\n <\/strong><br \/>\n . Par exemple les livrets A, LDDS et LEP sont des produits liquides, donc disponibles \u00e0 tout moment, garantis, donc sans risque, non fiscalis\u00e9s et avec un rendement positif d\u00e9termin\u00e9 par les autorit\u00e9s publiques\u00a0\u00bb, assure encore la FBF.\n<\/p>\n<p>\n \u00ab\u00a0Nous tenons \u00e0 rappeler que le taux d&rsquo;int\u00e9r\u00eat moyen sur les d\u00e9p\u00f4ts d&rsquo;\u00e9pargne en France s&rsquo;\u00e9tablit \u00e0 2,1% selon la Banque centrale europ\u00e9enne et est ainsi de 0,6 point sup\u00e9rieur \u00e0 celui de la zone euro. Il est par ailleurs 3 fois plus important que celui de l&rsquo;Allemagne\u00a0\u00bb, ajoute-t-elle.<\/p>\n","protected":false},"excerpt":{"rendered":"Entre 2020 et 2023, \u00ab\u00a0300 milliards d&rsquo;euros de pouvoir d&rsquo;achat qui ont disparu\u00a0\u00bb du fait de l&rsquo;inflation et&hellip;\n","protected":false},"author":2,"featured_media":99444,"comment_status":"","ping_status":"","sticky":false,"template":"","format":"standard","meta":{"footnotes":""},"categories":[6],"tags":[400,398,408,35,405,33,34,1011,27,403,402,399,404,401,406,407],"class_list":{"0":"post-99443","1":"post","2":"type-post","3":"status-publish","4":"format-standard","5":"has-post-thumbnail","7":"category-economie","8":"tag-action-cac-40","9":"tag-bourse-de-paris","10":"tag-boursorama","11":"tag-business","12":"tag-cotations","13":"tag-economie","14":"tag-economy","15":"tag-fr","16":"tag-france","17":"tag-indices-devises","18":"tag-investir","19":"tag-investissement","20":"tag-marche-boursier","21":"tag-sicav","22":"tag-trackers","23":"tag-warrants"},"share_on_mastodon":{"url":"https:\/\/pubeurope.com\/@fr\/114506414464598776","error":""},"_links":{"self":[{"href":"https:\/\/www.europesays.com\/fr\/wp-json\/wp\/v2\/posts\/99443","targetHints":{"allow":["GET"]}}],"collection":[{"href":"https:\/\/www.europesays.com\/fr\/wp-json\/wp\/v2\/posts"}],"about":[{"href":"https:\/\/www.europesays.com\/fr\/wp-json\/wp\/v2\/types\/post"}],"author":[{"embeddable":true,"href":"https:\/\/www.europesays.com\/fr\/wp-json\/wp\/v2\/users\/2"}],"replies":[{"embeddable":true,"href":"https:\/\/www.europesays.com\/fr\/wp-json\/wp\/v2\/comments?post=99443"}],"version-history":[{"count":0,"href":"https:\/\/www.europesays.com\/fr\/wp-json\/wp\/v2\/posts\/99443\/revisions"}],"wp:featuredmedia":[{"embeddable":true,"href":"https:\/\/www.europesays.com\/fr\/wp-json\/wp\/v2\/media\/99444"}],"wp:attachment":[{"href":"https:\/\/www.europesays.com\/fr\/wp-json\/wp\/v2\/media?parent=99443"}],"wp:term":[{"taxonomy":"category","embeddable":true,"href":"https:\/\/www.europesays.com\/fr\/wp-json\/wp\/v2\/categories?post=99443"},{"taxonomy":"post_tag","embeddable":true,"href":"https:\/\/www.europesays.com\/fr\/wp-json\/wp\/v2\/tags?post=99443"}],"curies":[{"name":"wp","href":"https:\/\/api.w.org\/{rel}","templated":true}]}}