{"id":994515,"date":"2026-06-12T05:05:19","date_gmt":"2026-06-12T05:05:19","guid":{"rendered":"https:\/\/www.europesays.com\/fr\/994515\/"},"modified":"2026-06-12T05:05:19","modified_gmt":"2026-06-12T05:05:19","slug":"a-saint-etienne-la-rehabilitation-du-quartier-saint-roch-lancee","status":"publish","type":"post","link":"https:\/\/www.europesays.com\/fr\/994515\/","title":{"rendered":"A Saint-\u00c9tienne, la r\u00e9habilitation du quartier Saint-Roch lanc\u00e9e"},"content":{"rendered":"<p><img loading=\"lazy\" decoding=\"async\" alt=\"Quatre cent logements sont concern\u00e9s par le projet de r\u00e9habilitation du quartier Saint-Roch. - \u00a9 Nahim Idir\" data-zoom-src=\"https:\/\/www.europesays.com\/fr\/wp-content\/uploads\/2026\/06\/initial-travaux-quartier-saint-roch-saint-etienne.jpg\" data-zoomable=\"\" height=\"702\" src=\"https:\/\/www.europesays.com\/fr\/wp-content\/uploads\/2026\/06\/initial-travaux-quartier-saint-roch-saint-etienne.jpg\" width=\"1248\"\/>  <\/p>\n<p class=\"article-desc\">Quatre cent logements sont concern\u00e9s par le projet de r\u00e9habilitation du quartier Saint-Roch. &#8211; \u00a9 Nahim Idir <\/p>\n<p>Port\u00e9s par l\u2019<strong>\u00c9tablissement public d\u2019am\u00e9nagement de Saint-\u00c9tienne<\/strong>\u00a0(Epase), les travaux de renouvellement urbain <strong>du quartier Saint-Roch<\/strong> doivent permettre la mutation de 14 hectares. Depuis le mois de mars, une <strong>Op\u00e9ration programm\u00e9e d\u2019am\u00e9lioration de l\u2019habitat et de renouvellement urbain<\/strong> (OPAH-RU) est engag\u00e9e afin de r\u00e9nover 348 logements anciens, soit pr\u00e8s d\u2019un logement sur six dans le quartier. La cr\u00e9ation de nouveaux logements est aussi \u00e0 pr\u00e9voir, propos\u00e9s soit \u00e0 la location, soit \u00e0 l&rsquo;achat, suivant la demande. <\/p>\n<p>Une op\u00e9ration \u00e0 30 millions d&rsquo;euros pour r\u00e9organiser les espaces publics du quartier Saint-Roch et les logements <\/p>\n<p>L\u2019\u00e9tablissement public en charge des travaux pr\u00e9voit une intervention plus cons\u00e9quente sur huit immeubles identifi\u00e9s comme prioritaires. Deux b\u00e2timents situ\u00e9s rue Crozet-Fourneyron feront par ailleurs l\u2019objet de travaux de restauration. \u00c0 la cl\u00e9, <strong>la cr\u00e9ation de rez-de-jardin et de terrasses<\/strong> destin\u00e9s \u00e0 am\u00e9liorer le cadre de vie des habitants. Le projet est con\u00e7u avec Adhocarchi, une agence d\u2019architecture bas\u00e9e \u00e0 Saint-\u00c9tienne.<\/p>\n<p><strong>Quatre cent logements <\/strong>sont concern\u00e9s par ce projet, dont le montant global d\u00e9passe 30 millions d\u2019euros, financ\u00e9 avec la participation de l\u2019Epase, de l\u2019Agence nationale de la coh\u00e9sion des territoires (ANCT) et de la M\u00e9tropole. <strong>Yvan Astier<\/strong>, directeur de l\u2019Epase, \u00e9voque \u00ab\u00a020 millions d\u2019euros pour l\u2019immobilier et une dizaine de millions d\u2019euros pour le r\u00e9am\u00e9nagement de certaines places, comme la place Chapelon\u00a0\u00bb.<\/p>\n<p>La r\u00e9g\u00e9n\u00e9ration urbaine est au c\u0153ur du projet, avec <strong>la cr\u00e9ation de logements T3 et T4<\/strong> destin\u00e9s \u00e0 accueillir des familles.\u00a0Une r\u00e9organisation de l\u2019espace urbain, pens\u00e9e pour accueillir davantage de v\u00e9g\u00e9tation et une piste cyclable, doit insuffler une nouvelle dynamique au quartier.<\/p>\n<p>\u00ab\u00a0Redessiner les rez-de-chauss\u00e9s aujourd&rsquo;hui compos\u00e9s de fast-foods et <a href=\"https:\/\/mesinfos.fr\/42000-saint-etienne\/incivilites-a-saint-etienne-les-habitants-de-la-rue-durafour-en-perdent-le-sommeil-228417.html\" rel=\"noopener nofollow\" target=\"_blank\">ramener de la s\u00e9r\u00e9nit\u00e9 dans ce quartier<\/a> est notre mission\u00a0\u00bb, insiste R\u00e9gis Juanico, le maire de Saint-Etienne.<\/p>\n","protected":false},"excerpt":{"rendered":"Quatre cent logements sont concern\u00e9s par le projet de r\u00e9habilitation du quartier Saint-Roch. &#8211; \u00a9 Nahim Idir Port\u00e9s&hellip;\n","protected":false},"author":2,"featured_media":994516,"comment_status":"","ping_status":"","sticky":false,"template":"","format":"standard","meta":{"footnotes":"","_share_on_mastodon":"0"},"categories":[9653],"tags":[1111,11,8853,2430,1777,674,1011,27,12,25,4001,15880],"class_list":["post-994515","post","type-post","status-publish","format-standard","has-post-thumbnail","category-saint-etienne","tag-actu","tag-actualites","tag-amu00e9nagement","tag-auvergne-rhone-alpes","tag-eu","tag-europe","tag-fr","tag-france","tag-news","tag-republique-francaise","tag-saint-etienne","tag-ville-de-saint-etienne"],"share_on_mastodon":{"url":"","error":""},"_links":{"self":[{"href":"https:\/\/www.europesays.com\/fr\/wp-json\/wp\/v2\/posts\/994515","targetHints":{"allow":["GET"]}}],"collection":[{"href":"https:\/\/www.europesays.com\/fr\/wp-json\/wp\/v2\/posts"}],"about":[{"href":"https:\/\/www.europesays.com\/fr\/wp-json\/wp\/v2\/types\/post"}],"author":[{"embeddable":true,"href":"https:\/\/www.europesays.com\/fr\/wp-json\/wp\/v2\/users\/2"}],"replies":[{"embeddable":true,"href":"https:\/\/www.europesays.com\/fr\/wp-json\/wp\/v2\/comments?post=994515"}],"version-history":[{"count":0,"href":"https:\/\/www.europesays.com\/fr\/wp-json\/wp\/v2\/posts\/994515\/revisions"}],"wp:featuredmedia":[{"embeddable":true,"href":"https:\/\/www.europesays.com\/fr\/wp-json\/wp\/v2\/media\/994516"}],"wp:attachment":[{"href":"https:\/\/www.europesays.com\/fr\/wp-json\/wp\/v2\/media?parent=994515"}],"wp:term":[{"taxonomy":"category","embeddable":true,"href":"https:\/\/www.europesays.com\/fr\/wp-json\/wp\/v2\/categories?post=994515"},{"taxonomy":"post_tag","embeddable":true,"href":"https:\/\/www.europesays.com\/fr\/wp-json\/wp\/v2\/tags?post=994515"}],"curies":[{"name":"wp","href":"https:\/\/api.w.org\/{rel}","templated":true}]}}