{"id":99455,"date":"2025-05-14T13:31:11","date_gmt":"2025-05-14T13:31:11","guid":{"rendered":"https:\/\/www.europesays.com\/fr\/99455\/"},"modified":"2025-05-14T13:31:11","modified_gmt":"2025-05-14T13:31:11","slug":"saint-nicolas-de-port-la-ressourcerie-creative-investit-la-boutique-ephemere","status":"publish","type":"post","link":"https:\/\/www.europesays.com\/fr\/99455\/","title":{"rendered":"Saint-Nicolas-de-Port. La ressourcerie cr\u00e9ative investit la boutique \u00e9ph\u00e9m\u00e8re"},"content":{"rendered":"<p>Depuis lundi et pour une semaine, Isabelle, alias \u00ab\u00a0Minederien\u00a0\u00bb, et Marinette, les animatrices de l\u2019atelier de ressourcement cr\u00e9atif \u00e0 la MJC, se sont lanc\u00e9es dans une nouvelle aventure.<\/p>\n<p>Elles se sont install\u00e9es dans la boutique \u00e9ph\u00e9m\u00e8re situ\u00e9e au 56 rue Anatole-France, lou\u00e9e pour l\u2019occasion \u00e0 la communaut\u00e9 de communes.<\/p>\n<p>L\u2019objectif de cette initiative\u00a0: faire conna\u00eetre leur activit\u00e9&#8230;<\/p>\n","protected":false},"excerpt":{"rendered":"Depuis lundi et pour une semaine, Isabelle, alias \u00ab\u00a0Minederien\u00a0\u00bb, et Marinette, les animatrices de l\u2019atelier de ressourcement cr\u00e9atif&hellip;\n","protected":false},"author":2,"featured_media":99456,"comment_status":"","ping_status":"","sticky":false,"template":"","format":"standard","meta":{"footnotes":""},"categories":[9635],"tags":[1111,11,9652,1687,1704,1777,674,2271,1011,27,775,1702,12,25,9651],"class_list":{"0":"post-99455","1":"post","2":"type-post","3":"status-publish","4":"format-standard","5":"has-post-thumbnail","7":"category-nancy","8":"tag-actu","9":"tag-actualites","10":"tag-cc-des-pays-du-sel-et-du-vermois-54b","11":"tag-culture-loisirs","12":"tag-edition-nancy-et-agglomeration","13":"tag-eu","14":"tag-europe","15":"tag-exposition-arts-plastiques","16":"tag-fr","17":"tag-france","18":"tag-grand-est","19":"tag-nancy","20":"tag-news","21":"tag-republique-francaise","22":"tag-saint-nicolas-de-port"},"share_on_mastodon":{"url":"https:\/\/pubeurope.com\/@fr\/114506438050255327","error":""},"_links":{"self":[{"href":"https:\/\/www.europesays.com\/fr\/wp-json\/wp\/v2\/posts\/99455","targetHints":{"allow":["GET"]}}],"collection":[{"href":"https:\/\/www.europesays.com\/fr\/wp-json\/wp\/v2\/posts"}],"about":[{"href":"https:\/\/www.europesays.com\/fr\/wp-json\/wp\/v2\/types\/post"}],"author":[{"embeddable":true,"href":"https:\/\/www.europesays.com\/fr\/wp-json\/wp\/v2\/users\/2"}],"replies":[{"embeddable":true,"href":"https:\/\/www.europesays.com\/fr\/wp-json\/wp\/v2\/comments?post=99455"}],"version-history":[{"count":0,"href":"https:\/\/www.europesays.com\/fr\/wp-json\/wp\/v2\/posts\/99455\/revisions"}],"wp:featuredmedia":[{"embeddable":true,"href":"https:\/\/www.europesays.com\/fr\/wp-json\/wp\/v2\/media\/99456"}],"wp:attachment":[{"href":"https:\/\/www.europesays.com\/fr\/wp-json\/wp\/v2\/media?parent=99455"}],"wp:term":[{"taxonomy":"category","embeddable":true,"href":"https:\/\/www.europesays.com\/fr\/wp-json\/wp\/v2\/categories?post=99455"},{"taxonomy":"post_tag","embeddable":true,"href":"https:\/\/www.europesays.com\/fr\/wp-json\/wp\/v2\/tags?post=99455"}],"curies":[{"name":"wp","href":"https:\/\/api.w.org\/{rel}","templated":true}]}}