{"id":994559,"date":"2026-06-12T05:34:14","date_gmt":"2026-06-12T05:34:14","guid":{"rendered":"https:\/\/www.europesays.com\/fr\/994559\/"},"modified":"2026-06-12T05:34:14","modified_gmt":"2026-06-12T05:34:14","slug":"une-experience-de-fou-a-marseille-le-service-civique-charme-de-plus-en-plus-de-jeunes","status":"publish","type":"post","link":"https:\/\/www.europesays.com\/fr\/994559\/","title":{"rendered":"\u00ab\u00a0Une exp\u00e9rience de fou\u00a0\u00bb\u00a0: \u00e0 Marseille, le service civique charme de plus en plus de jeunes"},"content":{"rendered":"<p>Sur la terrasse encercl\u00e9e de guirlandes lumineuses, Thibault s\u2019affaire au jardinage avec Rachid, un r\u00e9sident de l\u2019Arche. Cette association du 13e arrondissement de Marseille accompagne des personnes en situation de <a href=\"https:\/\/www.laprovence.com\/article\/region\/1467708502667\/des-familles-denoncent-des-maltraitances-lors-d-une-manifestation-devant-le-mas-saint-pierre-a-arles\" target=\"_blank\" rel=\"nofollow noopener\">handicap mental<\/a> et psychique. \u00c0 26\u00a0ans, Thibault est aujourd\u2019hui en alternance mais il a commenc\u00e9 son exp\u00e9rience au sein de l\u2019association gr\u00e2ce \u00e0 un <a href=\"https:\/\/www.laprovence.com\/article\/france-monde\/7988413043477214\/quinze-ans-apres-sa-creation-le-service-civique-continue-de-faire-des-adeptes\" target=\"_blank\" rel=\"nofollow noopener\">service civique<\/a>. C\u2019est loin d\u2019\u00eatre le seul\u00a0: en\u00a02024, 150\u00a0000 jeunes s\u2019\u00e9taient engag\u00e9s. Lanc\u00e9 en\u00a02010, ce dispositif permet \u00e0 chaque personne de 16 \u00e0 25\u00a0ans de r\u00e9aliser une mission sans condition de dipl\u00f4me, avec quelques centaines d\u2019euros d\u2019indemnisation. \u00ab\u00a0J\u2019avais envie de plus d\u00e9couvrir le milieu de l\u2019<a href=\"https:\/\/www.laprovence.com\/article\/societe\/29842203633308\/ecole-inclusive-l-encourageante-experience-des-premiers-pas\" target=\"_blank\" rel=\"nofollow noopener\">\u00e9ducation sp\u00e9cialis\u00e9e<\/a>. C\u2019est vraiment bien de pouvoir s\u2019ins\u00e9rer avec un service civique avant d\u2019entamer une formation.\u00a0\u00bb, explique le jeune homme.<\/p>\n<p>\u00ab\u00a0Tu es d\u00e9tach\u00e9 du r\u00e9sultat, c\u2019est que du kif\u00a0\u00bb<\/p>\n<p>Les missions \u00e9taient libres, le plus important \u00e9tait \u00ab\u00a0la mise en relation\u00a0\u00bb. \u00ab\u00a0Tu es d\u00e9tach\u00e9 du r\u00e9sultat, c\u2019est que du kif\u00a0!\u00a0\u00bb, raconte-t-il le sourire aux l\u00e8vres. Il aide \u00e0 l\u2019organisation de soir\u00e9es \u00e0 th\u00e8me pour les r\u00e9sidents, s\u2019occupe de certaines activit\u00e9s et d\u00e9veloppe les ateliers cr\u00e9atifs. \u00ab\u00a0J\u2019avais l\u2019impression de red\u00e9couvrir la vraie&#8230;<\/p>\n","protected":false},"excerpt":{"rendered":"Sur la terrasse encercl\u00e9e de guirlandes lumineuses, Thibault s\u2019affaire au jardinage avec Rachid, un r\u00e9sident de l\u2019Arche. Cette&hellip;\n","protected":false},"author":2,"featured_media":994560,"comment_status":"","ping_status":"","sticky":false,"template":"","format":"standard","meta":{"footnotes":"","_share_on_mastodon":"0"},"categories":[2814],"tags":[5734,1111,11,46076,73890,1777,674,6383,28040,1011,27,884,12,882,25,3737,104,96],"class_list":["post-994559","post","type-post","status-publish","format-standard","has-post-thumbnail","category-marseille","tag-5734","tag-actu","tag-actualites","tag-charme","tag-civique","tag-eu","tag-europe","tag-experience","tag-fou","tag-fr","tag-france","tag-marseille","tag-news","tag-provence-alpes-cote-dazur","tag-republique-francaise","tag-service","tag-societe","tag-une"],"share_on_mastodon":{"url":"https:\/\/pubeurope.com\/@fr\/116735512860911344","error":""},"_links":{"self":[{"href":"https:\/\/www.europesays.com\/fr\/wp-json\/wp\/v2\/posts\/994559","targetHints":{"allow":["GET"]}}],"collection":[{"href":"https:\/\/www.europesays.com\/fr\/wp-json\/wp\/v2\/posts"}],"about":[{"href":"https:\/\/www.europesays.com\/fr\/wp-json\/wp\/v2\/types\/post"}],"author":[{"embeddable":true,"href":"https:\/\/www.europesays.com\/fr\/wp-json\/wp\/v2\/users\/2"}],"replies":[{"embeddable":true,"href":"https:\/\/www.europesays.com\/fr\/wp-json\/wp\/v2\/comments?post=994559"}],"version-history":[{"count":0,"href":"https:\/\/www.europesays.com\/fr\/wp-json\/wp\/v2\/posts\/994559\/revisions"}],"wp:featuredmedia":[{"embeddable":true,"href":"https:\/\/www.europesays.com\/fr\/wp-json\/wp\/v2\/media\/994560"}],"wp:attachment":[{"href":"https:\/\/www.europesays.com\/fr\/wp-json\/wp\/v2\/media?parent=994559"}],"wp:term":[{"taxonomy":"category","embeddable":true,"href":"https:\/\/www.europesays.com\/fr\/wp-json\/wp\/v2\/categories?post=994559"},{"taxonomy":"post_tag","embeddable":true,"href":"https:\/\/www.europesays.com\/fr\/wp-json\/wp\/v2\/tags?post=994559"}],"curies":[{"name":"wp","href":"https:\/\/api.w.org\/{rel}","templated":true}]}}