{"id":99457,"date":"2025-05-14T13:32:16","date_gmt":"2025-05-14T13:32:16","guid":{"rendered":"https:\/\/www.europesays.com\/fr\/99457\/"},"modified":"2025-05-14T13:32:16","modified_gmt":"2025-05-14T13:32:16","slug":"nancy-google-maps-naffiche-plus-les-bus-du-reseau-stan-voici-pourquoi","status":"publish","type":"post","link":"https:\/\/www.europesays.com\/fr\/99457\/","title":{"rendered":"Nancy. Google Maps n&rsquo;affiche plus les bus du r\u00e9seau Stan : voici pourquoi"},"content":{"rendered":"<p>            Par<br \/>\n        <strong><br \/>\n            <a href=\"https:\/\/actu.fr\/auteur\/pierre-emile-bouchy-actu-fr\" title=\"Consulter tous les articles de Paul-Emile Bouchy\" rel=\"nofollow noopener\" target=\"_blank\">Paul-Emile Bouchy<\/a><br \/>\n        <\/strong><\/p>\n<p>        Publi\u00e9 le<\/p>\n<p>            14 mai 2025 \u00e0 15h16        <\/p>\n<p>Si vous avez r\u00e9cemment recherch\u00e9 un trajet sur Google Maps \u00e0 Nancy, l\u2019application vous a sans doute propos\u00e9 de le faire \u00e0 pied et non en bus.<\/p>\n<p class=\" wall-content\">Depuis le d\u00e9but du mois de mai, les itin\u00e9raires en temps r\u00e9el des lignes du <a href=\"https:\/\/actu.fr\/tag\/reseau-stan\" rel=\"nofollow noopener\" target=\"_blank\">r\u00e9seau Stan<\/a> ne sont plus visibles. On a pos\u00e9 la question \u00e0 la M\u00e9tropole du <a href=\"https:\/\/actu.fr\/tag\/grand-nancy\" rel=\"nofollow noopener\" target=\"_blank\">Grand Nancy<\/a>.<\/p>\n<p>Le trolleybus et les bus du r\u00e9seau Stan absents sur Google Maps<\/p>\n<p class=\" wall-content\">\u00c9tudiants, habitants ou voyageurs de passage sont sans doute surpris de voir qu\u2019en cherchant \u00e0 rejoindre le <a href=\"https:\/\/actu.fr\/tag\/chru-de-nancy\" rel=\"nofollow noopener\" target=\"_blank\">CHRU de Nancy<\/a> depuis la <a href=\"https:\/\/actu.fr\/tag\/gare-de-nancy\" rel=\"nofollow noopener\" target=\"_blank\">gare de Nancy<\/a>, le seul itin\u00e9raire propos\u00e9 est la ligne 10, et non <a href=\"https:\/\/actu.fr\/grand-est\/nancy_54395\/nancy-des-premiers-voyageurs-seduits-par-le-nouveau-trolleybus-il-y-a-de-gros-progres-par-rapport-au-tram_62472483.html\" rel=\"nofollow noopener\" target=\"_blank\">le tout nouveau trolleybus<\/a>.<\/p>\n<p>      <img   decoding=\"async\" loading=\"lazy\" src=\"https:\/\/www.europesays.com\/fr\/wp-content\/uploads\/2025\/05\/google-maps-nancy-reseau-stan-960x640.jpg\" alt=\"Actuellement, Google Maps ne propose que la ligne 10 pour relier la gare de Nancy au CHRU, mais pas le trolleybus.\" width=\"960\" height=\"640\"\/><br \/>\n    Actuellement, Google Maps ne propose que la ligne 10 pour relier la gare de Nancy au CHRU, mais pas le trolleybus. (\u00a9Capture d\u2019\u00e9cran \/ Google Maps)\u00ab\u2009Un probl\u00e8me technique\u2009\u00bb selon le Grand Nancy<\/p>\n<p class=\" wall-content\">Contact\u00e9e, la M\u00e9tropole du Grand Nancy confirme<strong> \u00ab\u2009un probl\u00e8me technique\u2009\u00bb<\/strong> et \u00eatre \u00ab\u2009mobilis\u00e9e sur le sujet\u2009\u00bb.<\/p>\n<p>Vid\u00e9os : en ce moment sur Actu<\/p>\n<p class=\" wall-content\">\u00ab\u2009Avec l\u2019arriv\u00e9e du trolleybus, <strong>nous avons chang\u00e9 de syst\u00e8me d\u2019archivage \u00e9lectronique et il y a des ajustements qui doivent se faire, notamment celui-ci.<\/strong> Nous sommes en lien avec le fournisseur pour que cela fonctionne au plus vite\u2009\u00bb, pr\u00e9cise la collectivit\u00e9.<\/p>\n<p class=\" wall-content\">Les usagers du r\u00e9seau Stan peuvent toujours consulter le trafic en temps r\u00e9el sur l\u2019application STAN.<\/p>\n<p class=\" wall-content\">Suivez toute l\u2019actualit\u00e9 de vos villes et m\u00e9dias favoris en vous inscrivant \u00e0 <a href=\"https:\/\/moncompte.actu.fr\" title=\"D\u00e9couvez Mon Actu\" rel=\"nofollow noopener\" data-trk=\"{&quot;cta&quot;:{&quot;action&quot;:&quot;https:\\\/\\\/moncompte.actu.fr&quot;,&quot;category&quot;:&quot;mon compte&quot;,&quot;from&quot;:&quot;article footer&quot;,&quot;name&quot;:&quot;Mon actu&quot;,&quot;type&quot;:&quot;cta&quot;}}\" target=\"_blank\">Mon Actu<\/a>.<\/p>\n","protected":false},"excerpt":{"rendered":"Par Paul-Emile Bouchy Publi\u00e9 le 14 mai 2025 \u00e0 15h16 Si vous avez r\u00e9cemment recherch\u00e9 un trajet sur&hellip;\n","protected":false},"author":2,"featured_media":99458,"comment_status":"","ping_status":"","sticky":false,"template":"","format":"standard","meta":{"footnotes":""},"categories":[9635],"tags":[1111,11,1777,674,1011,27,323,775,1702,12,25,9849,104,2803],"class_list":{"0":"post-99457","1":"post","2":"type-post","3":"status-publish","4":"format-standard","5":"has-post-thumbnail","7":"category-nancy","8":"tag-actu","9":"tag-actualites","10":"tag-eu","11":"tag-europe","12":"tag-fr","13":"tag-france","14":"tag-google","15":"tag-grand-est","16":"tag-nancy","17":"tag-news","18":"tag-republique-francaise","19":"tag-reseau-stan","20":"tag-societe","21":"tag-transport"},"share_on_mastodon":{"url":"https:\/\/pubeurope.com\/@fr\/114506441932467271","error":""},"_links":{"self":[{"href":"https:\/\/www.europesays.com\/fr\/wp-json\/wp\/v2\/posts\/99457","targetHints":{"allow":["GET"]}}],"collection":[{"href":"https:\/\/www.europesays.com\/fr\/wp-json\/wp\/v2\/posts"}],"about":[{"href":"https:\/\/www.europesays.com\/fr\/wp-json\/wp\/v2\/types\/post"}],"author":[{"embeddable":true,"href":"https:\/\/www.europesays.com\/fr\/wp-json\/wp\/v2\/users\/2"}],"replies":[{"embeddable":true,"href":"https:\/\/www.europesays.com\/fr\/wp-json\/wp\/v2\/comments?post=99457"}],"version-history":[{"count":0,"href":"https:\/\/www.europesays.com\/fr\/wp-json\/wp\/v2\/posts\/99457\/revisions"}],"wp:featuredmedia":[{"embeddable":true,"href":"https:\/\/www.europesays.com\/fr\/wp-json\/wp\/v2\/media\/99458"}],"wp:attachment":[{"href":"https:\/\/www.europesays.com\/fr\/wp-json\/wp\/v2\/media?parent=99457"}],"wp:term":[{"taxonomy":"category","embeddable":true,"href":"https:\/\/www.europesays.com\/fr\/wp-json\/wp\/v2\/categories?post=99457"},{"taxonomy":"post_tag","embeddable":true,"href":"https:\/\/www.europesays.com\/fr\/wp-json\/wp\/v2\/tags?post=99457"}],"curies":[{"name":"wp","href":"https:\/\/api.w.org\/{rel}","templated":true}]}}