{"id":99459,"date":"2025-05-14T13:33:09","date_gmt":"2025-05-14T13:33:09","guid":{"rendered":"https:\/\/www.europesays.com\/fr\/99459\/"},"modified":"2025-05-14T13:33:09","modified_gmt":"2025-05-14T13:33:09","slug":"des-lyceens-de-la-seyne-vont-exposer-leur-chef-doeuvre-a-rome","status":"publish","type":"post","link":"https:\/\/www.europesays.com\/fr\/99459\/","title":{"rendered":"Des lyc\u00e9ens de La Seyne vont exposer leur \u00ab\u00a0chef-d\u2019\u0153uvre\u00a0\u00bb \u00e0 Rome"},"content":{"rendered":"<p>Situ\u00e9e dans le centre historique de la capitale italienne, class\u00e9e au patrimoine mondial de l&rsquo;Unesco, la Villa M\u00e9dicis h\u00e9berge l\u2019Acad\u00e9mie de France \u00e0 Rome. Celle-ci accueille, chaque ann\u00e9e, les laur\u00e9ats d\u2019un prix destin\u00e9 \u00e0 encourager la cr\u00e9ation artistique.<\/p>\n<p>C\u2019est dans ce palais historique du XVIe si\u00e8cle que des \u00e9l\u00e8ves du lyc\u00e9e Langevin vont avoir l\u2019honneur de pr\u00e9senter un ouvrage d\u2019art sur lequel ils ont travaill\u00e9 depuis le mois de septembre. Et ce, dans le cadre du programme p\u00e9dagogique \u00ab\u00a0R\u00e9sidence Pro\u00a0\u00bb qui vise \u00e0 valoriser les fili\u00e8res professionnelles.<\/p>\n<p>Dix lyc\u00e9es de la r\u00e9gion y participent, dont un seul dans le Var, celui de La Seyne. Le projet consistait \u00e0 concevoir et r\u00e9aliser \u00ab\u00a0un chef-d\u2019\u0153uvre collectif en classe, en r\u00e9f\u00e9rence \u00e0 la culture romaine, sur le th\u00e8me: \u2018\u2018Ecologie et m\u00e9tiers &#8211; production d&rsquo;\u0153uvres d&rsquo;arts\u2019\u2019\u00a0\u00bb.<\/p>\n<p><strong>Le si\u00e8ge des empereurs romains<\/strong><\/p>\n<p>\u00ab\u00a0On a mont\u00e9 un dossier pour pr\u00e9senter la candidature de nos \u00e9l\u00e8ves en Brevet des m\u00e9tiers d\u2019art\u00a0\u00bb, expliquent les enseignants Virginie Carr\u00e9 (professeur d\u2019arts appliqu\u00e9s et de dessin), Philippe Castillo et Jason Galizzi (enseignants en ferronnerie d\u2019art). \u00ab\u00a0On a choisi de travailler sur la r\u00e9interpr\u00e9tation du si\u00e8ge curule qui, tout au long de l\u2019histoire du design, a \u00e9t\u00e9 revisit\u00e9 dans diff\u00e9rents styles.\u00a0\u00bb<\/p>\n<p>\u00ab\u00a0\u00c0 l\u2019origine, poursuit Virginie Carr\u00e9, ce si\u00e8ge est un symbole du pouvoir dans la Rome antique. C\u2019\u00e9tait celui des empereurs romains; leur tr\u00f4ne en quelque sorte. Les \u00e9l\u00e8ves ont vite adh\u00e9r\u00e9 au projet\u2026 enfin surtout \u00e0 l\u2019id\u00e9e d\u2019aller \u00e0 Rome! Mais ils se sont pleinement investis dans la r\u00e9alisation.\u00a0\u00bb<\/p>\n<p>D\u2019autant que l\u2019objet pr\u00e9sente une particularit\u00e9: \u00ab\u00a0On a choisi de ne pas l\u2019identifier au pouvoir, mais d\u2019en faire une pi\u00e8ce qui \u00e9voque le bonheur et la chance. D\u2019o\u00f9 le choix d\u2019un ornement en forme de tr\u00e8fle \u00e0 quatre feuilles sur le dossier\u00a0\u00bb.<\/p>\n<p><strong>Con\u00e7u pour \u00eatre d\u00e9mont\u00e9<\/strong><\/p>\n<p>\u00ab\u00a0Et comme le th\u00e8me inclut un volet d\u00e9veloppement durable, encha\u00eene Philippe Castillo, on a choisi, pour recouvrir l\u2019assise, de recycler un morceau de ce cuir tir\u00e9 d\u2019un vieux canap\u00e9.\u00a0\u00bb<\/p>\n<p>Toutefois, l\u2019\u00e9quipe a rencontr\u00e9 une difficult\u00e9. \u00ab\u00a0Quand on a annonc\u00e9 que notre si\u00e8ge allait peser pr\u00e8s de 50kg, les organisateurs nous ont dit qu\u2019on ne pourrait pas l\u2019apporter. On a d\u00fb n\u00e9gocier car, pour les \u00e9l\u00e8ves, c\u2019\u00e9tait important de ne pas pr\u00e9senter qu\u2019une maquette et des photos. Et on a trouv\u00e9 un compromis en proposant que le si\u00e8ge soit d\u00e9montable.\u00a0\u00bb<\/p>\n<p>L\u2019objet a donc \u00e9t\u00e9 con\u00e7u en sept parties, sans soudure. \u00ab\u00a0C\u2019est un assemblage avec rivets, liens mi-fer (embo\u00eetement de deux fers plats) et vis. On a fait plein d\u2019essais. Au final, on a quasiment con\u00e7u cinq ou six si\u00e8ges avant de parvenir \u00e0 la version finale, toujours en utilisant les techniques de forge \u00e0 chaud et au chalumeau\u00a0\u00bb.<\/p>\n<p><strong>\u00ab\u00a0La plus belle pi\u00e8ce r\u00e9alis\u00e9e au lyc\u00e9e cette ann\u00e9e!\u00a0\u00bb<\/strong><\/p>\n<p>Le si\u00e8ge, qui mesure 70cm de large pour un m\u00e8tre de haut, a \u00e9t\u00e9 termin\u00e9 la semaine derni\u00e8re. Pour les profs, c\u2019est assur\u00e9ment \u00ab\u00a0la plus belle pi\u00e8ce de l\u2019ann\u00e9e r\u00e9alis\u00e9e \u00e0 l\u2019atelier du lyc\u00e9e\u00a0\u00bb. Ne reste plus qu\u2019\u00e0 l\u2019acheminer \u00e0 Rome.<\/p>\n<p>Les lyc\u00e9ens et leurs professeurs prendront le bus dimanche soir pour la capitale italienne o\u00f9 ils resteront cinq jours. \u00ab\u00a0Tout est pris en charge par la R\u00e9gion et la Villa M\u00e9dicis, incluant des visites avec un guide\u00a0\u00bb, pr\u00e9cisent les enseignants.<\/p>\n<p>Durant le voyage, les \u00e9l\u00e8ves auront la charge de veiller sur les sept pr\u00e9cieux colis. Et tous esp\u00e8rent que leur travail s\u00e9duira le jury qui d\u00e9cernera un \u00ab\u00a0coup de c\u0153ur\u00a0\u00bb \u00e0 l\u2019un des dix objets pr\u00e9sent\u00e9s.<\/p>\n<p>            Des \u00e9l\u00e8ves heureux et fiers<\/p>\n<p>Cinq des dix \u00e9l\u00e8ves de BMA (Brevet des m\u00e9tiers d\u2019art) qui ont travaill\u00e9 sur cet ouvrage, ont accept\u00e9 de partager leurs impressions.<\/p>\n<p>Lilian: \u00ab\u00a0\u00c7a me pla\u00eet de voir cette cr\u00e9ation termin\u00e9e et de la pr\u00e9senter au public. C\u2019est une fiert\u00e9 de l\u2019exposer \u00e0 l\u2019\u00e9tranger; c\u2019est classe!\u00a0\u00bb.<\/p>\n<p>Th\u00e9o: \u00ab\u00a0J\u2019ai trouv\u00e9 ce projet tr\u00e8s int\u00e9ressant. J\u2019aime beaucoup le r\u00e9sultat et je crois qu\u2019on a un peu m\u00e9rit\u00e9 ce voyage pour aller le pr\u00e9senter en Italie\u00a0\u00bb.<\/p>\n<p>Melvyn: \u00ab\u00a0Ce travail m\u2019a permis d\u2019apprendre de nouvelles techniques (notamment comment faire des volutes sur de grandes sections). Et j\u2019appr\u00e9cie d\u2019avoir la chance de partir \u00e0 Rome\u00a0\u00bb.<\/p>\n<p>Noa: \u00ab\u00a0Ce si\u00e8ge est vraiment cool. Je suis content et fier de ce projet. C\u2019\u00e9tait bien de travailler tous ensemble et de partager nos id\u00e9es dans une bonne ambiance\u00a0\u00bb.<\/p>\n<p>Aaron: \u00ab\u00a0On a beaucoup travaill\u00e9, et c\u2019\u00e9tait int\u00e9ressant. Je ne suis pas d\u00e9\u00e7u par le r\u00e9sultat; j\u2019aime beaucoup l\u2019aspect final du si\u00e8ge et \u00e7a me rend fier d\u2019y avoir contribu\u00e9\u00a0\u00bb. <\/p>\n","protected":false},"excerpt":{"rendered":"Situ\u00e9e dans le centre historique de la capitale italienne, class\u00e9e au patrimoine mondial de l&rsquo;Unesco, la Villa M\u00e9dicis&hellip;\n","protected":false},"author":2,"featured_media":99460,"comment_status":"","ping_status":"","sticky":false,"template":"","format":"standard","meta":{"footnotes":""},"categories":[9619],"tags":[1111,11,1777,674,1011,27,12,882,25,2310,3366],"class_list":{"0":"post-99459","1":"post","2":"type-post","3":"status-publish","4":"format-standard","5":"has-post-thumbnail","7":"category-toulon","8":"tag-actu","9":"tag-actualites","10":"tag-eu","11":"tag-europe","12":"tag-fr","13":"tag-france","14":"tag-news","15":"tag-provence-alpes-cote-dazur","16":"tag-republique-francaise","17":"tag-toulon","18":"tag-vie-locale"},"share_on_mastodon":{"url":"https:\/\/pubeurope.com\/@fr\/114506445886253295","error":""},"_links":{"self":[{"href":"https:\/\/www.europesays.com\/fr\/wp-json\/wp\/v2\/posts\/99459","targetHints":{"allow":["GET"]}}],"collection":[{"href":"https:\/\/www.europesays.com\/fr\/wp-json\/wp\/v2\/posts"}],"about":[{"href":"https:\/\/www.europesays.com\/fr\/wp-json\/wp\/v2\/types\/post"}],"author":[{"embeddable":true,"href":"https:\/\/www.europesays.com\/fr\/wp-json\/wp\/v2\/users\/2"}],"replies":[{"embeddable":true,"href":"https:\/\/www.europesays.com\/fr\/wp-json\/wp\/v2\/comments?post=99459"}],"version-history":[{"count":0,"href":"https:\/\/www.europesays.com\/fr\/wp-json\/wp\/v2\/posts\/99459\/revisions"}],"wp:featuredmedia":[{"embeddable":true,"href":"https:\/\/www.europesays.com\/fr\/wp-json\/wp\/v2\/media\/99460"}],"wp:attachment":[{"href":"https:\/\/www.europesays.com\/fr\/wp-json\/wp\/v2\/media?parent=99459"}],"wp:term":[{"taxonomy":"category","embeddable":true,"href":"https:\/\/www.europesays.com\/fr\/wp-json\/wp\/v2\/categories?post=99459"},{"taxonomy":"post_tag","embeddable":true,"href":"https:\/\/www.europesays.com\/fr\/wp-json\/wp\/v2\/tags?post=99459"}],"curies":[{"name":"wp","href":"https:\/\/api.w.org\/{rel}","templated":true}]}}