{"id":99472,"date":"2025-05-14T13:42:13","date_gmt":"2025-05-14T13:42:13","guid":{"rendered":"https:\/\/www.europesays.com\/fr\/99472\/"},"modified":"2025-05-14T13:42:13","modified_gmt":"2025-05-14T13:42:13","slug":"ouest-france-recherche-un-correspondant-de-presse-a-saulnieres","status":"publish","type":"post","link":"https:\/\/www.europesays.com\/fr\/99472\/","title":{"rendered":"Ouest-France recherche un correspondant de presse \u00e0 Saulni\u00e8res"},"content":{"rendered":"<p>Vous aimez \u00e9crire, la vie locale, la photo\u00a0? Le journal Ouest-France recherche un correspondant de presse pour couvrir l\u2019actualit\u00e9 locale de <a href=\"https:\/\/rennes.maville.com\/bretagne\/ille-et-vilaine\/saulnieres\/\" target=\"_self\" rel=\"noopener\">Saulni\u00e8res<\/a> (Ille-et-Vilaine). Si l\u2019actualit\u00e9 de cette commune vous int\u00e9resse, que vous souhaitez \u00eatre en contact avec ses diff\u00e9rents acteurs, \u00e9crivez-nous\u00a0!<\/p>\n<p>Les correspondants sont en lien avec la r\u00e9daction de Rennes et le reporter d\u2019\u00e9dition du secteur, sur des sujets locaux vari\u00e9s\u00a0: commerce, \u00e9conomie, sports, monde associatif, culture\u2026 T\u00e9moin privil\u00e9gi\u00e9 de la vie locale, le correspondant local de presse relate chaque jour l\u2019actualit\u00e9 des communes, des associations,\u00a0etc., dans les pages du journal et sur le site internet.<\/p>\n<p><strong>Lire aussi\u00a0:<\/strong> <a href=\"https:\/\/vitre.maville.com\/actu\/actudet_-portrait.-depuis-21-ans-eliane-herve-parcourt-vitre-et-son-pays-comme-correspondante-de-presse-_7-6020974_actu.Htm?utm_source=troove&amp;utm_medium=site\" target=\"_self\" rel=\"noopener\">PORTRAIT. Depuis 21\u00a0ans, \u00c9liane Herv\u00e9 parcourt Vitr\u00e9 et son pays comme correspondante de presse<\/a><\/p>\n<p>Tous les profils<\/p>\n<p>La correspondance peut convenir \u00e0 toute personne, salari\u00e9e, retrait\u00e9e, \u00e9tudiante ou sans emploi, int\u00e9ress\u00e9e par la vie de sa commune, l\u2019\u00e9criture et la photo. Il faut \u00eatre majeur, mobile et disponible. Il s\u2019agit d\u2019une activit\u00e9 ind\u00e9pendante, r\u00e9mun\u00e9r\u00e9e, mais non salari\u00e9e. Elle fait l\u2019objet d\u2019une indemnisation pour les articles et photos publi\u00e9s.<\/p>\n<p><strong>Lire aussi\u00a0:<\/strong> <a href=\"https:\/\/rennes.maville.com\/actu\/actudet_-reportage.-dans-le-quotidien-d-un-correspondant-local-les-gens-nous-apprennent-des-choses-_7-5889234_actu.Htm\" target=\"_self\" rel=\"noopener\">REPORTAGE. Dans le quotidien d\u2019un correspondant local\u00a0: \u00ab\u00a0les gens nous apprennent des choses\u00a0\u00bb<\/a><\/p>\n<p>Si cette activit\u00e9 vous tente, n\u2019h\u00e9sitez pas \u00e0 nous contacter par courriel\u00a0: redaction.rennes@ouest-france.fr<\/p>\n<p>\u00a0<\/p>\n","protected":false},"excerpt":{"rendered":"Vous aimez \u00e9crire, la vie locale, la photo\u00a0? Le journal Ouest-France recherche un correspondant de presse pour couvrir&hellip;\n","protected":false},"author":2,"featured_media":99473,"comment_status":"","ping_status":"","sticky":false,"template":"","format":"standard","meta":{"footnotes":""},"categories":[2821],"tags":[1111,11,829,21388,1777,674,1011,27,12,7418,4048,959,584,25,21389],"class_list":{"0":"post-99472","1":"post","2":"type-post","3":"status-publish","4":"format-standard","5":"has-post-thumbnail","7":"category-rennes","8":"tag-actu","9":"tag-actualites","10":"tag-bretagne","11":"tag-correspondant","12":"tag-eu","13":"tag-europe","14":"tag-fr","15":"tag-france","16":"tag-news","17":"tag-ouest-france","18":"tag-presse","19":"tag-recherche","20":"tag-rennes","21":"tag-republique-francaise","22":"tag-saulnieres"},"share_on_mastodon":{"url":"https:\/\/pubeurope.com\/@fr\/114506481263323325","error":""},"_links":{"self":[{"href":"https:\/\/www.europesays.com\/fr\/wp-json\/wp\/v2\/posts\/99472","targetHints":{"allow":["GET"]}}],"collection":[{"href":"https:\/\/www.europesays.com\/fr\/wp-json\/wp\/v2\/posts"}],"about":[{"href":"https:\/\/www.europesays.com\/fr\/wp-json\/wp\/v2\/types\/post"}],"author":[{"embeddable":true,"href":"https:\/\/www.europesays.com\/fr\/wp-json\/wp\/v2\/users\/2"}],"replies":[{"embeddable":true,"href":"https:\/\/www.europesays.com\/fr\/wp-json\/wp\/v2\/comments?post=99472"}],"version-history":[{"count":0,"href":"https:\/\/www.europesays.com\/fr\/wp-json\/wp\/v2\/posts\/99472\/revisions"}],"wp:featuredmedia":[{"embeddable":true,"href":"https:\/\/www.europesays.com\/fr\/wp-json\/wp\/v2\/media\/99473"}],"wp:attachment":[{"href":"https:\/\/www.europesays.com\/fr\/wp-json\/wp\/v2\/media?parent=99472"}],"wp:term":[{"taxonomy":"category","embeddable":true,"href":"https:\/\/www.europesays.com\/fr\/wp-json\/wp\/v2\/categories?post=99472"},{"taxonomy":"post_tag","embeddable":true,"href":"https:\/\/www.europesays.com\/fr\/wp-json\/wp\/v2\/tags?post=99472"}],"curies":[{"name":"wp","href":"https:\/\/api.w.org\/{rel}","templated":true}]}}