{"id":99477,"date":"2025-05-14T13:45:16","date_gmt":"2025-05-14T13:45:16","guid":{"rendered":"https:\/\/www.europesays.com\/fr\/99477\/"},"modified":"2025-05-14T13:45:16","modified_gmt":"2025-05-14T13:45:16","slug":"strasbourg-toujours-interesse-par-matthis-abline-alsasports","status":"publish","type":"post","link":"https:\/\/www.europesays.com\/fr\/99477\/","title":{"rendered":"Strasbourg toujours int\u00e9ress\u00e9 par Matthis Abline \u2014 Alsa&rsquo;Sports"},"content":{"rendered":"<p><strong>L\u2019int\u00e9r\u00eat du Racing pour l\u2019attaquant nantais Matthis Abline, survenu en juin 2023 puis relanc\u00e9 l\u2019ann\u00e9e suivante sous Patrick Vieira, est toujours d\u2019actualit\u00e9 pour l\u2019\u00e9quipe de Liam Rosenior. <\/strong><\/p>\n<p>Le Racing Club de Strasbourg s\u2019int\u00e9resse \u00e0 Matthis Abline depuis deux ans, et avait commenc\u00e9 \u00e0 se manifester en juin 2023. Mais les discussions n\u2019avaient pas abouti puisque Strasbourg \u00e9tait dans l\u2019attente d\u2019un nouvel investisseur. Ce qui est devenu officiel le mois suivant, et qui n\u2019a pas calm\u00e9 les ardeurs du club sur l\u2019attaquant form\u00e9 \u00e0 Rennes. Patrick Vieira est arriv\u00e9 et \u00e0 l\u2019issue de sa premi\u00e8re \u2013 et finalement derni\u00e8re \u2013 saison au club en juin 2024, le champion du monde 1998 \u00e9mettait le souhait d\u2019avoir Matthis Abline dans es rangs. <\/p>\n<p>Un nouveau cycle a d\u00e9marr\u00e9 avec Liam Rosenior mais le suivi de l\u2019attaquant de 22 ans est toujours d\u2019actualit\u00e9, comme confirm\u00e9 par l\u2019\u00c9quipe. Surtout que Abline r\u00e9alise sa meilleure saison sur le plan statistique avec 8 buts et 2 passes d\u00e9cisives avec Nantes. Le joueur est li\u00e9 \u00e0 Nantes jusqu\u2019en juin 2028 et avait \u00e9t\u00e9 achet\u00e9 8 millions d\u2019euros \u00e0 Rennes l\u2019\u00e9t\u00e9 dernier. L\u2019int\u00e9r\u00eat de longue dur\u00e9e du Racing finira-t-il par aboutir ? <\/p>\n","protected":false},"excerpt":{"rendered":"L\u2019int\u00e9r\u00eat du Racing pour l\u2019attaquant nantais Matthis Abline, survenu en juin 2023 puis relanc\u00e9 l\u2019ann\u00e9e suivante sous Patrick&hellip;\n","protected":false},"author":2,"featured_media":99478,"comment_status":"","ping_status":"","sticky":false,"template":"","format":"standard","meta":{"footnotes":""},"categories":[2820],"tags":[1111,11,1777,674,63,1011,27,775,66,12,4448,25,640],"class_list":{"0":"post-99477","1":"post","2":"type-post","3":"status-publish","4":"format-standard","5":"has-post-thumbnail","7":"category-strasbourg","8":"tag-actu","9":"tag-actualites","10":"tag-eu","11":"tag-europe","12":"tag-football","13":"tag-fr","14":"tag-france","15":"tag-grand-est","16":"tag-ligue-1","17":"tag-news","18":"tag-rc-strasbourg","19":"tag-republique-francaise","20":"tag-strasbourg"},"share_on_mastodon":{"url":"https:\/\/pubeurope.com\/@fr\/114506493116339226","error":""},"_links":{"self":[{"href":"https:\/\/www.europesays.com\/fr\/wp-json\/wp\/v2\/posts\/99477","targetHints":{"allow":["GET"]}}],"collection":[{"href":"https:\/\/www.europesays.com\/fr\/wp-json\/wp\/v2\/posts"}],"about":[{"href":"https:\/\/www.europesays.com\/fr\/wp-json\/wp\/v2\/types\/post"}],"author":[{"embeddable":true,"href":"https:\/\/www.europesays.com\/fr\/wp-json\/wp\/v2\/users\/2"}],"replies":[{"embeddable":true,"href":"https:\/\/www.europesays.com\/fr\/wp-json\/wp\/v2\/comments?post=99477"}],"version-history":[{"count":0,"href":"https:\/\/www.europesays.com\/fr\/wp-json\/wp\/v2\/posts\/99477\/revisions"}],"wp:featuredmedia":[{"embeddable":true,"href":"https:\/\/www.europesays.com\/fr\/wp-json\/wp\/v2\/media\/99478"}],"wp:attachment":[{"href":"https:\/\/www.europesays.com\/fr\/wp-json\/wp\/v2\/media?parent=99477"}],"wp:term":[{"taxonomy":"category","embeddable":true,"href":"https:\/\/www.europesays.com\/fr\/wp-json\/wp\/v2\/categories?post=99477"},{"taxonomy":"post_tag","embeddable":true,"href":"https:\/\/www.europesays.com\/fr\/wp-json\/wp\/v2\/tags?post=99477"}],"curies":[{"name":"wp","href":"https:\/\/api.w.org\/{rel}","templated":true}]}}