{"id":99484,"date":"2025-05-14T13:49:08","date_gmt":"2025-05-14T13:49:08","guid":{"rendered":"https:\/\/www.europesays.com\/fr\/99484\/"},"modified":"2025-05-14T13:49:08","modified_gmt":"2025-05-14T13:49:08","slug":"les-policiers-municipaux-reclament-a-nouveau-le-port-dune-arme-letale","status":"publish","type":"post","link":"https:\/\/www.europesays.com\/fr\/99484\/","title":{"rendered":"les policiers municipaux r\u00e9clament \u00e0 nouveau le port d\u2019une arme l\u00e9tale"},"content":{"rendered":"<p>Si de plus en plus de villes s\u2019y mettent, la municipalit\u00e9 nantaise s\u2019y refuse. Le syndicat FO monte au cr\u00e9neau et annonce le d\u00e9p\u00f4t d\u2019un pr\u00e9avis de gr\u00e8ve dans sept jours.<\/p>\n<p class=\"fig-paragraph\">Tandis que de plus en plus de communes d\u00e9cident de doter leurs\u00a0<a href=\"http:\/\/www.lefigaro.fr\/actualite-france\/les-policiers-municipaux-des-vigies-du-quotidien-aux-pouvoirs-bientot-elargis-20250204\" target=\"_blank\" data-fig-type=\"Article\" rel=\"noopener\" data-gtm-custom-categorie=\"navigation\" data-gtm-custom-action=\"crossclick\" data-gtm-custom-label=\"Contextuel\" data-gtm-event=\"customEventSPE\" data-fig-domain=\"LEFIGARO\">policiers municipaux<\/a>\u00a0d\u2019armes l\u00e9tales, la ville de Nantes\u00a0<a href=\"http:\/\/www.lefigaro.fr\/nantes\/police-municipale-a-nantes-les-ecologistes-campent-sur-leur-dogme-anti-armes-20241115\" target=\"_blank\" data-fig-type=\"NewsFlash\" rel=\"noopener\" data-gtm-custom-categorie=\"navigation\" data-gtm-custom-action=\"crossclick\" data-gtm-custom-label=\"Contextuel\" data-gtm-event=\"customEventSPE\" data-fig-domain=\"LEFIGARO\">s\u2019y refuse toujours<\/a>. Et ce, malgr\u00e9 les demandes r\u00e9it\u00e9r\u00e9es de leurs agents, qui se sont retrouv\u00e9es ces derni\u00e8res semaines en premi\u00e8re ligne de faits divers. Dans un courrier envoy\u00e9 ce mercredi \u00e0 la maire, le syndicat majoritaire FO r\u00e9clame une \u00e9ni\u00e8me fois cet armement. Et annonce le d\u00e9p\u00f4t d\u2019un pr\u00e9avis de gr\u00e8ve le 21 mai.<\/p>\n<p class=\"fig-paragraph\">\u00ab\u00c0 Nantes, la police municipale fait face \u00e0 une nouvelle d\u00e9linquance, toujours plus violente et impr\u00e9visible tout comme dans d\u2019autres grandes villes, ce qui expose d\u2019autant plus les personnels\u00bb, alerte Force ouvri\u00e8re dans cette lettre d\u00e9voil\u00e9e par\u00a0<a href=\"https:\/\/www.ouest-france.fr\/societe\/police\/policiers-municipaux-de-plus-en-plus-exposes-a-nantes-il-devient-urgent-de-les-armer-aa0d2322-2feb-11f0-aef0-c85dacfe26a6\" target=\"_blank\" rel=\"noopener\" data-gtm-custom-categorie=\"navigation\" data-gtm-custom-action=\"crossclick\" data-gtm-custom-label=\"Contextuel\" data-gtm-event=\"customEventSPE\">Presse Oc\u00e9an<\/a>, que Le Figaro a pu consulter. Selon un sondage r\u00e9alis\u00e9 il y a un an en interne aupr\u00e8s des agents nantais, 98,6% d\u2019entre eux sont favorables \u00e0 un tel \u00e9quipement.<\/p>\n<p>Inqui\u00e9tude sur le terrain<\/p>\n<p class=\"fig-paragraph\">\u00abPlusieurs maires des communes limitrophes ou d\u2019autres villes comme\u00a0<a href=\"http:\/\/www.lefigaro.fr\/bordeaux\/le-maire-de-bordeaux-decide-d-armer-une-partie-de-sa-police-municipale-20241112\" target=\"_blank\" data-fig-type=\"NewsFlash\" rel=\"noopener\" data-gtm-custom-categorie=\"navigation\" data-gtm-custom-action=\"crossclick\" data-gtm-custom-label=\"Contextuel\" data-gtm-event=\"customEventSPE\" data-fig-domain=\"LEFIGARO\">Bordeaux<\/a> \u00a0ont d\u00e9j\u00e0 valid\u00e9 l\u2019armement l\u00e9tal pour leurs agents. On voit que la question de s\u00e9curit\u00e9 n\u2019est plus une question politique\u00bb, souligne la d\u00e9l\u00e9gu\u00e9e syndicale FO C\u00e9line P\u00e9r\u00e9marty. Actuellement, les policiers sont dot\u00e9s d\u2019un bouclier, d\u2019un casque individuel, d\u2019un pistolet \u00e0 impulsion \u00e9lectrique, d\u2019un b\u00e2ton t\u00e9lescopique et d\u2019une gazeuse. Mais pas d\u2019arme l\u00e9tale, les mettant en difficult\u00e9 lorsqu\u2019ils sont primo-intervenants. \u00abOn demande l\u2019armement en s\u2019appuyant sur des faits concrets et r\u00e9cents o\u00f9 nous sommes arriv\u00e9s en premier\u00bb, d\u00e9taille C\u00e9line P\u00e9r\u00e9marty. \u00c0 l\u2019instar de cette intervention initialement pr\u00e9vue pour nuisances, o\u00f9 les agents ont fait face \u00e0 un individu alcoolis\u00e9 muni d\u2019une lame de 30 centim\u00e8tres, dans un contexte de violences intrafamiliales. \u00abGr\u00e2ce \u00e0 leur sang-froid, ils ont pu se mettre en retrait et pr\u00e9venir la police nationale, intervenue en deuxi\u00e8me partie de l\u2019intervention. Que se serait-il pass\u00e9 si l\u2019individu \u00e9tait sorti, arme \u00e0 la main\u00a0?\u00bb\u00a0<\/p>\n<p class=\"fig-paragraph\">Cet \u00e9v\u00e9nement n\u2019est pas isol\u00e9. Lors de l\u2019attaque au couteau de\u00a0<a href=\"http:\/\/www.lefigaro.fr\/nantes\/attaque-au-couteau-a-nantes-au-lendemain-du-drame-des-interrogations-sur-le-profil-du-tueur-20250425\" target=\"_blank\" data-fig-type=\"NewsFlash\" rel=\"noopener\" data-gtm-custom-categorie=\"navigation\" data-gtm-custom-action=\"crossclick\" data-gtm-custom-label=\"Contextuel\" data-gtm-event=\"customEventSPE\" data-fig-domain=\"LEFIGARO\">Notre-Dame-de-Toutes-Aides<\/a>, les agents faisaient partie des premi\u00e8res forces \u00e0 intervenir sur place. Quelques jours plus tard, lorsqu\u2019un homme s\u2019est\u00a0<a href=\"http:\/\/www.lefigaro.fr\/nantes\/nantes-une-femme-blessee-secourue-le-corps-de-son-mari-decouvert-la-gorge-tranchee-20250429\" target=\"_blank\" data-fig-type=\"NewsFlash\" rel=\"noopener\" data-gtm-custom-categorie=\"navigation\" data-gtm-custom-action=\"crossclick\" data-gtm-custom-label=\"Contextuel\" data-gtm-event=\"customEventSPE\" data-fig-domain=\"LEFIGARO\">tranch\u00e9 la gorge<\/a>\u00a0apr\u00e8s avoir frapp\u00e9 sa femme dans le m\u00eame quartier Doulon-Botti\u00e8re, l\u2019unit\u00e9 m\u00e9tropolitaine des transports a \u00e9t\u00e9 la premi\u00e8re. Une fois la police nationale sur place, les agents n\u2019ont pas pu progresser dans la maison car ils n\u2019\u00e9taient pas \u00e9quip\u00e9s. Mardi soir, encore, une rixe impliquant une vingtaine d\u2019individus s\u2019est d\u00e9roul\u00e9e \u00e0 la crois\u00e9e des tramways, dans le centre de Nantes. \u00abUn individu a \u00e9t\u00e9 bless\u00e9 au cou et \u00e0 la main, puis s\u2019est saisi d\u2019une b\u00e9quille pour fracasser la t\u00eate de son agresseur. Des \u00e9quipages de pompiers ont pris en charge les bless\u00e9s mais les premiers sont les policiers municipaux\u00bb, constate C\u00e9line P\u00e9r\u00e9marty.<\/p>\n<blockquote class=\"fig-quote&#10;    \">\n<p class=\"fig-quote__text\">Sans un \u00e9quipement en cat\u00e9gorie b1, l\u2019int\u00e9grit\u00e9 physique des agents est mise en danger<\/p>\n<p>            Le syndicat FO de la police municipale de Nantes\n    <\/p><\/blockquote>\n<p class=\"fig-paragraph\">En intervenant, les m\u00eames questions reviennent en boucle dans la t\u00eate de ses coll\u00e8gues\u00a0: quel sc\u00e9nario va se d\u00e9rouler\u00a0? Est-ce que l\u2019individu va obtemp\u00e9rer\u00a0? Comment la personne va r\u00e9agir\u00a0? \u00abSans un \u00e9quipement en cat\u00e9gorie b1, l\u2019int\u00e9grit\u00e9 physique des agents est mise en danger\u00bb, r\u00e9sument dans un cri d\u2019alerte les policiers municipaux, contraints d\u2019ex\u00e9cuter des missions qui rel\u00e8vent finalement souvent du r\u00e9galien. \u00abOn ne fait pas que respecter des arr\u00eat\u00e9s du maire. On s\u2019appuie sur des articles du Code p\u00e9nal\u00bb, observe C\u00e9line P\u00e9r\u00e9marty. D\u2019ailleurs, \u00abcontrairement aux policiers nationaux, on ne m\u00e8ne pas d\u2019enqu\u00eate ni d\u2019auditions, mais pour le reste, on fait les m\u00eames missions sur le terrain\u00bb.\u00a0Sans les m\u00eames moyens de d\u00e9fense.<\/p>\n<p class=\"fig-paragraph\">En avril, dans le d\u00e9partement de Loire-Atlantique, la municipalit\u00e9 de\u00a0<a href=\"http:\/\/www.lefigaro.fr\/nantes\/contrairement-a-son-homologue-de-nantes-la-mairie-socialiste-de-saint-nazaire-va-armer-sa-police-municipale-20250405\" target=\"_blank\" data-fig-type=\"NewsFlash\" rel=\"noopener\" data-gtm-custom-categorie=\"navigation\" data-gtm-custom-action=\"crossclick\" data-gtm-custom-label=\"Contextuel\" data-gtm-event=\"customEventSPE\" data-fig-domain=\"LEFIGARO\">Saint-Nazaire<\/a>\u00a0a d\u00e9cid\u00e9 d\u2019armer ses policiers. \u00abEn conscience, je me dis qu\u2019il faut y aller, m\u00eame si cela ne me fait pas r\u00eaver\u00bb, a confi\u00e9 l\u2019\u00e9dile socialiste David Samzun \u00e0\u00a0<a href=\"https:\/\/www.ouest-france.fr\/pays-de-la-loire\/saint-nazaire-44600\/info-ouest-france-la-police-municipale-de-saint-nazaire-sera-equipee-darmes-letales-c619574a-0fd7-11f0-9328-e5f61e6be38b\" target=\"_blank\" rel=\"noopener\" data-gtm-custom-categorie=\"navigation\" data-gtm-custom-action=\"crossclick\" data-gtm-custom-label=\"Contextuel\" data-gtm-event=\"customEventSPE\">Ouest France<\/a> . \u00c0 Nantes, la maire PS Johanna Rolland, alli\u00e9e des\u00a0<a href=\"http:\/\/www.lefigaro.fr\/nantes\/police-municipale-armee-nantes-otage-de-ses-elus-ecologistes-toujours-a-rebours-de-la-tendance-en-loire-atlantique-20250206\" target=\"_blank\" data-fig-type=\"NewsFlash\" rel=\"noopener\" data-gtm-custom-categorie=\"navigation\" data-gtm-custom-action=\"crossclick\" data-gtm-custom-label=\"Contextuel\" data-gtm-event=\"customEventSPE\" data-fig-domain=\"LEFIGARO\">\u00e9cologistes<\/a>, ne semble pas partager la m\u00eame position. \u00c0 moins que ce nouveau rendez-vous que r\u00e9clame FO, aupr\u00e8s de l\u2019\u00e9lu charg\u00e9 de la s\u00e9curit\u00e9, ne fasse bouger les lignes.\u00a0<a href=\"http:\/\/www.lefigaro.fr\/nantes\/a-nantes-les-policiers-municipaux-suspendent-leur-greve-apres-avoir-obtenu-des-avancees-20230915\" target=\"_blank\" data-fig-type=\"NewsFlash\" rel=\"noopener\" data-gtm-custom-categorie=\"navigation\" data-gtm-custom-action=\"crossclick\" data-gtm-custom-label=\"Contextuel\" data-gtm-event=\"customEventSPE\" data-fig-domain=\"LEFIGARO\">Cette fois<\/a>, le port d\u2019une arme de poing est l\u2019unique motif de revendication.<\/p>\n","protected":false},"excerpt":{"rendered":"Si de plus en plus de villes s\u2019y mettent, la municipalit\u00e9 nantaise s\u2019y refuse. Le syndicat FO monte&hellip;\n","protected":false},"author":2,"featured_media":99485,"comment_status":"","ping_status":"","sticky":false,"template":"","format":"standard","meta":{"footnotes":""},"categories":[2818],"tags":[1111,11,1777,674,462,1011,27,2640,2642,766,2638,2643,2637,2639,2646,2645,2641,2635,2644,2647,12,2636,2872,25],"class_list":{"0":"post-99484","1":"post","2":"type-post","3":"status-publish","4":"format-standard","5":"has-post-thumbnail","7":"category-nantes","8":"tag-actu","9":"tag-actualites","10":"tag-eu","11":"tag-europe","12":"tag-fc-nantes","13":"tag-fr","14":"tag-france","15":"tag-hauts-paves-saint-felix","16":"tag-ile-de-nantes","17":"tag-nantes","18":"tag-nantes-bellevue-chantenay-sainte-anne","19":"tag-nantes-breil-barberie","20":"tag-nantes-centre-ville","21":"tag-nantes-dervallieres-zola","22":"tag-nantes-doulon-bottiere","23":"tag-nantes-erdre","24":"tag-nantes-malakoff-saint-donatien","25":"tag-nantes-metropole","26":"tag-nantes-nord","27":"tag-nantes-sud","28":"tag-news","29":"tag-pays-de-la-loire","30":"tag-police-municipale","31":"tag-republique-francaise"},"share_on_mastodon":{"url":"https:\/\/pubeurope.com\/@fr\/114506508844068449","error":""},"_links":{"self":[{"href":"https:\/\/www.europesays.com\/fr\/wp-json\/wp\/v2\/posts\/99484","targetHints":{"allow":["GET"]}}],"collection":[{"href":"https:\/\/www.europesays.com\/fr\/wp-json\/wp\/v2\/posts"}],"about":[{"href":"https:\/\/www.europesays.com\/fr\/wp-json\/wp\/v2\/types\/post"}],"author":[{"embeddable":true,"href":"https:\/\/www.europesays.com\/fr\/wp-json\/wp\/v2\/users\/2"}],"replies":[{"embeddable":true,"href":"https:\/\/www.europesays.com\/fr\/wp-json\/wp\/v2\/comments?post=99484"}],"version-history":[{"count":0,"href":"https:\/\/www.europesays.com\/fr\/wp-json\/wp\/v2\/posts\/99484\/revisions"}],"wp:featuredmedia":[{"embeddable":true,"href":"https:\/\/www.europesays.com\/fr\/wp-json\/wp\/v2\/media\/99485"}],"wp:attachment":[{"href":"https:\/\/www.europesays.com\/fr\/wp-json\/wp\/v2\/media?parent=99484"}],"wp:term":[{"taxonomy":"category","embeddable":true,"href":"https:\/\/www.europesays.com\/fr\/wp-json\/wp\/v2\/categories?post=99484"},{"taxonomy":"post_tag","embeddable":true,"href":"https:\/\/www.europesays.com\/fr\/wp-json\/wp\/v2\/tags?post=99484"}],"curies":[{"name":"wp","href":"https:\/\/api.w.org\/{rel}","templated":true}]}}