{"id":99494,"date":"2025-05-14T13:54:09","date_gmt":"2025-05-14T13:54:09","guid":{"rendered":"https:\/\/www.europesays.com\/fr\/99494\/"},"modified":"2025-05-14T13:54:09","modified_gmt":"2025-05-14T13:54:09","slug":"info-va-lille-un-algerien-en-situation-irreguliere-soupconne-davoir-viole-une-femme-dans-un-parc","status":"publish","type":"post","link":"https:\/\/www.europesays.com\/fr\/99494\/","title":{"rendered":"[Info VA] Lille : un Alg\u00e9rien en situation irr\u00e9guli\u00e8re soup\u00e7onn\u00e9 d&rsquo;avoir viol\u00e9 une femme dans un parc"},"content":{"rendered":"<p data-pm-slice=\"0 0 []\">Le 14 mai, \u00e0 2h50, les forces de l\u2019ordre sont intervenues \u00e0 la suite de l\u2019appel d\u2019une femme affirmant avoir \u00e9t\u00e9 victime d\u2019un viol dans un parc \u00e0 Lille a appris Valeurs actuelles de source polici\u00e8re. Rapidement, les policiers ont localis\u00e9 un individu correspondant \u00e0 la description fournie. Celui-ci ne portait aucun document d\u2019identit\u00e9.<\/p>\n<p><a href=\"https:\/\/www.valeursactuelles.com\/faits-divers\/info-va-paris-un-homme-qui-tentait-dentrer-a-lelysee-interpelle\" class=\"h-flex h-align-items-center h-border-tb h-ptb-15\" rel=\"nofollow noopener\" target=\"_blank\">A\u00a0LIRE\u00a0[Info VA] Paris : un homme qui tentait d\u2019entrer \u00e0 l\u2019\u00c9lys\u00e9e interpell\u00e9<\/a><\/p>\n<p>La victime, \u00e2g\u00e9e de 36 ans et en \u00e9tat d\u2019ivresse au moment des faits, a reconnu formellement son agresseur pr\u00e9sum\u00e9. Les premi\u00e8res investigations ont \u00e9tabli que l\u2019homme est un ressortissant alg\u00e9rien en situation irr\u00e9guli\u00e8re sur le territoire fran\u00e7ais. Il \u00e9tait inconnu des fichiers du TAJ (Traitement des Ant\u00e9c\u00e9dents Judiciaires) ainsi que des services du Renseignement Territorial. L\u2019individu a \u00e9t\u00e9 interpell\u00e9 et plac\u00e9 en garde \u00e0 vue.<\/p>\n","protected":false},"excerpt":{"rendered":"Le 14 mai, \u00e0 2h50, les forces de l\u2019ordre sont intervenues \u00e0 la suite de l\u2019appel d\u2019une femme&hellip;\n","protected":false},"author":2,"featured_media":61655,"comment_status":"","ping_status":"","sticky":false,"template":"","format":"standard","meta":{"footnotes":""},"categories":[2815],"tags":[1111,11,4345,1777,674,1011,27,811,1307,12,1072,25,21390,1265],"class_list":{"0":"post-99494","1":"post","2":"type-post","3":"status-publish","4":"format-standard","5":"has-post-thumbnail","7":"category-lille","8":"tag-actu","9":"tag-actualites","10":"tag-algerien","11":"tag-eu","12":"tag-europe","13":"tag-fr","14":"tag-france","15":"tag-hauts-de-france","16":"tag-lille","17":"tag-news","18":"tag-police","19":"tag-republique-francaise","20":"tag-situation-irreguliere","21":"tag-viol"},"share_on_mastodon":{"url":"https:\/\/pubeurope.com\/@fr\/114506528412077343","error":""},"_links":{"self":[{"href":"https:\/\/www.europesays.com\/fr\/wp-json\/wp\/v2\/posts\/99494","targetHints":{"allow":["GET"]}}],"collection":[{"href":"https:\/\/www.europesays.com\/fr\/wp-json\/wp\/v2\/posts"}],"about":[{"href":"https:\/\/www.europesays.com\/fr\/wp-json\/wp\/v2\/types\/post"}],"author":[{"embeddable":true,"href":"https:\/\/www.europesays.com\/fr\/wp-json\/wp\/v2\/users\/2"}],"replies":[{"embeddable":true,"href":"https:\/\/www.europesays.com\/fr\/wp-json\/wp\/v2\/comments?post=99494"}],"version-history":[{"count":0,"href":"https:\/\/www.europesays.com\/fr\/wp-json\/wp\/v2\/posts\/99494\/revisions"}],"wp:featuredmedia":[{"embeddable":true,"href":"https:\/\/www.europesays.com\/fr\/wp-json\/wp\/v2\/media\/61655"}],"wp:attachment":[{"href":"https:\/\/www.europesays.com\/fr\/wp-json\/wp\/v2\/media?parent=99494"}],"wp:term":[{"taxonomy":"category","embeddable":true,"href":"https:\/\/www.europesays.com\/fr\/wp-json\/wp\/v2\/categories?post=99494"},{"taxonomy":"post_tag","embeddable":true,"href":"https:\/\/www.europesays.com\/fr\/wp-json\/wp\/v2\/tags?post=99494"}],"curies":[{"name":"wp","href":"https:\/\/api.w.org\/{rel}","templated":true}]}}