{"id":99497,"date":"2025-05-14T13:56:08","date_gmt":"2025-05-14T13:56:08","guid":{"rendered":"https:\/\/www.europesays.com\/fr\/99497\/"},"modified":"2025-05-14T13:56:08","modified_gmt":"2025-05-14T13:56:08","slug":"une-sensation-de-vide-les-drames-humains-derriere-les-chiffres-de-lescroquerie-immobiliere","status":"publish","type":"post","link":"https:\/\/www.europesays.com\/fr\/99497\/","title":{"rendered":"\u00ab\u00a0Une sensation de vide\u00a0\u00bb, les drames humains derri\u00e8re les chiffres de l&rsquo;escroquerie immobili\u00e8re"},"content":{"rendered":"<p>Apollonia ciblait m\u00e9decins, enseignants, chercheurs, pour leur profil s\u00e9duisant les banques et leurs capacit\u00e9s financi\u00e8res. Son fondateur, <a href=\"https:\/\/www.laprovence.com\/article\/faits-divers-justice\/1441208015321214\/affaire-apollonia-le-fondateur-jean-badache-est-comme-un-gourou-il-rentre-dans-votre-esprit\" target=\"_blank\" rel=\"nofollow noopener\">Jean Badache<\/a>, n\u2019avait sans doute pas pr\u00e9vu qu\u2019ils feraient aussi \u00e0 la barre d\u2019aussi implacables victimes, fournissant des t\u00e9moignages pr\u00e9cis, rigoureux, quasi scientifiques. Au 20e jour <a href=\"https:\/\/www.laprovence.com\/article\/faits-divers-justice\/1144787382917315\/video-proces-apollonia-lescroquerie-du-siecle-devant-la-justice-marseillaise\" target=\"_blank\" rel=\"nofollow noopener\">du proc\u00e8s de cette escroquerie immobili\u00e8re hors-norme<\/a>, ce sont les parties civiles qui ont d\u00e9fil\u00e9 devant les juges <a href=\"https:\/\/www.laprovence.com\/bouches-du-rhone\/marseille-13055\" target=\"_blank\" rel=\"nofollow noopener\">marseillais<\/a>. Huit d\u2019entre eux ont racont\u00e9 ce mardi 13\u00a0mai comment ils en \u00e9taient venus \u00e0 s\u2019endetter pour des montants sid\u00e9rants en signant avec Apollonia l\u2019acquisition de biens, principalement sous le statut LMP, <a href=\"https:\/\/www.laprovence.com\/article\/faits-divers-justice\/4426364414022714\/au-cia-de-la-societe-aixoise-apollonia-les-secretaires-fermaient-les-yeux-sur-les-dossiers-trafiques\" target=\"_blank\" rel=\"nofollow noopener\">pr\u00e9sent\u00e9 comme fiscalement ultra-avantageux<\/a>.<\/p>\n","protected":false},"excerpt":{"rendered":"Apollonia ciblait m\u00e9decins, enseignants, chercheurs, pour leur profil s\u00e9duisant les banques et leurs capacit\u00e9s financi\u00e8res. Son fondateur, Jean&hellip;\n","protected":false},"author":2,"featured_media":99498,"comment_status":"","ping_status":"","sticky":false,"template":"","format":"standard","meta":{"footnotes":""},"categories":[2814],"tags":[17,1111,11,13061,21391,21393,1777,674,274,1011,27,21392,151,884,12,2694,882,25],"class_list":{"0":"post-99497","1":"post","2":"type-post","3":"status-publish","4":"format-standard","5":"has-post-thumbnail","7":"category-marseille","8":"tag-17","9":"tag-actu","10":"tag-actualites","11":"tag-apollonia","12":"tag-descroquerie","13":"tag-drames","14":"tag-eu","15":"tag-europe","16":"tag-faits-divers-justice","17":"tag-fr","18":"tag-france","19":"tag-immobiliere","20":"tag-les","21":"tag-marseille","22":"tag-news","23":"tag-proces","24":"tag-provence-alpes-cote-dazur","25":"tag-republique-francaise"},"share_on_mastodon":{"url":"https:\/\/pubeurope.com\/@fr\/114506536333974979","error":""},"_links":{"self":[{"href":"https:\/\/www.europesays.com\/fr\/wp-json\/wp\/v2\/posts\/99497","targetHints":{"allow":["GET"]}}],"collection":[{"href":"https:\/\/www.europesays.com\/fr\/wp-json\/wp\/v2\/posts"}],"about":[{"href":"https:\/\/www.europesays.com\/fr\/wp-json\/wp\/v2\/types\/post"}],"author":[{"embeddable":true,"href":"https:\/\/www.europesays.com\/fr\/wp-json\/wp\/v2\/users\/2"}],"replies":[{"embeddable":true,"href":"https:\/\/www.europesays.com\/fr\/wp-json\/wp\/v2\/comments?post=99497"}],"version-history":[{"count":0,"href":"https:\/\/www.europesays.com\/fr\/wp-json\/wp\/v2\/posts\/99497\/revisions"}],"wp:featuredmedia":[{"embeddable":true,"href":"https:\/\/www.europesays.com\/fr\/wp-json\/wp\/v2\/media\/99498"}],"wp:attachment":[{"href":"https:\/\/www.europesays.com\/fr\/wp-json\/wp\/v2\/media?parent=99497"}],"wp:term":[{"taxonomy":"category","embeddable":true,"href":"https:\/\/www.europesays.com\/fr\/wp-json\/wp\/v2\/categories?post=99497"},{"taxonomy":"post_tag","embeddable":true,"href":"https:\/\/www.europesays.com\/fr\/wp-json\/wp\/v2\/tags?post=99497"}],"curies":[{"name":"wp","href":"https:\/\/api.w.org\/{rel}","templated":true}]}}