{"id":99499,"date":"2025-05-14T13:57:08","date_gmt":"2025-05-14T13:57:08","guid":{"rendered":"https:\/\/www.europesays.com\/fr\/99499\/"},"modified":"2025-05-14T13:57:08","modified_gmt":"2025-05-14T13:57:08","slug":"marseille-des-marins-pompiers-agresses-pres-dune-station-de-metro-une-enquete-ouverte","status":"publish","type":"post","link":"https:\/\/www.europesays.com\/fr\/99499\/","title":{"rendered":"Marseille. Des marins-pompiers agress\u00e9s pr\u00e8s d\u2019une station de m\u00e9tro, une enqu\u00eate ouverte"},"content":{"rendered":"<p>            Par<br \/>\n        <strong><br \/>\n            <a href=\"https:\/\/actu.fr\/auteur\/thibault-nadal-actu-fr\" title=\"Consulter tous les articles de Thibault Nadal\" rel=\"nofollow noopener\" target=\"_blank\">Thibault Nadal<\/a><br \/>\n        <\/strong><\/p>\n<p>        Publi\u00e9 le<\/p>\n<p>            14 mai 2025 \u00e0 15h34        <\/p>\n<p>Les circonstances sont encore \u00e0 \u00e9claircir. Mais ce mercredi 14\u00a0mai 2025, en marge d\u2019une intervention dans le 13e arrondissement de <a href=\"https:\/\/actu.fr\/marseille\/\" rel=\"nofollow noopener\" target=\"_blank\">Marseille<\/a>, <strong>huit marins-pompiers<\/strong> ont \u00e9t\u00e9 agress\u00e9s \u00ab\u2009verbalement et physiquement\u2009\u00bb, apprend actu Marseille aupr\u00e8s <a href=\"https:\/\/actu.fr\/tag\/marin-pompier\" rel=\"nofollow noopener\" target=\"_blank\">des marins-pompiers<\/a>.<\/p>\n<p>Les marins-pompiers souffrent de \u00ab\u2009contusions\u2009\u00bb<\/p>\n<p class=\" wall-content\">L\u2019agression est survenue non loin de la station Frais Vallon, alors que les marins-pompiers se rendaient avec deux \u00e9quipages sur une intervention.<\/p>\n<p class=\" wall-content\">Les marins-pompiers pr\u00e9cisent que les bless\u00e9s souffrent de \u00ab\u2009contusions\u2009\u00bb et non pas de blessures.<\/p>\n<p>Une plainte d\u00e9pos\u00e9e<\/p>\n<p class=\" wall-content\"><a href=\"https:\/\/actu.fr\/tag\/benoit-payan\" rel=\"nofollow noopener\" target=\"_blank\">Beno\u00eet Payan<\/a>, a condamn\u00e9 \u00ab\u2009avec fermet\u00e9\u2009\u00bb l\u2019agression subie par les marins-pompiers. \u00ab\u2009J\u2019apporte mon soutien total aux victimes et leur souhaite le plus prompt r\u00e9tablissement\u2009\u00bb, a \u00e9crit sur X, le maire de Marseille.<\/p>\n<p class=\" wall-content\">\n<p class=\" wall-content\">L\u2019\u00e9dile a indiqu\u00e9 qu\u2019un d\u00e9p\u00f4t de plainte avait \u00e9t\u00e9 d\u00e9pos\u00e9. \u00ab\u2009Les auteurs doivent \u00eatre sanctionn\u00e9s avec la plus grande s\u00e9v\u00e9rit\u00e9.\u2009\u00bb<\/p>\n<p>Vid\u00e9os : en ce moment sur Actu<\/p>\n<p class=\" wall-content\">Selon <a href=\"https:\/\/www.bfmtv.com\/marseille\/marseille-un-marin-pompier-agresse-lors-d-une-intervention-au-frais-vallon-une-plainte-deposee_AN-202505140488.html\" rel=\"nofollow noopener\" target=\"_blank\">BFM Marseille Provence<\/a>, un homme de 19\u00a0ans a \u00e9t\u00e9 interpell\u00e9 apr\u00e8s les faits.<\/p>\n<p class=\" wall-content\">Suivez toute l\u2019actualit\u00e9 de vos villes et m\u00e9dias favoris en vous inscrivant \u00e0 <a href=\"https:\/\/moncompte.actu.fr\" title=\"D\u00e9couvez Mon Actu\" rel=\"nofollow noopener\" data-trk=\"{&quot;cta&quot;:{&quot;action&quot;:&quot;https:\\\/\\\/moncompte.actu.fr&quot;,&quot;category&quot;:&quot;mon compte&quot;,&quot;from&quot;:&quot;article footer&quot;,&quot;name&quot;:&quot;Mon actu&quot;,&quot;type&quot;:&quot;cta&quot;}}\" target=\"_blank\">Mon Actu<\/a>.<\/p>\n<ul class=\"ac-article-tag wall-content\">\n<li><a href=\"https:\/\/actu.fr\/tag\/benoit-payan\" data-trk=\"{&quot;cta&quot;:{&quot;action&quot;:&quot;Beno\\u00eet Payan&quot;,&quot;category&quot;:&quot;tag&quot;,&quot;from&quot;:&quot;article footer&quot;,&quot;name&quot;:&quot;Beno\\u00eet Payan&quot;,&quot;type&quot;:&quot;cta&quot;}}\" rel=\"nofollow noopener\" target=\"_blank\">#Beno\u00eet Payan<\/a><\/li>\n<li><a href=\"https:\/\/actu.fr\/tag\/marin-pompier\" data-trk=\"{&quot;cta&quot;:{&quot;action&quot;:&quot;Marin Pompier&quot;,&quot;category&quot;:&quot;tag&quot;,&quot;from&quot;:&quot;article footer&quot;,&quot;name&quot;:&quot;Marin Pompier&quot;,&quot;type&quot;:&quot;cta&quot;}}\" rel=\"nofollow noopener\" target=\"_blank\">#Marin Pompier<\/a><\/li>\n<\/ul>\n","protected":false},"excerpt":{"rendered":"Par Thibault Nadal Publi\u00e9 le 14 mai 2025 \u00e0 15h34 Les circonstances sont encore \u00e0 \u00e9claircir. Mais ce&hellip;\n","protected":false},"author":2,"featured_media":99500,"comment_status":"","ping_status":"","sticky":false,"template":"","format":"standard","meta":{"footnotes":""},"categories":[2814],"tags":[1111,11,6469,1777,674,118,1011,27,17289,884,12,882,25],"class_list":{"0":"post-99499","1":"post","2":"type-post","3":"status-publish","4":"format-standard","5":"has-post-thumbnail","7":"category-marseille","8":"tag-actu","9":"tag-actualites","10":"tag-benoit-payan","11":"tag-eu","12":"tag-europe","13":"tag-faits-divers","14":"tag-fr","15":"tag-france","16":"tag-marin-pompier","17":"tag-marseille","18":"tag-news","19":"tag-provence-alpes-cote-dazur","20":"tag-republique-francaise"},"share_on_mastodon":{"url":"https:\/\/pubeurope.com\/@fr\/114506540302894484","error":""},"_links":{"self":[{"href":"https:\/\/www.europesays.com\/fr\/wp-json\/wp\/v2\/posts\/99499","targetHints":{"allow":["GET"]}}],"collection":[{"href":"https:\/\/www.europesays.com\/fr\/wp-json\/wp\/v2\/posts"}],"about":[{"href":"https:\/\/www.europesays.com\/fr\/wp-json\/wp\/v2\/types\/post"}],"author":[{"embeddable":true,"href":"https:\/\/www.europesays.com\/fr\/wp-json\/wp\/v2\/users\/2"}],"replies":[{"embeddable":true,"href":"https:\/\/www.europesays.com\/fr\/wp-json\/wp\/v2\/comments?post=99499"}],"version-history":[{"count":0,"href":"https:\/\/www.europesays.com\/fr\/wp-json\/wp\/v2\/posts\/99499\/revisions"}],"wp:featuredmedia":[{"embeddable":true,"href":"https:\/\/www.europesays.com\/fr\/wp-json\/wp\/v2\/media\/99500"}],"wp:attachment":[{"href":"https:\/\/www.europesays.com\/fr\/wp-json\/wp\/v2\/media?parent=99499"}],"wp:term":[{"taxonomy":"category","embeddable":true,"href":"https:\/\/www.europesays.com\/fr\/wp-json\/wp\/v2\/categories?post=99499"},{"taxonomy":"post_tag","embeddable":true,"href":"https:\/\/www.europesays.com\/fr\/wp-json\/wp\/v2\/tags?post=99499"}],"curies":[{"name":"wp","href":"https:\/\/api.w.org\/{rel}","templated":true}]}}