{"id":995416,"date":"2026-06-12T14:27:21","date_gmt":"2026-06-12T14:27:21","guid":{"rendered":"https:\/\/www.europesays.com\/fr\/995416\/"},"modified":"2026-06-12T14:27:21","modified_gmt":"2026-06-12T14:27:21","slug":"erreur-du-service-detat-civil-leur-fille-de-3-mois-est-consideree-sur-tous-ses-papiers-comme-un-garcon","status":"publish","type":"post","link":"https:\/\/www.europesays.com\/fr\/995416\/","title":{"rendered":"Erreur du service d\u2019\u00e9tat civil, leur fille de 3 mois est consid\u00e9r\u00e9e sur tous ses papiers comme un gar\u00e7on"},"content":{"rendered":"<p>Elle n\u2019a que trois mois\u00a0et la petite Romy est d\u00e9j\u00e0 confront\u00e9e \u00e0 des probl\u00e8mes administratifs. Elle a vu le jour le 26\u00a0f\u00e9vrier\u00a0\u00e0 la <a href=\"https:\/\/www.20minutes.fr\/dossier\/maternite\" class=\"c-link c-link--is-underlined\" rel=\"nofollow noopener\" target=\"_blank\">maternit\u00e9<\/a> de l\u2019h\u00f4pital Manchester de Charleville-M\u00e9zi\u00e8res (<a href=\"https:\/\/www.20minutes.fr\/dossier\/ardennes\" class=\"c-link c-link--is-underlined\" rel=\"nofollow noopener\" target=\"_blank\">Ardennes<\/a>). Apr\u00e8s avoir r\u00e9cup\u00e9r\u00e9 l\u2019acte de <a href=\"https:\/\/www.20minutes.fr\/dossier\/naissance\" class=\"c-link c-link--is-underlined\" rel=\"nofollow noopener\" target=\"_blank\">naissance<\/a> de leur fille, ses parents ont d\u00e9couvert qu\u2019il comportait une erreur, ont-ils racont\u00e9 \u00e0 <a href=\"https:\/\/france3-regions.franceinfo.fr\/grand-est\/ardennes\/charleville-mezieres\/l-etat-civil-se-trompe-sur-le-sexe-de-leur-bebe-j-en-ai-feuillete-des-actes-de-naissance-je-n-ai-jamais-vu-ca-3365539.html\" rel=\"nofollow noopener\" target=\"_blank\" class=\"c-link c-link--is-underlined\">France 3 Grand Est<\/a>.<\/p>\n<\/p>\n<p>\u00ab\u00a0Nous avons r\u00e9cup\u00e9r\u00e9 le document et, arriv\u00e9s \u00e0 la voiture, on se rend compte qu\u2019il y a une erreur\u00a0sur l\u2019acte de naissance\u00a0: c\u2019est \u00e9crit \u00ab\u00a0masculin\u00a0\u00bb au lieu de \u00ab\u00a0f\u00e9minin\u00a0\u00bb se souvient la jeune maman. On se dit que ce n\u2019est pas grave, qu\u2019on va aller le faire rectifier tout de suite.\u00a0\u00bb L\u2019erreur paraissait\u00a0facile \u00e0 corriger, et pourtant.\u00a0Les agents d\u2019<a href=\"https:\/\/www.20minutes.fr\/dossier\/etat_civil\" class=\"c-link c-link--is-underlined\" rel=\"nofollow noopener\" target=\"_blank\">\u00e9tat civil<\/a> ont expliqu\u00e9 \u00e0 la jeune femme que cela n\u2019\u00e9tait pas possible. En France, on\u00a0ne peut pas\u00a0modifier ce qui est \u00e9crit sur un registre de naissance.<\/p>\n<p>Des modifications aupr\u00e8s de chaque administration<\/p>\n<p>Une petite rectification a \u00e9t\u00e9 ajout\u00e9e en bas de page. Elle indique\u00a0: \u00ab\u00a0Rectifi\u00e9e par d\u00e9cision de l\u2019officier de l\u2019\u00e9tat civil de Charleville-M\u00e9zi\u00e8res (Ardennes), du 2\u00a0mars 2026, en ce sens que l\u2019int\u00e9ress\u00e9e est de sexe f\u00e9minin.\u00a0\u00bb Une correction que les parents pensaient suffisante. Pourtant, ils ont \u00e9t\u00e9 confront\u00e9s une nouvelle fois au probl\u00e8me lorsque le maire de leur commune est venu leur remettre en avril le livret de <a href=\"https:\/\/www.20minutes.fr\/dossier\/famille\" class=\"c-link c-link--is-underlined\" rel=\"nofollow noopener\" target=\"_blank\">famille<\/a>, o\u00f9 leur fillette est identifi\u00e9e comme \u00e9tant un gar\u00e7on. L\u2019enfant est \u00e9galement consid\u00e9r\u00e9e comme un gar\u00e7on par l\u2019Assurance maladie, qui lui a attribu\u00e9 un num\u00e9ro d\u00e9butant par 1.<\/p>\n<p>Apr\u00e8s un coup de <a href=\"https:\/\/www.20minutes.fr\/dossier\/telephone\" class=\"c-link c-link--is-underlined\" rel=\"nofollow noopener\" target=\"_blank\">t\u00e9l\u00e9phone<\/a>, la maman est all\u00e9e \u00e0 la mairie de Charleville-M\u00e9zi\u00e8res pour r\u00e9cup\u00e9rer des actes de naissance a priori corrig\u00e9s. Mais sur place, on lui a expliqu\u00e9 que \u00ab\u00a0cela ne pourra jamais \u00eatre modifi\u00e9\u00a0\u00bb. La maman est repartie avec un nouvel extrait de naissance mentionnant\u00a0: \u00ab\u00a0Romy est bien de sexe f\u00e9minin et est officiellement\u2026 le fils de Mathilde et Lo\u00efc.\u00a0\u00bb<\/p>\n<p>Depuis, les choses avancent. Un <a href=\"https:\/\/www.20minutes.fr\/economie\/litige\/\" class=\"c-link c-link--is-underlined\" rel=\"nofollow noopener\" target=\"_blank\">litige<\/a> va \u00eatre ouvert aupr\u00e8s de l\u2019Insee. L\u2019organisme g\u00e8re le r\u00e9pertoire national d\u2019identification des personnes physiques (RNIPP). Le premier adjoint au maire de Charleville-M\u00e9zi\u00e8res a t\u00e9moign\u00e9 son soutien aux parents et a pr\u00e9sent\u00e9 ses excuses. Il s\u2019est aussi engag\u00e9 \u00e0 faire \u00ab\u00a0la lumi\u00e8re sur ce qu\u2019il s\u2019est pass\u00e9\u00a0\u00bb. Reste aux parents \u00e0 devoir effectuer les d\u00e9marches de modification aupr\u00e8s de chaque administration.<\/p>\n","protected":false},"excerpt":{"rendered":"Elle n\u2019a que trois mois\u00a0et la petite Romy est d\u00e9j\u00e0 confront\u00e9e \u00e0 des probl\u00e8mes administratifs. Elle a vu&hellip;\n","protected":false},"author":2,"featured_media":995417,"comment_status":"","ping_status":"","sticky":false,"template":"","format":"standard","meta":{"footnotes":"","_share_on_mastodon":"0"},"categories":[2],"tags":[47,11,18506,65455,3493,25916,652,1011,27,775,198,12,25,104],"class_list":["post-995416","post","type-post","status-publish","format-standard","has-post-thumbnail","category-actualites","tag-actualite","tag-actualites","tag-administration","tag-ardennes","tag-bebe","tag-etat-civil","tag-famille","tag-fr","tag-france","tag-grand-est","tag-naissance","tag-news","tag-republique-francaise","tag-societe"],"share_on_mastodon":{"url":"https:\/\/pubeurope.com\/@fr\/116737608731485537","error":""},"_links":{"self":[{"href":"https:\/\/www.europesays.com\/fr\/wp-json\/wp\/v2\/posts\/995416","targetHints":{"allow":["GET"]}}],"collection":[{"href":"https:\/\/www.europesays.com\/fr\/wp-json\/wp\/v2\/posts"}],"about":[{"href":"https:\/\/www.europesays.com\/fr\/wp-json\/wp\/v2\/types\/post"}],"author":[{"embeddable":true,"href":"https:\/\/www.europesays.com\/fr\/wp-json\/wp\/v2\/users\/2"}],"replies":[{"embeddable":true,"href":"https:\/\/www.europesays.com\/fr\/wp-json\/wp\/v2\/comments?post=995416"}],"version-history":[{"count":0,"href":"https:\/\/www.europesays.com\/fr\/wp-json\/wp\/v2\/posts\/995416\/revisions"}],"wp:featuredmedia":[{"embeddable":true,"href":"https:\/\/www.europesays.com\/fr\/wp-json\/wp\/v2\/media\/995417"}],"wp:attachment":[{"href":"https:\/\/www.europesays.com\/fr\/wp-json\/wp\/v2\/media?parent=995416"}],"wp:term":[{"taxonomy":"category","embeddable":true,"href":"https:\/\/www.europesays.com\/fr\/wp-json\/wp\/v2\/categories?post=995416"},{"taxonomy":"post_tag","embeddable":true,"href":"https:\/\/www.europesays.com\/fr\/wp-json\/wp\/v2\/tags?post=995416"}],"curies":[{"name":"wp","href":"https:\/\/api.w.org\/{rel}","templated":true}]}}