{"id":99551,"date":"2025-05-14T14:26:23","date_gmt":"2025-05-14T14:26:23","guid":{"rendered":"https:\/\/www.europesays.com\/fr\/99551\/"},"modified":"2025-05-14T14:26:23","modified_gmt":"2025-05-14T14:26:23","slug":"la-tate-modern-fete-ses-25-ans-avec-laraignee-de-louise-bourgeois","status":"publish","type":"post","link":"https:\/\/www.europesays.com\/fr\/99551\/","title":{"rendered":"La Tate Modern f\u00eate ses 25 ans avec l&rsquo;araign\u00e9e de Louise Bourgeois"},"content":{"rendered":"<p class=\"editor-content__paragraph\">Une sculpture mythique a fait son grand retour <strong>dans le hall de la <a href=\"https:\/\/www.beauxarts.com\/lifestyle\/la-tate-modern-a-londres-ou-lart-nous-electrise\/\" target=\"_blank\" rel=\"noopener nofollow\">Tate Modern<\/a><\/strong> pour la premi\u00e8re fois depuis 25\u00a0ans\u00a0! C\u2019\u00e9tait en effet il y a un quart de si\u00e8cle, en mai 2000, pour l\u2019ouverture du c\u00e9l\u00e8bre mus\u00e9e d\u2019art moderne et contemporain londonien, que fut expos\u00e9 pour la premi\u00e8re fois <strong>l\u2019exemplaire original de <\/strong><a href=\"https:\/\/www.beauxarts.com\/grand-format\/maman-de-louise-bourgeois-un-monstre-de-tendresse\/\" target=\"_blank\" rel=\"noopener nofollow\"><strong>Maman<\/strong>, fameuse araign\u00e9e g\u00e9ante en acier inoxydable de l\u2019artiste Louise Bourgeois<\/a> (1911\u20132010). Pour <strong>f\u00eater les 25\u00a0ans de l\u2019institution<\/strong> install\u00e9e dans une ancienne centrale \u00e9lectrique, la sculpture monumentale s\u2019y est de nouveau faufil\u00e9e \u00e0 l\u2019occasion du grand week-end de festivit\u00e9s gratuit du samedi 9 \u00e0 ce lundi 12\u00a0mai, et pour annoncer une <strong>s\u00e9lection de 25 \u0153uvres embl\u00e9matiques<\/strong> de l\u2019histoire du mus\u00e9e.<\/p>\n<p class=\"editor-content__paragraph\">Comme en l\u2019an 2000\u00a0\u2013 o\u00f9 elle \u00e9tait la figure de proue d\u2019une exposition audacieuse o\u00f9 se t\u00e9lescopaient, entre autres, <a href=\"https:\/\/www.beauxarts.com\/grand-format\/claude-monet-en-2-minutes\/\" target=\"_blank\" rel=\"noopener nofollow\">Claude Monet<\/a> et Richard Long \u2013, l\u2019araign\u00e9e tr\u00f4ne dans <strong>le fameux Turbine Hall de la Tate Modern<\/strong>, qui au cours de l\u2019histoire du mus\u00e9e a accueilli de <strong>nombreuses installations l\u00e9gendaires<\/strong> comme 100\u00a0millions de graines de tournesol en porcelaine peintes \u00e0 la main d\u2019<a href=\"https:\/\/www.beauxarts.com\/grand-format\/ce-que-vous-ne-saviez-peut-etre-pas-sur-ai-weiwei\/\" target=\"_blank\" rel=\"noopener nofollow\">Ai Weiwei<\/a> (Sunflower Seeds, 2010\u20132011), une faille monumentale de Doris Salcedo (Shibboleth, 2007) et un Soleil flamboyant d\u2019Olafur Eliasson (The Weather Project, 2003).<\/p>\n<p>        \u00c0 lire aussi :<br \/>\n        <a class=\"renvoi-explicite__link\" href=\"https:\/\/www.beauxarts.com\/lifestyle\/la-tate-modern-a-londres-ou-lart-nous-electrise\/\" rel=\"nofollow noopener\" target=\"_blank\">La Tate Modern \u00e0 Londres, o\u00f9 l\u2019art nous \u00e9lectrise<\/a><\/p>\n<p>Une sculpture monumentale tr\u00e8s symbolique<\/p>\n<p>    <img loading=\"lazy\" decoding=\"async\" class=\"image__img\" src=\"https:\/\/www.europesays.com\/fr\/wp-content\/uploads\/2025\/05\/webinstallation-photography-louise-bourgeois-maman-tate-modern-2000.-photo-tate-photography.-964x123.jpeg\" alt=\"Louise Bourgeois, Maman\" width=\"964\" height=\"1232\"\/><\/p>\n<p>Louise Bourgeois, Maman, 1999<\/p>\n<p>    i<\/p>\n<p class=\"legende__cartel\">Acier et marbre \u2022 927,1 \u00d7 891,5 \u00d7 1023,6\u00a0cm \u2022 Coll. tate Modern, Londres \u2022 \u00a9 Tate Photography \/ \u00a9 Adagp, Paris 2025<\/p>\n<p class=\"editor-content__paragraph\">L\u2019araign\u00e9e g\u00e9ante n\u2019avait depuis fait qu\u2019une unique r\u00e9apparition dans le mus\u00e9e londonien, en d\u00e9ployant cette fois ses longues pattes \u00e0 l\u2019ext\u00e9rieur du b\u00e2timent, au bord de la Tamise, <strong>\u00e0 l\u2019occasion d\u2019une grande exposition Louise Bourgeois<\/strong> en 2007\u20132008. Command\u00e9 \u00e0 l\u2019artiste en 1999\u00a0et initialement en pr\u00eat \u00e0 long terme, cet <strong>exemplaire original<\/strong> d\u2019une s\u00e9rie de onze sculptures similaires (dont certaines en bronze, expos\u00e9es un peu partout dans le monde) a finalement \u00e9t\u00e9 <strong>achet\u00e9 par la Tate en janvier 2008<\/strong>.<\/p>\n<p class=\"editor-content__paragraph\">Du haut de ses dix m\u00e8tres, Maman impressionne avec ses <strong>longues pattes fines aux torsions \u00e9lectrisantes<\/strong> qui fonctionnent comme des arches sous lesquelles les visiteurs peuvent d\u00e9ambuler. Son corps, abritant un cocon de <strong>17 \u0153ufs en marbre<\/strong>, constitue le sommet de cette \u00e9trange cr\u00e9ature-architecture cr\u00e9\u00e9e <strong>en hommage \u00e0 la m\u00e8re de l\u2019artiste<\/strong>, qui \u00e9tait tisserande et mourut alors que Louise Bourgeois n\u2019avait que 21\u00a0ans. Une tension se d\u00e9gage de cette figure qui demeure l\u00e9g\u00e8rement inqui\u00e9tante, et ce malgr\u00e9 son sens protecteur et nourricier \u2013 une <strong>m\u00e8re cr\u00e9atrice<\/strong>, tissant le fil de la vie et de l\u2019art.<\/p>\n<p>        \u00c0 lire aussi :<br \/>\n        <a class=\"renvoi-explicite__link\" href=\"https:\/\/www.beauxarts.com\/grand-format\/maman-de-louise-bourgeois-un-monstre-de-tendresse\/\" rel=\"nofollow noopener\" target=\"_blank\">\u00ab Maman \u00bb de Louise Bourgeois, un monstre de tendresse<\/a><\/p>\n<p>25 \u0153uvres embl\u00e9matiques du mus\u00e9e londonien<\/p>\n<p class=\"editor-content__paragraph\">C\u2019est donc elle qui lance la trame du parcours anniversaire inaugur\u00e9 pour les 25\u00a0ans de la Tate Modern et se d\u00e9ployant dans tout le mus\u00e9e. Constitu\u00e9e de<strong> 25\u00a0des \u0153uvres les plus embl\u00e9matiques<\/strong> expos\u00e9es en ses murs, dont le T\u00e9l\u00e9phone Homard de <a href=\"https:\/\/www.beauxarts.com\/grand-format\/salvador-dali-en-3-minutes\/\" target=\"_blank\" rel=\"noopener nofollow\">Salvador Dal\u00ed<\/a>, l\u2019urinoir de <a href=\"https:\/\/www.beauxarts.com\/grand-format\/marcel-duchamp-en-trois-minutes\/\" target=\"_blank\" rel=\"noopener nofollow\">Marcel Duchamp<\/a> et Marilyn Diptych d\u2019<a href=\"https:\/\/www.beauxarts.com\/grand-format\/andy-warhol-en-2-minutes\/\" target=\"_blank\" rel=\"noopener nofollow\">Andy Warhol<\/a>, ainsi que des peintures de <a href=\"https:\/\/www.beauxarts.com\/grand-format\/joan-mitchell-en-2-minutes\/\" target=\"_blank\" rel=\"noopener nofollow\">Joan Mitchell<\/a> et <a href=\"https:\/\/www.beauxarts.com\/grand-format\/dorothea-tanning-en-2-minutes\/\" target=\"_blank\" rel=\"noopener nofollow\">Dorothea Tanning<\/a>, cette s\u00e9lection cherche \u00e0 \u00ab\u00a0montrer comment l\u2019art, et la Tate Modern, ont toujours <strong>repouss\u00e9 les limites et remis en question les normes\u00a0\u00bb<\/strong>, pr\u00e9cise Catherine Wood, directrice de la programmation du mus\u00e9e. Une institution qui depuis 25\u00a0ans invite le public \u00e0 \u00ab\u00a0voir le monde d\u2019un \u0153il nouveau\u00a0\u00bb.<\/p>\n<p>        \u00c0 lire aussi :<br \/>\n        <a class=\"renvoi-explicite__link\" href=\"https:\/\/www.beauxarts.com\/expos\/leigh-bowery-ou-lextravagance-comme-art-dans-une-expo-tres-queer-a-la-tate-modern\/\" rel=\"nofollow noopener\" target=\"_blank\">Leigh Bowery ou l\u2019extravagance comme art dans une expo tr\u00e8s queer \u00e0 la Tate Modern<\/a><\/p>\n<p>Ouvert tous les jours de 10h \u00e0 18h<\/p>\n<p class=\"annexe-content__infos\">Bankside \u2022 SE1 9TG<br \/><a href=\"http:\/\/www.tate.org.uk\" rel=\"nofollow noopener\" target=\"_blank\">www.tate.org.uk<\/a><\/p>\n","protected":false},"excerpt":{"rendered":"Une sculpture mythique a fait son grand retour dans le hall de la Tate Modern pour la premi\u00e8re&hellip;\n","protected":false},"author":2,"featured_media":99552,"comment_status":"","ping_status":"","sticky":false,"template":"","format":"standard","meta":{"footnotes":""},"categories":[1358],"tags":[1396,1348,1384,1385,1386,58,59,1011,27,21400],"class_list":{"0":"post-99551","1":"post","2":"type-post","3":"status-publish","4":"format-standard","5":"has-post-thumbnail","7":"category-arts-et-design","8":"tag-art-contemporain","9":"tag-arts","10":"tag-arts-and-design","11":"tag-arts-et-design","12":"tag-design","13":"tag-divertissement","14":"tag-entertainment","15":"tag-fr","16":"tag-france","17":"tag-tate-modern"},"share_on_mastodon":{"url":"https:\/\/pubeurope.com\/@fr\/114506654252504526","error":""},"_links":{"self":[{"href":"https:\/\/www.europesays.com\/fr\/wp-json\/wp\/v2\/posts\/99551","targetHints":{"allow":["GET"]}}],"collection":[{"href":"https:\/\/www.europesays.com\/fr\/wp-json\/wp\/v2\/posts"}],"about":[{"href":"https:\/\/www.europesays.com\/fr\/wp-json\/wp\/v2\/types\/post"}],"author":[{"embeddable":true,"href":"https:\/\/www.europesays.com\/fr\/wp-json\/wp\/v2\/users\/2"}],"replies":[{"embeddable":true,"href":"https:\/\/www.europesays.com\/fr\/wp-json\/wp\/v2\/comments?post=99551"}],"version-history":[{"count":0,"href":"https:\/\/www.europesays.com\/fr\/wp-json\/wp\/v2\/posts\/99551\/revisions"}],"wp:featuredmedia":[{"embeddable":true,"href":"https:\/\/www.europesays.com\/fr\/wp-json\/wp\/v2\/media\/99552"}],"wp:attachment":[{"href":"https:\/\/www.europesays.com\/fr\/wp-json\/wp\/v2\/media?parent=99551"}],"wp:term":[{"taxonomy":"category","embeddable":true,"href":"https:\/\/www.europesays.com\/fr\/wp-json\/wp\/v2\/categories?post=99551"},{"taxonomy":"post_tag","embeddable":true,"href":"https:\/\/www.europesays.com\/fr\/wp-json\/wp\/v2\/tags?post=99551"}],"curies":[{"name":"wp","href":"https:\/\/api.w.org\/{rel}","templated":true}]}}